{"id":9731,"date":"2024-08-27T16:23:59","date_gmt":"2024-08-27T14:23:59","guid":{"rendered":"https:\/\/chateau-miglos.fr\/wordpress-test\/?p=9731"},"modified":"2024-08-28T15:39:39","modified_gmt":"2024-08-28T13:39:39","slug":"journees-europeennes-du-patrimoine-2024","status":"publish","type":"post","link":"https:\/\/chateau-miglos.fr\/wordpress-test\/2024\/08\/27\/journees-europeennes-du-patrimoine-2024\/","title":{"rendered":"Journ\u00e9es Europ\u00e9ennes du Patrimoine 2024"},"content":{"rendered":"\n<h2 class=\"wp-block-heading\">Reconstitution de la vie m\u00e9di\u00e9vale avec des ateliers et des animations.<\/h2>\n\n\n\n<h3 class=\"wp-block-heading\">Samedi 21 et dimanche 22 septembre 2024 de 10h \u00e0 18h.<\/h3>\n\n\n\n<div class=\"wp-block-media-text is-stacked-on-mobile is-vertically-aligned-top\" style=\"grid-template-columns:35% auto\"><figure class=\"wp-block-media-text__media\"><a href=\"https:\/\/chateau-miglos.fr\/wordpress-test\/wp-content\/uploads\/2024\/08\/affiche-JEP-2024-Epee-de-gaston.png\" data-rel=\"lightbox-gallery-bqVU7cwt\" data-rl_title=\"affiche-JEP-2024-Epee-de-gaston\" data-rl_caption=\"\" title=\"affiche-JEP-2024-Epee-de-gaston\"><img loading=\"lazy\" decoding=\"async\" width=\"724\" height=\"1024\" src=\"https:\/\/chateau-miglos.fr\/wordpress-test\/wp-content\/uploads\/2024\/08\/affiche-JEP-2024-Epee-de-gaston.png\" alt=\"\" class=\"wp-image-9733 size-full\"\/><\/a><\/figure><div class=\"wp-block-media-text__content\">\n<p><strong>L&#8217;Association \u00ab L&#8217;\u00e9p\u00e9e de Gaston \u00bb, troupe m\u00e9di\u00e9vale de reconstitutions et d&#8217;animations, campe au ch\u00e2teau de Miglos lors des Journ\u00e9es europ\u00e9ennes du patrimoine. <\/strong><\/p>\n\n\n\n<p>La vie d&#8217;une seigneurie au XIVe si\u00e8cle, \u00e9poque de Gaston F\u00e9bus, sera reconstitu\u00e9e sur l&#8217;ensemble du site du Ch\u00e2teau de Miglos. <\/p>\n\n\n\n<p>Vous pourrez ainsi d\u00e9ambuler dans un v\u00e9ritable camp m\u00e9di\u00e9val constitu\u00e9 de six tentes, deux auvents, mat\u00e9riel de cuisine et d\u00e9corum. <\/p>\n\n\n\n<p>De multiples animations vous serons propos\u00e9es :<\/p>\n\n\n\n<ul>\n<li>Ateliers : jeux de plateau m\u00e9di\u00e9vaux, salle d\u2019armes (armure) et arme \u00e0 poudre,<\/li>\n\n\n\n<li>Initiation danses m\u00e9di\u00e9vales,<\/li>\n\n\n\n<li>D\u00e9monstration d\u2019un tir de trait \u00e0 poudre,<\/li>\n\n\n\n<li>D\u00e9monstrations de combats \u00e9p\u00e9e en armure et mailles,<\/li>\n\n\n\n<li>Initiation \u00e0 l\u2019escrime m\u00e9di\u00e9vale pour petits et grands,<\/li>\n\n\n\n<li>Explication de la vie d\u2019un chevalier du bas moyen \u00e2ge avec visite de tente,<\/li>\n\n\n\n<li>Vie de campement, pr\u00e9sentation de vaisselle m\u00e9di\u00e9vale (reproductions XIII et XIV si\u00e8cle).<\/li>\n<\/ul>\n\n\n\n<p>Informations :<strong> Gratuit. Sans r\u00e9servation.<\/strong><\/p>\n\n\n\n<p><strong><em>\u00c9v\u00e8nement organis\u00e9 par le Conseil D\u00e9partemental de l&#8217;Ari\u00e8ge<\/em><\/strong>.<\/p>\n\n\n<div class=\"wp-block-image\">\n<figure class=\"aligncenter size-large is-resized\"><img loading=\"lazy\" decoding=\"async\" width=\"1024\" height=\"563\" src=\"https:\/\/chateau-miglos.fr\/wordpress-test\/wp-content\/uploads\/2023\/07\/Logo-Ariege-Le-Departement-1024x563.png\" alt=\"\" class=\"wp-image-8839\" style=\"width:150px\"\/><\/figure><\/div>\n\n\n<p>Site de montagne &#8211; Pr\u00e9voir des chaussure adapt\u00e9es &#8211; Repr\u00e9sentation en plein air.<\/p>\n\n\n\n<p>T\u00e9l\u00e9phone : 07 88 62 44 34<\/p>\n\n\n\n<div class=\"wp-block-file\"><a id=\"wp-block-file--media-fa9bd264-ec02-42f5-b483-053df3ca0927\" href=\"https:\/\/chateau-miglos.fr\/wordpress-test\/wp-content\/uploads\/2024\/08\/A3-JEP2024-Epee-de-gaston.pdf\"><strong>JEP2024-Epee-de-gaston<\/strong><\/a><a href=\"https:\/\/chateau-miglos.fr\/wordpress-test\/wp-content\/uploads\/2024\/08\/A3-JEP2024-Epee-de-gaston.pdf\" class=\"wp-block-file__button wp-element-button\" download aria-describedby=\"wp-block-file--media-fa9bd264-ec02-42f5-b483-053df3ca0927\">T\u00e9l\u00e9charger<\/a><\/div>\n<\/div><\/div>\n\n\n\n<figure class=\"wp-block-gallery has-nested-images columns-default is-cropped wp-block-gallery-1 is-layout-flex wp-block-gallery-is-layout-flex\">\n<figure class=\"wp-block-image size-large\"><a href=\"https:\/\/chateau-miglos.fr\/wordpress-test\/wp-content\/uploads\/2024\/08\/epee-gaston1.png\" data-rel=\"lightbox-gallery-bqVU7cwt\" data-rl_title=\"\" data-rl_caption=\"Cr\u00e9dit L&#039;\u00e9p\u00e9e de Gaston - photo Eric Biradom\" title=\"\"><img loading=\"lazy\" decoding=\"async\" width=\"1024\" height=\"768\" data-id=\"9744\" src=\"https:\/\/chateau-miglos.fr\/wordpress-test\/wp-content\/uploads\/2024\/08\/epee-gaston1-1024x768.png\" alt=\"\" class=\"wp-image-9744\"\/><\/a><\/figure>\n\n\n\n<figure class=\"wp-block-image size-large\"><a href=\"https:\/\/chateau-miglos.fr\/wordpress-test\/wp-content\/uploads\/2024\/08\/epee-gaston2-1024x768.png\" data-rel=\"lightbox-gallery-bqVU7cwt\" data-rl_title=\"Cr\u00e9dit L&#8217;\u00e9p\u00e9e de Gaston &#8211; photo Eric Biradom\" data-rl_caption=\"Cr\u00e9dit L&#039;\u00e9p\u00e9e de Gaston - photo Eric Biradom\" title=\"Cr\u00e9dit L&#8217;\u00e9p\u00e9e de Gaston &#8211; photo Eric Biradom\"><img loading=\"lazy\" decoding=\"async\" width=\"1024\" height=\"768\" data-id=\"9745\" src=\"https:\/\/chateau-miglos.fr\/wordpress-test\/wp-content\/uploads\/2024\/08\/epee-gaston2-1024x768.png\" alt=\"\" class=\"wp-image-9745\"\/><\/a><\/figure>\n<\/figure>\n\n\n<div class=\"wp-block-image\">\n<figure class=\"aligncenter size-full is-resized\"><a href=\"https:\/\/journeesdupatrimoine.culture.gouv.fr\/programme#\/events\/16836426\" target=\"_blank\" rel=\"noreferrer noopener\"><img loading=\"lazy\" decoding=\"async\" width=\"1024\" height=\"571\" src=\"https:\/\/chateau-miglos.fr\/wordpress-test\/wp-content\/uploads\/2024\/08\/jep2024.png\" alt=\"\" class=\"wp-image-9748\" style=\"width:275px;height:auto\"\/><\/a><\/figure><\/div>\n\n\n<figure class=\"wp-block-gallery has-nested-images columns-default is-cropped wp-block-gallery-2 is-layout-flex wp-block-gallery-is-layout-flex\">\n<figure class=\"wp-block-image size-large\"><a href=\"https:\/\/chateau-miglos.fr\/wordpress-test\/wp-content\/uploads\/2024\/08\/armement-chevalier-680x1024.jpg\" data-rel=\"lightbox-gallery-bqVU7cwt\" data-rl_title=\"\" data-rl_caption=\"Explications sur la vie d&#039;un chevalier XIV \u00e8me si\u00e8cle - \u00a9 L&#039;\u00e9p\u00e9e de Gaston\" title=\"\"><img loading=\"lazy\" decoding=\"async\" width=\"680\" height=\"1024\" data-id=\"9768\" src=\"https:\/\/chateau-miglos.fr\/wordpress-test\/wp-content\/uploads\/2024\/08\/armement-chevalier-680x1024.jpg\" alt=\"\" class=\"wp-image-9768\"\/><\/a><\/figure>\n\n\n\n<figure class=\"wp-block-image size-large\"><a href=\"https:\/\/chateau-miglos.fr\/wordpress-test\/wp-content\/uploads\/2024\/08\/combat2-860x1024.jpg\" data-rel=\"lightbox-gallery-bqVU7cwt\" data-rl_title=\"\" data-rl_caption=\"Combat en mailles ( XIII \u00e8me si\u00e8cle) - \u00a9 L&#039;\u00e9p\u00e9e de Gaston\" title=\"\"><img loading=\"lazy\" decoding=\"async\" width=\"860\" height=\"1024\" data-id=\"9766\" src=\"https:\/\/chateau-miglos.fr\/wordpress-test\/wp-content\/uploads\/2024\/08\/combat2-860x1024.jpg\" alt=\"\" class=\"wp-image-9766\"\/><\/a><\/figure>\n\n\n\n<figure class=\"wp-block-image size-large\"><a href=\"https:\/\/chateau-miglos.fr\/wordpress-test\/wp-content\/uploads\/2024\/08\/combat3.jpg\" data-rel=\"lightbox-gallery-bqVU7cwt\" data-rl_title=\"\" data-rl_caption=\"Combat en armure ( XIV \u00e8me si\u00e8cle) - \u00a9 L&#039;\u00e9p\u00e9e de Gaston\" title=\"\"><img loading=\"lazy\" decoding=\"async\" width=\"680\" height=\"1024\" data-id=\"9770\" src=\"https:\/\/chateau-miglos.fr\/wordpress-test\/wp-content\/uploads\/2024\/08\/combat3.jpg\" alt=\"\" class=\"wp-image-9770\"\/><\/a><\/figure>\n\n\n\n<figure class=\"wp-block-image size-large\"><a href=\"https:\/\/chateau-miglos.fr\/wordpress-test\/wp-content\/uploads\/2024\/08\/armement-chevalier5-1-1024x768.jpg\" data-rel=\"lightbox-gallery-bqVU7cwt\" data-rl_title=\"\" data-rl_caption=\"Salle d&#039;armes - Armement du chevalier - \u00a9 L&#039;\u00e9p\u00e9e de Gaston\" title=\"\"><img loading=\"lazy\" decoding=\"async\" width=\"1024\" height=\"768\" data-id=\"9774\" src=\"https:\/\/chateau-miglos.fr\/wordpress-test\/wp-content\/uploads\/2024\/08\/armement-chevalier5-1-1024x768.jpg\" alt=\"\" class=\"wp-image-9774\"\/><\/a><\/figure>\n\n\n\n<figure class=\"wp-block-image size-large\"><a href=\"https:\/\/chateau-miglos.fr\/wordpress-test\/wp-content\/uploads\/2024\/08\/armement-chevalier6-1024x768.jpg\" data-rel=\"lightbox-gallery-bqVU7cwt\" data-rl_title=\"\" data-rl_caption=\"Salle d&#039;armes - Armement du chevalier - \u00a9 L&#039;\u00e9p\u00e9e de Gaston\" title=\"\"><img loading=\"lazy\" decoding=\"async\" width=\"1024\" height=\"768\" data-id=\"9765\" src=\"https:\/\/chateau-miglos.fr\/wordpress-test\/wp-content\/uploads\/2024\/08\/armement-chevalier6-1024x768.jpg\" alt=\"\" class=\"wp-image-9765\"\/><\/a><\/figure>\n\n\n\n<figure class=\"wp-block-image size-large\"><a href=\"https:\/\/chateau-miglos.fr\/wordpress-test\/wp-content\/uploads\/2024\/08\/viecamp2-1024x768.jpg\" data-rel=\"lightbox-gallery-bqVU7cwt\" data-rl_title=\"\" data-rl_caption=\"Pr\u00e9sentation de la table et de la vaisselle de noblesse - \u00a9 L&#039;\u00e9p\u00e9e de Gaston\" title=\"\"><img loading=\"lazy\" decoding=\"async\" width=\"1024\" height=\"768\" data-id=\"9775\" src=\"https:\/\/chateau-miglos.fr\/wordpress-test\/wp-content\/uploads\/2024\/08\/viecamp2-1024x768.jpg\" alt=\"\" class=\"wp-image-9775\"\/><\/a><\/figure>\n\n\n\n<figure class=\"wp-block-image size-large\"><a href=\"https:\/\/chateau-miglos.fr\/wordpress-test\/wp-content\/uploads\/2024\/08\/combat4-1024x837.jpg\" data-rel=\"lightbox-gallery-bqVU7cwt\" data-rl_title=\"\" data-rl_caption=\"Combat en lice - \u00a9 L&#039;\u00e9p\u00e9e de Gaston\" title=\"\"><img loading=\"lazy\" decoding=\"async\" width=\"1024\" height=\"837\" data-id=\"9771\" src=\"https:\/\/chateau-miglos.fr\/wordpress-test\/wp-content\/uploads\/2024\/08\/combat4-1024x837.jpg\" alt=\"\" class=\"wp-image-9771\"\/><\/a><\/figure>\n\n\n\n<figure class=\"wp-block-image size-large\"><a href=\"https:\/\/chateau-miglos.fr\/wordpress-test\/wp-content\/uploads\/2024\/08\/viecamp3-1024x768.jpg\" data-rel=\"lightbox-gallery-bqVU7cwt\" data-rl_title=\"\" data-rl_caption=\"Vie de camp - \u00a9 L&#039;\u00e9p\u00e9e de Gaston\" title=\"\"><img loading=\"lazy\" decoding=\"async\" width=\"1024\" height=\"768\" data-id=\"9772\" src=\"https:\/\/chateau-miglos.fr\/wordpress-test\/wp-content\/uploads\/2024\/08\/viecamp3-1024x768.jpg\" alt=\"\" class=\"wp-image-9772\"\/><\/a><\/figure>\n\n\n\n<figure class=\"wp-block-image size-large\"><a href=\"https:\/\/chateau-miglos.fr\/wordpress-test\/wp-content\/uploads\/2024\/08\/viecamp1.jpg\" data-rel=\"lightbox-gallery-bqVU7cwt\" data-rl_title=\"\" data-rl_caption=\"Vie de camp - \u00a9 L&#039;\u00e9p\u00e9e de Gaston\" title=\"\"><img loading=\"lazy\" decoding=\"async\" width=\"1024\" height=\"768\" data-id=\"9776\" src=\"https:\/\/chateau-miglos.fr\/wordpress-test\/wp-content\/uploads\/2024\/08\/viecamp1-1024x768.jpg\" alt=\"\" class=\"wp-image-9776\"\/><\/a><\/figure>\n\n\n\n<figure class=\"wp-block-image size-large\"><a href=\"https:\/\/chateau-miglos.fr\/wordpress-test\/wp-content\/uploads\/2024\/08\/danses2-1024x683.jpg\" data-rel=\"lightbox-gallery-bqVU7cwt\" data-rl_title=\"\" data-rl_caption=\"Danses m\u00e9di\u00e9vales - \u00a9 L&#039;\u00e9p\u00e9e de Gaston\" title=\"\"><img loading=\"lazy\" decoding=\"async\" width=\"1024\" height=\"683\" data-id=\"9777\" src=\"https:\/\/chateau-miglos.fr\/wordpress-test\/wp-content\/uploads\/2024\/08\/danses2-1024x683.jpg\" alt=\"\" class=\"wp-image-9777\"\/><\/a><\/figure>\n\n\n\n<figure class=\"wp-block-image size-large\"><a href=\"https:\/\/chateau-miglos.fr\/wordpress-test\/wp-content\/uploads\/2024\/08\/viecamp5.jpg\" data-rel=\"lightbox-gallery-bqVU7cwt\" data-rl_title=\"\" data-rl_caption=\"Vie de camp (repas et cuisine historiques) - \u00a9 L&#039;\u00e9p\u00e9e de Gaston\" title=\"\"><img loading=\"lazy\" decoding=\"async\" width=\"1024\" height=\"678\" data-id=\"9773\" src=\"https:\/\/chateau-miglos.fr\/wordpress-test\/wp-content\/uploads\/2024\/08\/viecamp5-1024x678.jpg\" alt=\"\" class=\"wp-image-9773\"\/><\/a><\/figure>\n\n\n\n<figure class=\"wp-block-image size-large\"><a href=\"https:\/\/chateau-miglos.fr\/wordpress-test\/wp-content\/uploads\/2024\/08\/campement2-1.jpg\" data-rel=\"lightbox-gallery-bqVU7cwt\" data-rl_title=\"\" data-rl_caption=\"Tente campement - \u00a9 L&#039;\u00e9p\u00e9e de Gaston\" title=\"\"><img loading=\"lazy\" decoding=\"async\" width=\"1024\" height=\"684\" data-id=\"9778\" src=\"https:\/\/chateau-miglos.fr\/wordpress-test\/wp-content\/uploads\/2024\/08\/campement2-1-1024x684.jpg\" alt=\"\" class=\"wp-image-9778\"\/><\/a><\/figure>\n<\/figure>\n","protected":false},"excerpt":{"rendered":"<p>Reconstitution de la vie m\u00e9di\u00e9vale avec des ateliers et des animations. Samedi 21 et dimanche 22 septembre 2024 de 10h \u00e0 18h.<\/p>\n","protected":false},"author":2,"featured_media":9739,"comment_status":"closed","ping_status":"closed","sticky":false,"template":"","format":"standard","meta":{"ngg_post_thumbnail":0,"footnotes":""},"categories":[4,31],"tags":[],"yoast_head":"<!-- This site is optimized with the Yoast SEO plugin v23.0 - https:\/\/yoast.com\/wordpress\/plugins\/seo\/ -->\n<title>Journ\u00e9es Europ\u00e9ennes du Patrimoine 2024 - Ch\u00e2teau de Miglos<\/title>\n<meta name=\"description\" content=\"Reconstitution de la vie m\u00e9di\u00e9vale avec des ateliers et des animations. \u00c9v\u00e8nement organis\u00e9 par le Conseil D\u00e9partemental de l&#039;Ari\u00e8ge. L&#039;Association \u00ab L&#039;\u00e9p\u00e9e de Gaston \u00bb, troupe m\u00e9di\u00e9vale de reconstitutions et d&#039;animations, campe au ch\u00e2teau de Miglos et reconstitue la vie d&#039;une seigneurie au XIVe si\u00e8cle, \u00e9poque de Gaston F\u00e9bus.\" \/>\n<meta name=\"robots\" content=\"index, follow, max-snippet:-1, max-image-preview:large, max-video-preview:-1\" \/>\n<link rel=\"canonical\" href=\"https:\/\/chateau-miglos.fr\/wordpress-test\/2024\/08\/27\/journees-europeennes-du-patrimoine-2024\/\" \/>\n<meta property=\"og:locale\" content=\"fr_FR\" \/>\n<meta property=\"og:type\" content=\"article\" \/>\n<meta property=\"og:title\" content=\"Reconstitution de la vie m\u00e9di\u00e9vale avec des ateliers et des animations au Ch\u00e2teau de Miglos\" \/>\n<meta property=\"og:description\" content=\"Reconstitution de la vie m\u00e9di\u00e9vale avec des ateliers et des animations. \u00c9v\u00e8nement organis\u00e9 par le Conseil D\u00e9partemental de l&#039;Ari\u00e8ge. L&#039;Association \u00ab L&#039;\u00e9p\u00e9e de Gaston \u00bb, troupe m\u00e9di\u00e9vale de reconstitutions et d&#039;animations, campe au ch\u00e2teau de Miglos et reconstitue la vie d&#039;une seigneurie au XIVe si\u00e8cle, \u00e9poque de Gaston F\u00e9bus.\" \/>\n<meta property=\"og:url\" content=\"https:\/\/chateau-miglos.fr\/wordpress-test\/2024\/08\/27\/journees-europeennes-du-patrimoine-2024\/\" \/>\n<meta property=\"og:site_name\" content=\"Ch\u00e2teau de Miglos\" \/>\n<meta property=\"article:publisher\" content=\"https:\/\/www.facebook.com\/chateaudemiglos\/\" \/>\n<meta property=\"article:published_time\" content=\"2024-08-27T14:23:59+00:00\" \/>\n<meta property=\"article:modified_time\" content=\"2024-08-28T13:39:39+00:00\" \/>\n<meta property=\"og:image\" content=\"https:\/\/chateau-miglos.fr\/wordpress-test\/wp-content\/uploads\/2024\/08\/avant-reseau-JEP2024.png\" \/>\n\t<meta property=\"og:image:width\" content=\"1000\" \/>\n\t<meta property=\"og:image:height\" content=\"522\" \/>\n\t<meta property=\"og:image:type\" content=\"image\/png\" \/>\n<meta name=\"author\" content=\"AACM\" \/>\n<meta name=\"twitter:card\" content=\"summary_large_image\" \/>\n<meta name=\"twitter:title\" content=\"Reconstitution de la vie m\u00e9di\u00e9vale avec des ateliers et des animations au Ch\u00e2teau de Miglos\" \/>\n<meta name=\"twitter:description\" content=\"Reconstitution de la vie m\u00e9di\u00e9vale avec des ateliers et des animations. \u00c9v\u00e8nement organis\u00e9 par le Conseil D\u00e9partemental de l&#039;Ari\u00e8ge. L&#039;Association \u00ab L&#039;\u00e9p\u00e9e de Gaston \u00bb, troupe m\u00e9di\u00e9vale de reconstitutions et d&#039;animations, campe au ch\u00e2teau de Miglos et reconstitue la vie d&#039;une seigneurie au XIVe si\u00e8cle, \u00e9poque de Gaston F\u00e9bus.\" \/>\n<meta name=\"twitter:image\" content=\"https:\/\/chateau-miglos.fr\/wordpress-test\/wp-content\/uploads\/2024\/08\/avant-reseau-JEP2024.png\" \/>\n<meta name=\"twitter:label1\" content=\"\u00c9crit par\" \/>\n\t<meta name=\"twitter:data1\" content=\"AACM\" \/>\n\t<meta name=\"twitter:label2\" content=\"Dur\u00e9e de lecture estim\u00e9e\" \/>\n\t<meta name=\"twitter:data2\" content=\"5 minutes\" \/>\n<script type=\"application\/ld+json\" class=\"yoast-schema-graph\">{\"@context\":\"https:\/\/schema.org\",\"@graph\":[{\"@type\":\"Article\",\"@id\":\"https:\/\/chateau-miglos.fr\/wordpress-test\/2024\/08\/27\/journees-europeennes-du-patrimoine-2024\/#article\",\"isPartOf\":{\"@id\":\"https:\/\/chateau-miglos.fr\/wordpress-test\/2024\/08\/27\/journees-europeennes-du-patrimoine-2024\/\"},\"author\":{\"name\":\"AACM\",\"@id\":\"https:\/\/chateau-miglos.fr\/wordpress-test\/#\/schema\/person\/c7c9d611967a7bba7db9f7d72154455e\"},\"headline\":\"Journ\u00e9es Europ\u00e9ennes du Patrimoine 2024\",\"datePublished\":\"2024-08-27T14:23:59+00:00\",\"dateModified\":\"2024-08-28T13:39:39+00:00\",\"mainEntityOfPage\":{\"@id\":\"https:\/\/chateau-miglos.fr\/wordpress-test\/2024\/08\/27\/journees-europeennes-du-patrimoine-2024\/\"},\"wordCount\":230,\"publisher\":{\"@id\":\"https:\/\/chateau-miglos.fr\/wordpress-test\/#organization\"},\"image\":{\"@id\":\"https:\/\/chateau-miglos.fr\/wordpress-test\/2024\/08\/27\/journees-europeennes-du-patrimoine-2024\/#primaryimage\"},\"thumbnailUrl\":\"https:\/\/chateau-miglos.fr\/wordpress-test\/wp-content\/uploads\/2024\/08\/avant-JEP2024.png\",\"articleSection\":[\"Actualit\u00e9s\",\"JEP Patrimoine\"],\"inLanguage\":\"fr-FR\"},{\"@type\":\"WebPage\",\"@id\":\"https:\/\/chateau-miglos.fr\/wordpress-test\/2024\/08\/27\/journees-europeennes-du-patrimoine-2024\/\",\"url\":\"https:\/\/chateau-miglos.fr\/wordpress-test\/2024\/08\/27\/journees-europeennes-du-patrimoine-2024\/\",\"name\":\"Journ\u00e9es Europ\u00e9ennes du Patrimoine 2024 - Ch\u00e2teau de Miglos\",\"isPartOf\":{\"@id\":\"https:\/\/chateau-miglos.fr\/wordpress-test\/#website\"},\"primaryImageOfPage\":{\"@id\":\"https:\/\/chateau-miglos.fr\/wordpress-test\/2024\/08\/27\/journees-europeennes-du-patrimoine-2024\/#primaryimage\"},\"image\":{\"@id\":\"https:\/\/chateau-miglos.fr\/wordpress-test\/2024\/08\/27\/journees-europeennes-du-patrimoine-2024\/#primaryimage\"},\"thumbnailUrl\":\"https:\/\/chateau-miglos.fr\/wordpress-test\/wp-content\/uploads\/2024\/08\/avant-JEP2024.png\",\"datePublished\":\"2024-08-27T14:23:59+00:00\",\"dateModified\":\"2024-08-28T13:39:39+00:00\",\"description\":\"Reconstitution de la vie m\u00e9di\u00e9vale avec des ateliers et des animations. \u00c9v\u00e8nement organis\u00e9 par le Conseil D\u00e9partemental de l'Ari\u00e8ge. L'Association \u00ab L'\u00e9p\u00e9e de Gaston \u00bb, troupe m\u00e9di\u00e9vale de reconstitutions et d'animations, campe au ch\u00e2teau de Miglos et reconstitue la vie d'une seigneurie au XIVe si\u00e8cle, \u00e9poque de Gaston F\u00e9bus.\",\"breadcrumb\":{\"@id\":\"https:\/\/chateau-miglos.fr\/wordpress-test\/2024\/08\/27\/journees-europeennes-du-patrimoine-2024\/#breadcrumb\"},\"inLanguage\":\"fr-FR\",\"potentialAction\":[{\"@type\":\"ReadAction\",\"target\":[\"https:\/\/chateau-miglos.fr\/wordpress-test\/2024\/08\/27\/journees-europeennes-du-patrimoine-2024\/\"]}]},{\"@type\":\"ImageObject\",\"inLanguage\":\"fr-FR\",\"@id\":\"https:\/\/chateau-miglos.fr\/wordpress-test\/2024\/08\/27\/journees-europeennes-du-patrimoine-2024\/#primaryimage\",\"url\":\"https:\/\/chateau-miglos.fr\/wordpress-test\/wp-content\/uploads\/2024\/08\/avant-JEP2024.png\",\"contentUrl\":\"https:\/\/chateau-miglos.fr\/wordpress-test\/wp-content\/uploads\/2024\/08\/avant-JEP2024.png\",\"width\":300,\"height\":150},{\"@type\":\"BreadcrumbList\",\"@id\":\"https:\/\/chateau-miglos.fr\/wordpress-test\/2024\/08\/27\/journees-europeennes-du-patrimoine-2024\/#breadcrumb\",\"itemListElement\":[{\"@type\":\"ListItem\",\"position\":1,\"name\":\"Accueil\",\"item\":\"https:\/\/chateau-miglos.fr\/wordpress-test\/\"},{\"@type\":\"ListItem\",\"position\":2,\"name\":\"Journ\u00e9es Europ\u00e9ennes du Patrimoine 2024\"}]},{\"@type\":\"WebSite\",\"@id\":\"https:\/\/chateau-miglos.fr\/wordpress-test\/#website\",\"url\":\"https:\/\/chateau-miglos.fr\/wordpress-test\/\",\"name\":\"Ch\u00e2teau de Miglos\",\"description\":\"une ch\u00e2teau, une vall\u00e9e\",\"publisher\":{\"@id\":\"https:\/\/chateau-miglos.fr\/wordpress-test\/#organization\"},\"potentialAction\":[{\"@type\":\"SearchAction\",\"target\":{\"@type\":\"EntryPoint\",\"urlTemplate\":\"https:\/\/chateau-miglos.fr\/wordpress-test\/?s={search_term_string}\"},\"query-input\":\"required name=search_term_string\"}],\"inLanguage\":\"fr-FR\"},{\"@type\":\"Organization\",\"@id\":\"https:\/\/chateau-miglos.fr\/wordpress-test\/#organization\",\"name\":\"Ch\u00e2teau de Miglos\",\"url\":\"https:\/\/chateau-miglos.fr\/wordpress-test\/\",\"logo\":{\"@type\":\"ImageObject\",\"inLanguage\":\"fr-FR\",\"@id\":\"https:\/\/chateau-miglos.fr\/wordpress-test\/#\/schema\/logo\/image\/\",\"url\":\"https:\/\/chateau-miglos.fr\/wordpress-test\/wp-content\/uploads\/2019\/06\/seul.png\",\"contentUrl\":\"https:\/\/chateau-miglos.fr\/wordpress-test\/wp-content\/uploads\/2019\/06\/seul.png\",\"width\":801,\"height\":705,\"caption\":\"Ch\u00e2teau de Miglos\"},\"image\":{\"@id\":\"https:\/\/chateau-miglos.fr\/wordpress-test\/#\/schema\/logo\/image\/\"},\"sameAs\":[\"https:\/\/www.facebook.com\/chateaudemiglos\/\",\"https:\/\/www.instagram.com\/chateaudemiglos\/\",\"https:\/\/www.youtube.com\/channel\/UC70FrOmo9xvq8eHCA4YTs9A\",\"https:\/\/fr.wikipedia.org\/wiki\/Ch\u00e2teau_de_Miglos\"]},{\"@type\":\"Person\",\"@id\":\"https:\/\/chateau-miglos.fr\/wordpress-test\/#\/schema\/person\/c7c9d611967a7bba7db9f7d72154455e\",\"name\":\"AACM\",\"image\":{\"@type\":\"ImageObject\",\"inLanguage\":\"fr-FR\",\"@id\":\"https:\/\/chateau-miglos.fr\/wordpress-test\/#\/schema\/person\/image\/\",\"url\":\"https:\/\/secure.gravatar.com\/avatar\/b704daf4c3f56428875cf047b8f9eb25?s=96&d=mm&r=g\",\"contentUrl\":\"https:\/\/secure.gravatar.com\/avatar\/b704daf4c3f56428875cf047b8f9eb25?s=96&d=mm&r=g\",\"caption\":\"AACM\"}}]}<\/script>\n<!-- \/ Yoast SEO plugin. -->","yoast_head_json":{"title":"Journ\u00e9es Europ\u00e9ennes du Patrimoine 2024 - Ch\u00e2teau de Miglos","description":"Reconstitution de la vie m\u00e9di\u00e9vale avec des ateliers et des animations. \u00c9v\u00e8nement organis\u00e9 par le Conseil D\u00e9partemental de l'Ari\u00e8ge. L'Association \u00ab L'\u00e9p\u00e9e de Gaston \u00bb, troupe m\u00e9di\u00e9vale de reconstitutions et d'animations, campe au ch\u00e2teau de Miglos et reconstitue la vie d'une seigneurie au XIVe si\u00e8cle, \u00e9poque de Gaston F\u00e9bus.","robots":{"index":"index","follow":"follow","max-snippet":"max-snippet:-1","max-image-preview":"max-image-preview:large","max-video-preview":"max-video-preview:-1"},"canonical":"https:\/\/chateau-miglos.fr\/wordpress-test\/2024\/08\/27\/journees-europeennes-du-patrimoine-2024\/","og_locale":"fr_FR","og_type":"article","og_title":"Reconstitution de la vie m\u00e9di\u00e9vale avec des ateliers et des animations au Ch\u00e2teau de Miglos","og_description":"Reconstitution de la vie m\u00e9di\u00e9vale avec des ateliers et des animations. \u00c9v\u00e8nement organis\u00e9 par le Conseil D\u00e9partemental de l'Ari\u00e8ge. L'Association \u00ab L'\u00e9p\u00e9e de Gaston \u00bb, troupe m\u00e9di\u00e9vale de reconstitutions et d'animations, campe au ch\u00e2teau de Miglos et reconstitue la vie d'une seigneurie au XIVe si\u00e8cle, \u00e9poque de Gaston F\u00e9bus.","og_url":"https:\/\/chateau-miglos.fr\/wordpress-test\/2024\/08\/27\/journees-europeennes-du-patrimoine-2024\/","og_site_name":"Ch\u00e2teau de Miglos","article_publisher":"https:\/\/www.facebook.com\/chateaudemiglos\/","article_published_time":"2024-08-27T14:23:59+00:00","article_modified_time":"2024-08-28T13:39:39+00:00","og_image":[{"width":1000,"height":522,"url":"https:\/\/chateau-miglos.fr\/wordpress-test\/wp-content\/uploads\/2024\/08\/avant-reseau-JEP2024.png","type":"image\/png"}],"author":"AACM","twitter_card":"summary_large_image","twitter_title":"Reconstitution de la vie m\u00e9di\u00e9vale avec des ateliers et des animations au Ch\u00e2teau de Miglos","twitter_description":"Reconstitution de la vie m\u00e9di\u00e9vale avec des ateliers et des animations. \u00c9v\u00e8nement organis\u00e9 par le Conseil D\u00e9partemental de l'Ari\u00e8ge. L'Association \u00ab L'\u00e9p\u00e9e de Gaston \u00bb, troupe m\u00e9di\u00e9vale de reconstitutions et d'animations, campe au ch\u00e2teau de Miglos et reconstitue la vie d'une seigneurie au XIVe si\u00e8cle, \u00e9poque de Gaston F\u00e9bus.","twitter_image":"https:\/\/chateau-miglos.fr\/wordpress-test\/wp-content\/uploads\/2024\/08\/avant-reseau-JEP2024.png","twitter_misc":{"\u00c9crit par":"AACM","Dur\u00e9e de lecture estim\u00e9e":"5 minutes"},"schema":{"@context":"https:\/\/schema.org","@graph":[{"@type":"Article","@id":"https:\/\/chateau-miglos.fr\/wordpress-test\/2024\/08\/27\/journees-europeennes-du-patrimoine-2024\/#article","isPartOf":{"@id":"https:\/\/chateau-miglos.fr\/wordpress-test\/2024\/08\/27\/journees-europeennes-du-patrimoine-2024\/"},"author":{"name":"AACM","@id":"https:\/\/chateau-miglos.fr\/wordpress-test\/#\/schema\/person\/c7c9d611967a7bba7db9f7d72154455e"},"headline":"Journ\u00e9es Europ\u00e9ennes du Patrimoine 2024","datePublished":"2024-08-27T14:23:59+00:00","dateModified":"2024-08-28T13:39:39+00:00","mainEntityOfPage":{"@id":"https:\/\/chateau-miglos.fr\/wordpress-test\/2024\/08\/27\/journees-europeennes-du-patrimoine-2024\/"},"wordCount":230,"publisher":{"@id":"https:\/\/chateau-miglos.fr\/wordpress-test\/#organization"},"image":{"@id":"https:\/\/chateau-miglos.fr\/wordpress-test\/2024\/08\/27\/journees-europeennes-du-patrimoine-2024\/#primaryimage"},"thumbnailUrl":"https:\/\/chateau-miglos.fr\/wordpress-test\/wp-content\/uploads\/2024\/08\/avant-JEP2024.png","articleSection":["Actualit\u00e9s","JEP Patrimoine"],"inLanguage":"fr-FR"},{"@type":"WebPage","@id":"https:\/\/chateau-miglos.fr\/wordpress-test\/2024\/08\/27\/journees-europeennes-du-patrimoine-2024\/","url":"https:\/\/chateau-miglos.fr\/wordpress-test\/2024\/08\/27\/journees-europeennes-du-patrimoine-2024\/","name":"Journ\u00e9es Europ\u00e9ennes du Patrimoine 2024 - Ch\u00e2teau de Miglos","isPartOf":{"@id":"https:\/\/chateau-miglos.fr\/wordpress-test\/#website"},"primaryImageOfPage":{"@id":"https:\/\/chateau-miglos.fr\/wordpress-test\/2024\/08\/27\/journees-europeennes-du-patrimoine-2024\/#primaryimage"},"image":{"@id":"https:\/\/chateau-miglos.fr\/wordpress-test\/2024\/08\/27\/journees-europeennes-du-patrimoine-2024\/#primaryimage"},"thumbnailUrl":"https:\/\/chateau-miglos.fr\/wordpress-test\/wp-content\/uploads\/2024\/08\/avant-JEP2024.png","datePublished":"2024-08-27T14:23:59+00:00","dateModified":"2024-08-28T13:39:39+00:00","description":"Reconstitution de la vie m\u00e9di\u00e9vale avec des ateliers et des animations. \u00c9v\u00e8nement organis\u00e9 par le Conseil D\u00e9partemental de l'Ari\u00e8ge. L'Association \u00ab L'\u00e9p\u00e9e de Gaston \u00bb, troupe m\u00e9di\u00e9vale de reconstitutions et d'animations, campe au ch\u00e2teau de Miglos et reconstitue la vie d'une seigneurie au XIVe si\u00e8cle, \u00e9poque de Gaston F\u00e9bus.","breadcrumb":{"@id":"https:\/\/chateau-miglos.fr\/wordpress-test\/2024\/08\/27\/journees-europeennes-du-patrimoine-2024\/#breadcrumb"},"inLanguage":"fr-FR","potentialAction":[{"@type":"ReadAction","target":["https:\/\/chateau-miglos.fr\/wordpress-test\/2024\/08\/27\/journees-europeennes-du-patrimoine-2024\/"]}]},{"@type":"ImageObject","inLanguage":"fr-FR","@id":"https:\/\/chateau-miglos.fr\/wordpress-test\/2024\/08\/27\/journees-europeennes-du-patrimoine-2024\/#primaryimage","url":"https:\/\/chateau-miglos.fr\/wordpress-test\/wp-content\/uploads\/2024\/08\/avant-JEP2024.png","contentUrl":"https:\/\/chateau-miglos.fr\/wordpress-test\/wp-content\/uploads\/2024\/08\/avant-JEP2024.png","width":300,"height":150},{"@type":"BreadcrumbList","@id":"https:\/\/chateau-miglos.fr\/wordpress-test\/2024\/08\/27\/journees-europeennes-du-patrimoine-2024\/#breadcrumb","itemListElement":[{"@type":"ListItem","position":1,"name":"Accueil","item":"https:\/\/chateau-miglos.fr\/wordpress-test\/"},{"@type":"ListItem","position":2,"name":"Journ\u00e9es Europ\u00e9ennes du Patrimoine 2024"}]},{"@type":"WebSite","@id":"https:\/\/chateau-miglos.fr\/wordpress-test\/#website","url":"https:\/\/chateau-miglos.fr\/wordpress-test\/","name":"Ch\u00e2teau de Miglos","description":"une ch\u00e2teau, une vall\u00e9e","publisher":{"@id":"https:\/\/chateau-miglos.fr\/wordpress-test\/#organization"},"potentialAction":[{"@type":"SearchAction","target":{"@type":"EntryPoint","urlTemplate":"https:\/\/chateau-miglos.fr\/wordpress-test\/?s={search_term_string}"},"query-input":"required name=search_term_string"}],"inLanguage":"fr-FR"},{"@type":"Organization","@id":"https:\/\/chateau-miglos.fr\/wordpress-test\/#organization","name":"Ch\u00e2teau de Miglos","url":"https:\/\/chateau-miglos.fr\/wordpress-test\/","logo":{"@type":"ImageObject","inLanguage":"fr-FR","@id":"https:\/\/chateau-miglos.fr\/wordpress-test\/#\/schema\/logo\/image\/","url":"https:\/\/chateau-miglos.fr\/wordpress-test\/wp-content\/uploads\/2019\/06\/seul.png","contentUrl":"https:\/\/chateau-miglos.fr\/wordpress-test\/wp-content\/uploads\/2019\/06\/seul.png","width":801,"height":705,"caption":"Ch\u00e2teau de Miglos"},"image":{"@id":"https:\/\/chateau-miglos.fr\/wordpress-test\/#\/schema\/logo\/image\/"},"sameAs":["https:\/\/www.facebook.com\/chateaudemiglos\/","https:\/\/www.instagram.com\/chateaudemiglos\/","https:\/\/www.youtube.com\/channel\/UC70FrOmo9xvq8eHCA4YTs9A","https:\/\/fr.wikipedia.org\/wiki\/Ch\u00e2teau_de_Miglos"]},{"@type":"Person","@id":"https:\/\/chateau-miglos.fr\/wordpress-test\/#\/schema\/person\/c7c9d611967a7bba7db9f7d72154455e","name":"AACM","image":{"@type":"ImageObject","inLanguage":"fr-FR","@id":"https:\/\/chateau-miglos.fr\/wordpress-test\/#\/schema\/person\/image\/","url":"https:\/\/secure.gravatar.com\/avatar\/b704daf4c3f56428875cf047b8f9eb25?s=96&d=mm&r=g","contentUrl":"https:\/\/secure.gravatar.com\/avatar\/b704daf4c3f56428875cf047b8f9eb25?s=96&d=mm&r=g","caption":"AACM"}}]}},"jetpack_featured_media_url":"https:\/\/chateau-miglos.fr\/wordpress-test\/wp-content\/uploads\/2024\/08\/avant-JEP2024.png","rttpg_featured_image_url":{"full":["https:\/\/chateau-miglos.fr\/wordpress-test\/wp-content\/uploads\/2024\/08\/avant-JEP2024.png",300,150,false],"landscape":["https:\/\/chateau-miglos.fr\/wordpress-test\/wp-content\/uploads\/2024\/08\/avant-JEP2024.png",300,150,false],"portraits":["https:\/\/chateau-miglos.fr\/wordpress-test\/wp-content\/uploads\/2024\/08\/avant-JEP2024.png",300,150,false],"thumbnail":["https:\/\/chateau-miglos.fr\/wordpress-test\/wp-content\/uploads\/2024\/08\/avant-JEP2024-150x150.png",150,150,true],"medium":["https:\/\/chateau-miglos.fr\/wordpress-test\/wp-content\/uploads\/2024\/08\/avant-JEP2024.png",300,150,false],"large":["https:\/\/chateau-miglos.fr\/wordpress-test\/wp-content\/uploads\/2024\/08\/avant-JEP2024.png",300,150,false],"1536x1536":["https:\/\/chateau-miglos.fr\/wordpress-test\/wp-content\/uploads\/2024\/08\/avant-JEP2024.png",300,150,false],"2048x2048":["https:\/\/chateau-miglos.fr\/wordpress-test\/wp-content\/uploads\/2024\/08\/avant-JEP2024.png",300,150,false],"onepress-blog-small":["https:\/\/chateau-miglos.fr\/wordpress-test\/wp-content\/uploads\/2024\/08\/avant-JEP2024.png",300,150,false],"onepress-small":["https:\/\/chateau-miglos.fr\/wordpress-test\/wp-content\/uploads\/2024\/08\/avant-JEP2024.png",300,150,false],"onepress-medium":["https:\/\/chateau-miglos.fr\/wordpress-test\/wp-content\/uploads\/2024\/08\/avant-JEP2024.png",300,150,false],"sow-carousel-default":["https:\/\/chateau-miglos.fr\/wordpress-test\/wp-content\/uploads\/2024\/08\/avant-JEP2024-272x150.png",272,150,true]},"rttpg_author":{"display_name":"AACM","author_link":"https:\/\/chateau-miglos.fr\/wordpress-test\/author\/aacm\/"},"rttpg_comment":0,"rttpg_category":"<a href=\"https:\/\/chateau-miglos.fr\/wordpress-test\/category\/actualites\/\" rel=\"category tag\">Actualit\u00e9s<\/a> <a href=\"https:\/\/chateau-miglos.fr\/wordpress-test\/category\/patrimoine\/\" rel=\"category tag\">JEP Patrimoine<\/a>","rttpg_excerpt":"Reconstitution de la vie m\u00e9di\u00e9vale avec des ateliers et des animations. Samedi 21 et dimanche 22 septembre 2024 de 10h \u00e0 18h.","_links":{"self":[{"href":"https:\/\/chateau-miglos.fr\/wordpress-test\/wp-json\/wp\/v2\/posts\/9731"}],"collection":[{"href":"https:\/\/chateau-miglos.fr\/wordpress-test\/wp-json\/wp\/v2\/posts"}],"about":[{"href":"https:\/\/chateau-miglos.fr\/wordpress-test\/wp-json\/wp\/v2\/types\/post"}],"author":[{"embeddable":true,"href":"https:\/\/chateau-miglos.fr\/wordpress-test\/wp-json\/wp\/v2\/users\/2"}],"replies":[{"embeddable":true,"href":"https:\/\/chateau-miglos.fr\/wordpress-test\/wp-json\/wp\/v2\/comments?post=9731"}],"version-history":[{"count":21,"href":"https:\/\/chateau-miglos.fr\/wordpress-test\/wp-json\/wp\/v2\/posts\/9731\/revisions"}],"predecessor-version":[{"id":9780,"href":"https:\/\/chateau-miglos.fr\/wordpress-test\/wp-json\/wp\/v2\/posts\/9731\/revisions\/9780"}],"wp:featuredmedia":[{"embeddable":true,"href":"https:\/\/chateau-miglos.fr\/wordpress-test\/wp-json\/wp\/v2\/media\/9739"}],"wp:attachment":[{"href":"https:\/\/chateau-miglos.fr\/wordpress-test\/wp-json\/wp\/v2\/media?parent=9731"}],"wp:term":[{"taxonomy":"category","embeddable":true,"href":"https:\/\/chateau-miglos.fr\/wordpress-test\/wp-json\/wp\/v2\/categories?post=9731"},{"taxonomy":"post_tag","embeddable":true,"href":"https:\/\/chateau-miglos.fr\/wordpress-test\/wp-json\/wp\/v2\/tags?post=9731"}],"curies":[{"name":"wp","href":"https:\/\/api.w.org\/{rel}","templated":true}]}}