{"id":9593,"date":"2024-06-27T02:40:00","date_gmt":"2024-06-27T00:40:00","guid":{"rendered":"https:\/\/chateau-miglos.fr\/wordpress-test\/?p=9593"},"modified":"2024-11-18T15:20:46","modified_gmt":"2024-11-18T14:20:46","slug":"bal-trad-avec-revelhet-3-aout-2024","status":"publish","type":"post","link":"https:\/\/chateau-miglos.fr\/wordpress-test\/2024\/06\/27\/bal-trad-avec-revelhet-3-aout-2024\/","title":{"rendered":"Bal-Trad avec Revelhet \u2013 3 ao\u00fbt 2024"},"content":{"rendered":"\n<h2 class=\"wp-block-heading\">Samedi 3 ao\u00fbt 2024 \u00e0 21 h<\/h2>\n\n\n\n<h4 class=\"wp-block-heading\">Venez danser au pied du ch\u00e2teau de Miglos au son de valses, mazurkas, scottishs, polkas, cercles circassiens&#8230;<\/h4>\n\n\n\n<h3 class=\"wp-block-heading\"><span style=\"text-decoration: underline;\"><\/span><\/h3>\n\n\n\n<div class=\"wp-block-media-text alignwide has-media-on-the-right is-stacked-on-mobile\" style=\"grid-template-columns:auto 33%\"><div class=\"wp-block-media-text__content\">\n<h3 class=\"wp-block-heading\">Une soir\u00e9e \u00e0 ne pas manquer !!!<\/h3>\n\n\n\n<p class=\"has-medium-font-size\">Avec <strong>Revelhet :<\/strong><\/p>\n\n\n\n<ul>\n<li>Laurence Roger chant,<\/li>\n\n\n\n<li>G\u00e9rard Frykman contrebasse,<\/li>\n\n\n\n<li>Ram\u00f3n Gargallo cordes et hautbois,<\/li>\n\n\n\n<li>Francesc Folch percussions,<\/li>\n\n\n\n<li>Jean-Yves Marqu\u00e9s fl\u00fbtes et cornemuses,<\/li>\n\n\n\n<li>Pascale Respaud chant et accord\u00e9on.<\/li>\n<\/ul>\n\n\n\n<p><strong>Can\u00e7ons en occitan e musicas de creacion e tradicionalas de las Pireneas d&#8217;Ari\u00e8ja<\/strong><\/p>\n\n\n\n<h5 class=\"wp-block-heading alignwide has-text-align-center\">Gratuit &#8211; Sous chapiteau<\/h5>\n\n\n\n<div class=\"wp-block-file aligncenter\"><a id=\"wp-block-file--media-acf79169-203c-4f6e-b53b-91943e53ec43\" href=\"https:\/\/chateau-miglos.fr\/wordpress-test\/wp-content\/uploads\/2024\/07\/bal-trad-AACM-2024-revelhet.pdf\">Bal Trad Miglos AACM2024 Revelhet<\/a><a href=\"https:\/\/chateau-miglos.fr\/wordpress-test\/wp-content\/uploads\/2024\/07\/bal-trad-AACM-2024-revelhet.pdf\" class=\"wp-block-file__button wp-element-button\" download aria-describedby=\"wp-block-file--media-acf79169-203c-4f6e-b53b-91943e53ec43\">T\u00e9l\u00e9charger<\/a><\/div>\n<\/div><figure class=\"wp-block-media-text__media\"><a href=\"https:\/\/chateau-miglos.fr\/wordpress-test\/wp-content\/uploads\/2024\/07\/Veillee-AACM-2024-revelhet.png\" data-rel=\"lightbox-gallery-gsze0w9P\" data-rl_title=\"Bal Trad Miglos AACM2024 Revelhet\" data-rl_caption=\"\" title=\"Bal Trad Miglos AACM2024 Revelhet\"><img loading=\"lazy\" decoding=\"async\" width=\"724\" height=\"1024\" src=\"https:\/\/chateau-miglos.fr\/wordpress-test\/wp-content\/uploads\/2024\/07\/Veillee-AACM-2024-revelhet-724x1024.png\" alt=\"\" class=\"wp-image-9571 size-medium\"\/><\/a><\/figure><\/div>\n\n\n\n<hr class=\"wp-block-separator has-css-opacity is-style-wide\"\/>\n\n\n<div class=\"wp-block-image\">\n<figure class=\"aligncenter size-full is-resized\"><a href=\"https:\/\/www.facebook.com\/p\/REVELHET-100064310343964\" target=\"_blank\" rel=\"noreferrer noopener\"><img loading=\"lazy\" decoding=\"async\" width=\"970\" height=\"412\" src=\"https:\/\/chateau-miglos.fr\/wordpress-test\/wp-content\/uploads\/2024\/07\/fac-revelhet-1.png\" alt=\"\" class=\"wp-image-9627\" style=\"width:300px\"\/><\/a><\/figure><\/div>\n\n<div class=\"wp-block-image\">\n<figure class=\"aligncenter size-full is-resized\"><a href=\"https:\/\/www.youtube.com\/channel\/UCLVOhdbzYeBgVk67oqoWsXw\/videos\" target=\"_blank\" rel=\"noreferrer noopener\"><img loading=\"lazy\" decoding=\"async\" width=\"970\" height=\"412\" src=\"https:\/\/chateau-miglos.fr\/wordpress-test\/wp-content\/uploads\/2024\/07\/youtube-revelhet.png\" alt=\"\" class=\"wp-image-9629\" style=\"width:300px\"\/><\/a><\/figure><\/div>","protected":false},"excerpt":{"rendered":"<p>Samedi 3 ao\u00fbt 2024 \u00e0 21 h Venez danser au pied du ch\u00e2teau de Miglos au son de valses, mazurkas, scottishs, polkas, cercles circassiens&#8230;<\/p>\n","protected":false},"author":2,"featured_media":9598,"comment_status":"closed","ping_status":"closed","sticky":false,"template":"","format":"standard","meta":{"ngg_post_thumbnail":0,"footnotes":""},"categories":[57,59,35],"tags":[],"yoast_head":"<!-- This site is optimized with the Yoast SEO plugin v23.0 - https:\/\/yoast.com\/wordpress\/plugins\/seo\/ -->\n<title>Bal-Trad avec Revelhet \u2013 3 ao\u00fbt 2024 - Ch\u00e2teau de Miglos<\/title>\n<meta name=\"description\" content=\"Bal-Trad avec Revelhet \u2013 3 ao\u00fbt 2024 \u00e0 21h - Venez danser au pied du ch\u00e2teau de Miglos au son de valses, mazurkas, scottishs, polkas, cercles circassiens...\" \/>\n<meta name=\"robots\" content=\"index, follow, max-snippet:-1, max-image-preview:large, max-video-preview:-1\" \/>\n<link rel=\"canonical\" href=\"https:\/\/chateau-miglos.fr\/wordpress-test\/2024\/06\/27\/bal-trad-avec-revelhet-3-aout-2024\/\" \/>\n<meta property=\"og:locale\" content=\"fr_FR\" \/>\n<meta property=\"og:type\" content=\"article\" \/>\n<meta property=\"og:title\" content=\"Bal-Trad avec Revelhet \u2013 3 ao\u00fbt 2024 \u00e0 21h\" \/>\n<meta property=\"og:description\" content=\"Bal-Trad avec Revelhet \u2013 3 ao\u00fbt 2024 \u00e0 21h - Venez danser au pied du ch\u00e2teau de Miglos au son de valses, mazurkas, scottishs, polkas, cercles circassiens...\" \/>\n<meta property=\"og:url\" content=\"https:\/\/chateau-miglos.fr\/wordpress-test\/2024\/06\/27\/bal-trad-avec-revelhet-3-aout-2024\/\" \/>\n<meta property=\"og:site_name\" content=\"Ch\u00e2teau de Miglos\" \/>\n<meta property=\"article:publisher\" content=\"https:\/\/www.facebook.com\/chateaudemiglos\/\" \/>\n<meta property=\"article:published_time\" content=\"2024-06-27T00:40:00+00:00\" \/>\n<meta property=\"article:modified_time\" content=\"2024-11-18T14:20:46+00:00\" \/>\n<meta property=\"og:image\" content=\"https:\/\/chateau-miglos.fr\/wordpress-test\/wp-content\/uploads\/2024\/07\/avant-reseau-revelhet2024.png\" \/>\n\t<meta property=\"og:image:width\" content=\"1000\" \/>\n\t<meta property=\"og:image:height\" content=\"522\" \/>\n\t<meta property=\"og:image:type\" content=\"image\/png\" \/>\n<meta name=\"author\" content=\"AACM\" \/>\n<meta name=\"twitter:card\" content=\"summary_large_image\" \/>\n<meta name=\"twitter:title\" content=\"Bal-Trad avec Revelhet \u2013 3 ao\u00fbt 2024 \u00e0 21h\" \/>\n<meta name=\"twitter:description\" content=\"Bal-Trad avec Revelhet \u2013 3 ao\u00fbt 2024 \u00e0 21h - Venez danser au pied du ch\u00e2teau de Miglos au son de valses, mazurkas, scottishs, polkas, cercles circassiens...\" \/>\n<meta name=\"twitter:image\" content=\"https:\/\/chateau-miglos.fr\/wordpress-test\/wp-content\/uploads\/2024\/07\/avant-reseau-revelhet2024.png\" \/>\n<meta name=\"twitter:label1\" content=\"\u00c9crit par\" \/>\n\t<meta name=\"twitter:data1\" content=\"AACM\" \/>\n\t<meta name=\"twitter:label2\" content=\"Dur\u00e9e de lecture estim\u00e9e\" \/>\n\t<meta name=\"twitter:data2\" content=\"2 minutes\" \/>\n<script type=\"application\/ld+json\" class=\"yoast-schema-graph\">{\"@context\":\"https:\/\/schema.org\",\"@graph\":[{\"@type\":\"Article\",\"@id\":\"https:\/\/chateau-miglos.fr\/wordpress-test\/2024\/06\/27\/bal-trad-avec-revelhet-3-aout-2024\/#article\",\"isPartOf\":{\"@id\":\"https:\/\/chateau-miglos.fr\/wordpress-test\/2024\/06\/27\/bal-trad-avec-revelhet-3-aout-2024\/\"},\"author\":{\"name\":\"AACM\",\"@id\":\"https:\/\/chateau-miglos.fr\/wordpress-test\/#\/schema\/person\/c7c9d611967a7bba7db9f7d72154455e\"},\"headline\":\"Bal-Trad avec Revelhet \u2013 3 ao\u00fbt 2024\",\"datePublished\":\"2024-06-27T00:40:00+00:00\",\"dateModified\":\"2024-11-18T14:20:46+00:00\",\"mainEntityOfPage\":{\"@id\":\"https:\/\/chateau-miglos.fr\/wordpress-test\/2024\/06\/27\/bal-trad-avec-revelhet-3-aout-2024\/\"},\"wordCount\":91,\"publisher\":{\"@id\":\"https:\/\/chateau-miglos.fr\/wordpress-test\/#organization\"},\"image\":{\"@id\":\"https:\/\/chateau-miglos.fr\/wordpress-test\/2024\/06\/27\/bal-trad-avec-revelhet-3-aout-2024\/#primaryimage\"},\"thumbnailUrl\":\"https:\/\/chateau-miglos.fr\/wordpress-test\/wp-content\/uploads\/2024\/07\/avant-revelhet2024.png\",\"articleSection\":[\"BAL TRAD\",\"\u00c9t\u00e9 2024\",\"Veill\u00e9e\"],\"inLanguage\":\"fr-FR\"},{\"@type\":\"WebPage\",\"@id\":\"https:\/\/chateau-miglos.fr\/wordpress-test\/2024\/06\/27\/bal-trad-avec-revelhet-3-aout-2024\/\",\"url\":\"https:\/\/chateau-miglos.fr\/wordpress-test\/2024\/06\/27\/bal-trad-avec-revelhet-3-aout-2024\/\",\"name\":\"Bal-Trad avec Revelhet \u2013 3 ao\u00fbt 2024 - Ch\u00e2teau de Miglos\",\"isPartOf\":{\"@id\":\"https:\/\/chateau-miglos.fr\/wordpress-test\/#website\"},\"primaryImageOfPage\":{\"@id\":\"https:\/\/chateau-miglos.fr\/wordpress-test\/2024\/06\/27\/bal-trad-avec-revelhet-3-aout-2024\/#primaryimage\"},\"image\":{\"@id\":\"https:\/\/chateau-miglos.fr\/wordpress-test\/2024\/06\/27\/bal-trad-avec-revelhet-3-aout-2024\/#primaryimage\"},\"thumbnailUrl\":\"https:\/\/chateau-miglos.fr\/wordpress-test\/wp-content\/uploads\/2024\/07\/avant-revelhet2024.png\",\"datePublished\":\"2024-06-27T00:40:00+00:00\",\"dateModified\":\"2024-11-18T14:20:46+00:00\",\"description\":\"Bal-Trad avec Revelhet \u2013 3 ao\u00fbt 2024 \u00e0 21h - Venez danser au pied du ch\u00e2teau de Miglos au son de valses, mazurkas, scottishs, polkas, cercles circassiens...\",\"breadcrumb\":{\"@id\":\"https:\/\/chateau-miglos.fr\/wordpress-test\/2024\/06\/27\/bal-trad-avec-revelhet-3-aout-2024\/#breadcrumb\"},\"inLanguage\":\"fr-FR\",\"potentialAction\":[{\"@type\":\"ReadAction\",\"target\":[\"https:\/\/chateau-miglos.fr\/wordpress-test\/2024\/06\/27\/bal-trad-avec-revelhet-3-aout-2024\/\"]}]},{\"@type\":\"ImageObject\",\"inLanguage\":\"fr-FR\",\"@id\":\"https:\/\/chateau-miglos.fr\/wordpress-test\/2024\/06\/27\/bal-trad-avec-revelhet-3-aout-2024\/#primaryimage\",\"url\":\"https:\/\/chateau-miglos.fr\/wordpress-test\/wp-content\/uploads\/2024\/07\/avant-revelhet2024.png\",\"contentUrl\":\"https:\/\/chateau-miglos.fr\/wordpress-test\/wp-content\/uploads\/2024\/07\/avant-revelhet2024.png\",\"width\":300,\"height\":150},{\"@type\":\"BreadcrumbList\",\"@id\":\"https:\/\/chateau-miglos.fr\/wordpress-test\/2024\/06\/27\/bal-trad-avec-revelhet-3-aout-2024\/#breadcrumb\",\"itemListElement\":[{\"@type\":\"ListItem\",\"position\":1,\"name\":\"Accueil\",\"item\":\"https:\/\/chateau-miglos.fr\/wordpress-test\/\"},{\"@type\":\"ListItem\",\"position\":2,\"name\":\"Bal-Trad avec Revelhet \u2013 3 ao\u00fbt 2024\"}]},{\"@type\":\"WebSite\",\"@id\":\"https:\/\/chateau-miglos.fr\/wordpress-test\/#website\",\"url\":\"https:\/\/chateau-miglos.fr\/wordpress-test\/\",\"name\":\"Ch\u00e2teau de Miglos\",\"description\":\"une ch\u00e2teau, une vall\u00e9e\",\"publisher\":{\"@id\":\"https:\/\/chateau-miglos.fr\/wordpress-test\/#organization\"},\"potentialAction\":[{\"@type\":\"SearchAction\",\"target\":{\"@type\":\"EntryPoint\",\"urlTemplate\":\"https:\/\/chateau-miglos.fr\/wordpress-test\/?s={search_term_string}\"},\"query-input\":\"required name=search_term_string\"}],\"inLanguage\":\"fr-FR\"},{\"@type\":\"Organization\",\"@id\":\"https:\/\/chateau-miglos.fr\/wordpress-test\/#organization\",\"name\":\"Ch\u00e2teau de Miglos\",\"url\":\"https:\/\/chateau-miglos.fr\/wordpress-test\/\",\"logo\":{\"@type\":\"ImageObject\",\"inLanguage\":\"fr-FR\",\"@id\":\"https:\/\/chateau-miglos.fr\/wordpress-test\/#\/schema\/logo\/image\/\",\"url\":\"https:\/\/chateau-miglos.fr\/wordpress-test\/wp-content\/uploads\/2019\/06\/seul.png\",\"contentUrl\":\"https:\/\/chateau-miglos.fr\/wordpress-test\/wp-content\/uploads\/2019\/06\/seul.png\",\"width\":801,\"height\":705,\"caption\":\"Ch\u00e2teau de Miglos\"},\"image\":{\"@id\":\"https:\/\/chateau-miglos.fr\/wordpress-test\/#\/schema\/logo\/image\/\"},\"sameAs\":[\"https:\/\/www.facebook.com\/chateaudemiglos\/\",\"https:\/\/www.instagram.com\/chateaudemiglos\/\",\"https:\/\/www.youtube.com\/channel\/UC70FrOmo9xvq8eHCA4YTs9A\",\"https:\/\/fr.wikipedia.org\/wiki\/Ch\u00e2teau_de_Miglos\"]},{\"@type\":\"Person\",\"@id\":\"https:\/\/chateau-miglos.fr\/wordpress-test\/#\/schema\/person\/c7c9d611967a7bba7db9f7d72154455e\",\"name\":\"AACM\",\"image\":{\"@type\":\"ImageObject\",\"inLanguage\":\"fr-FR\",\"@id\":\"https:\/\/chateau-miglos.fr\/wordpress-test\/#\/schema\/person\/image\/\",\"url\":\"https:\/\/secure.gravatar.com\/avatar\/b704daf4c3f56428875cf047b8f9eb25?s=96&d=mm&r=g\",\"contentUrl\":\"https:\/\/secure.gravatar.com\/avatar\/b704daf4c3f56428875cf047b8f9eb25?s=96&d=mm&r=g\",\"caption\":\"AACM\"}}]}<\/script>\n<!-- \/ Yoast SEO plugin. -->","yoast_head_json":{"title":"Bal-Trad avec Revelhet \u2013 3 ao\u00fbt 2024 - Ch\u00e2teau de Miglos","description":"Bal-Trad avec Revelhet \u2013 3 ao\u00fbt 2024 \u00e0 21h - Venez danser au pied du ch\u00e2teau de Miglos au son de valses, mazurkas, scottishs, polkas, cercles circassiens...","robots":{"index":"index","follow":"follow","max-snippet":"max-snippet:-1","max-image-preview":"max-image-preview:large","max-video-preview":"max-video-preview:-1"},"canonical":"https:\/\/chateau-miglos.fr\/wordpress-test\/2024\/06\/27\/bal-trad-avec-revelhet-3-aout-2024\/","og_locale":"fr_FR","og_type":"article","og_title":"Bal-Trad avec Revelhet \u2013 3 ao\u00fbt 2024 \u00e0 21h","og_description":"Bal-Trad avec Revelhet \u2013 3 ao\u00fbt 2024 \u00e0 21h - Venez danser au pied du ch\u00e2teau de Miglos au son de valses, mazurkas, scottishs, polkas, cercles circassiens...","og_url":"https:\/\/chateau-miglos.fr\/wordpress-test\/2024\/06\/27\/bal-trad-avec-revelhet-3-aout-2024\/","og_site_name":"Ch\u00e2teau de Miglos","article_publisher":"https:\/\/www.facebook.com\/chateaudemiglos\/","article_published_time":"2024-06-27T00:40:00+00:00","article_modified_time":"2024-11-18T14:20:46+00:00","og_image":[{"width":1000,"height":522,"url":"https:\/\/chateau-miglos.fr\/wordpress-test\/wp-content\/uploads\/2024\/07\/avant-reseau-revelhet2024.png","type":"image\/png"}],"author":"AACM","twitter_card":"summary_large_image","twitter_title":"Bal-Trad avec Revelhet \u2013 3 ao\u00fbt 2024 \u00e0 21h","twitter_description":"Bal-Trad avec Revelhet \u2013 3 ao\u00fbt 2024 \u00e0 21h - Venez danser au pied du ch\u00e2teau de Miglos au son de valses, mazurkas, scottishs, polkas, cercles circassiens...","twitter_image":"https:\/\/chateau-miglos.fr\/wordpress-test\/wp-content\/uploads\/2024\/07\/avant-reseau-revelhet2024.png","twitter_misc":{"\u00c9crit par":"AACM","Dur\u00e9e de lecture estim\u00e9e":"2 minutes"},"schema":{"@context":"https:\/\/schema.org","@graph":[{"@type":"Article","@id":"https:\/\/chateau-miglos.fr\/wordpress-test\/2024\/06\/27\/bal-trad-avec-revelhet-3-aout-2024\/#article","isPartOf":{"@id":"https:\/\/chateau-miglos.fr\/wordpress-test\/2024\/06\/27\/bal-trad-avec-revelhet-3-aout-2024\/"},"author":{"name":"AACM","@id":"https:\/\/chateau-miglos.fr\/wordpress-test\/#\/schema\/person\/c7c9d611967a7bba7db9f7d72154455e"},"headline":"Bal-Trad avec Revelhet \u2013 3 ao\u00fbt 2024","datePublished":"2024-06-27T00:40:00+00:00","dateModified":"2024-11-18T14:20:46+00:00","mainEntityOfPage":{"@id":"https:\/\/chateau-miglos.fr\/wordpress-test\/2024\/06\/27\/bal-trad-avec-revelhet-3-aout-2024\/"},"wordCount":91,"publisher":{"@id":"https:\/\/chateau-miglos.fr\/wordpress-test\/#organization"},"image":{"@id":"https:\/\/chateau-miglos.fr\/wordpress-test\/2024\/06\/27\/bal-trad-avec-revelhet-3-aout-2024\/#primaryimage"},"thumbnailUrl":"https:\/\/chateau-miglos.fr\/wordpress-test\/wp-content\/uploads\/2024\/07\/avant-revelhet2024.png","articleSection":["BAL TRAD","\u00c9t\u00e9 2024","Veill\u00e9e"],"inLanguage":"fr-FR"},{"@type":"WebPage","@id":"https:\/\/chateau-miglos.fr\/wordpress-test\/2024\/06\/27\/bal-trad-avec-revelhet-3-aout-2024\/","url":"https:\/\/chateau-miglos.fr\/wordpress-test\/2024\/06\/27\/bal-trad-avec-revelhet-3-aout-2024\/","name":"Bal-Trad avec Revelhet \u2013 3 ao\u00fbt 2024 - Ch\u00e2teau de Miglos","isPartOf":{"@id":"https:\/\/chateau-miglos.fr\/wordpress-test\/#website"},"primaryImageOfPage":{"@id":"https:\/\/chateau-miglos.fr\/wordpress-test\/2024\/06\/27\/bal-trad-avec-revelhet-3-aout-2024\/#primaryimage"},"image":{"@id":"https:\/\/chateau-miglos.fr\/wordpress-test\/2024\/06\/27\/bal-trad-avec-revelhet-3-aout-2024\/#primaryimage"},"thumbnailUrl":"https:\/\/chateau-miglos.fr\/wordpress-test\/wp-content\/uploads\/2024\/07\/avant-revelhet2024.png","datePublished":"2024-06-27T00:40:00+00:00","dateModified":"2024-11-18T14:20:46+00:00","description":"Bal-Trad avec Revelhet \u2013 3 ao\u00fbt 2024 \u00e0 21h - Venez danser au pied du ch\u00e2teau de Miglos au son de valses, mazurkas, scottishs, polkas, cercles circassiens...","breadcrumb":{"@id":"https:\/\/chateau-miglos.fr\/wordpress-test\/2024\/06\/27\/bal-trad-avec-revelhet-3-aout-2024\/#breadcrumb"},"inLanguage":"fr-FR","potentialAction":[{"@type":"ReadAction","target":["https:\/\/chateau-miglos.fr\/wordpress-test\/2024\/06\/27\/bal-trad-avec-revelhet-3-aout-2024\/"]}]},{"@type":"ImageObject","inLanguage":"fr-FR","@id":"https:\/\/chateau-miglos.fr\/wordpress-test\/2024\/06\/27\/bal-trad-avec-revelhet-3-aout-2024\/#primaryimage","url":"https:\/\/chateau-miglos.fr\/wordpress-test\/wp-content\/uploads\/2024\/07\/avant-revelhet2024.png","contentUrl":"https:\/\/chateau-miglos.fr\/wordpress-test\/wp-content\/uploads\/2024\/07\/avant-revelhet2024.png","width":300,"height":150},{"@type":"BreadcrumbList","@id":"https:\/\/chateau-miglos.fr\/wordpress-test\/2024\/06\/27\/bal-trad-avec-revelhet-3-aout-2024\/#breadcrumb","itemListElement":[{"@type":"ListItem","position":1,"name":"Accueil","item":"https:\/\/chateau-miglos.fr\/wordpress-test\/"},{"@type":"ListItem","position":2,"name":"Bal-Trad avec Revelhet \u2013 3 ao\u00fbt 2024"}]},{"@type":"WebSite","@id":"https:\/\/chateau-miglos.fr\/wordpress-test\/#website","url":"https:\/\/chateau-miglos.fr\/wordpress-test\/","name":"Ch\u00e2teau de Miglos","description":"une ch\u00e2teau, une vall\u00e9e","publisher":{"@id":"https:\/\/chateau-miglos.fr\/wordpress-test\/#organization"},"potentialAction":[{"@type":"SearchAction","target":{"@type":"EntryPoint","urlTemplate":"https:\/\/chateau-miglos.fr\/wordpress-test\/?s={search_term_string}"},"query-input":"required name=search_term_string"}],"inLanguage":"fr-FR"},{"@type":"Organization","@id":"https:\/\/chateau-miglos.fr\/wordpress-test\/#organization","name":"Ch\u00e2teau de Miglos","url":"https:\/\/chateau-miglos.fr\/wordpress-test\/","logo":{"@type":"ImageObject","inLanguage":"fr-FR","@id":"https:\/\/chateau-miglos.fr\/wordpress-test\/#\/schema\/logo\/image\/","url":"https:\/\/chateau-miglos.fr\/wordpress-test\/wp-content\/uploads\/2019\/06\/seul.png","contentUrl":"https:\/\/chateau-miglos.fr\/wordpress-test\/wp-content\/uploads\/2019\/06\/seul.png","width":801,"height":705,"caption":"Ch\u00e2teau de Miglos"},"image":{"@id":"https:\/\/chateau-miglos.fr\/wordpress-test\/#\/schema\/logo\/image\/"},"sameAs":["https:\/\/www.facebook.com\/chateaudemiglos\/","https:\/\/www.instagram.com\/chateaudemiglos\/","https:\/\/www.youtube.com\/channel\/UC70FrOmo9xvq8eHCA4YTs9A","https:\/\/fr.wikipedia.org\/wiki\/Ch\u00e2teau_de_Miglos"]},{"@type":"Person","@id":"https:\/\/chateau-miglos.fr\/wordpress-test\/#\/schema\/person\/c7c9d611967a7bba7db9f7d72154455e","name":"AACM","image":{"@type":"ImageObject","inLanguage":"fr-FR","@id":"https:\/\/chateau-miglos.fr\/wordpress-test\/#\/schema\/person\/image\/","url":"https:\/\/secure.gravatar.com\/avatar\/b704daf4c3f56428875cf047b8f9eb25?s=96&d=mm&r=g","contentUrl":"https:\/\/secure.gravatar.com\/avatar\/b704daf4c3f56428875cf047b8f9eb25?s=96&d=mm&r=g","caption":"AACM"}}]}},"jetpack_featured_media_url":"https:\/\/chateau-miglos.fr\/wordpress-test\/wp-content\/uploads\/2024\/07\/avant-revelhet2024.png","rttpg_featured_image_url":{"full":["https:\/\/chateau-miglos.fr\/wordpress-test\/wp-content\/uploads\/2024\/07\/avant-revelhet2024.png",300,150,false],"landscape":["https:\/\/chateau-miglos.fr\/wordpress-test\/wp-content\/uploads\/2024\/07\/avant-revelhet2024.png",300,150,false],"portraits":["https:\/\/chateau-miglos.fr\/wordpress-test\/wp-content\/uploads\/2024\/07\/avant-revelhet2024.png",300,150,false],"thumbnail":["https:\/\/chateau-miglos.fr\/wordpress-test\/wp-content\/uploads\/2024\/07\/avant-revelhet2024-150x150.png",150,150,true],"medium":["https:\/\/chateau-miglos.fr\/wordpress-test\/wp-content\/uploads\/2024\/07\/avant-revelhet2024.png",300,150,false],"large":["https:\/\/chateau-miglos.fr\/wordpress-test\/wp-content\/uploads\/2024\/07\/avant-revelhet2024.png",300,150,false],"1536x1536":["https:\/\/chateau-miglos.fr\/wordpress-test\/wp-content\/uploads\/2024\/07\/avant-revelhet2024.png",300,150,false],"2048x2048":["https:\/\/chateau-miglos.fr\/wordpress-test\/wp-content\/uploads\/2024\/07\/avant-revelhet2024.png",300,150,false],"onepress-blog-small":["https:\/\/chateau-miglos.fr\/wordpress-test\/wp-content\/uploads\/2024\/07\/avant-revelhet2024.png",300,150,false],"onepress-small":["https:\/\/chateau-miglos.fr\/wordpress-test\/wp-content\/uploads\/2024\/07\/avant-revelhet2024.png",300,150,false],"onepress-medium":["https:\/\/chateau-miglos.fr\/wordpress-test\/wp-content\/uploads\/2024\/07\/avant-revelhet2024.png",300,150,false],"sow-carousel-default":["https:\/\/chateau-miglos.fr\/wordpress-test\/wp-content\/uploads\/2024\/07\/avant-revelhet2024-272x150.png",272,150,true]},"rttpg_author":{"display_name":"AACM","author_link":"https:\/\/chateau-miglos.fr\/wordpress-test\/author\/aacm\/"},"rttpg_comment":0,"rttpg_category":"<a href=\"https:\/\/chateau-miglos.fr\/wordpress-test\/category\/bal-trad\/\" rel=\"category tag\">BAL TRAD<\/a> <a href=\"https:\/\/chateau-miglos.fr\/wordpress-test\/category\/ete-2024\/\" rel=\"category tag\">\u00c9t\u00e9 2024<\/a> <a href=\"https:\/\/chateau-miglos.fr\/wordpress-test\/category\/veillee\/\" rel=\"category tag\">Veill\u00e9e<\/a>","rttpg_excerpt":"Samedi 3 ao\u00fbt 2024 \u00e0 21 h Venez danser au pied du ch\u00e2teau de Miglos au son de valses, mazurkas, scottishs, polkas, cercles circassiens&#8230;","_links":{"self":[{"href":"https:\/\/chateau-miglos.fr\/wordpress-test\/wp-json\/wp\/v2\/posts\/9593"}],"collection":[{"href":"https:\/\/chateau-miglos.fr\/wordpress-test\/wp-json\/wp\/v2\/posts"}],"about":[{"href":"https:\/\/chateau-miglos.fr\/wordpress-test\/wp-json\/wp\/v2\/types\/post"}],"author":[{"embeddable":true,"href":"https:\/\/chateau-miglos.fr\/wordpress-test\/wp-json\/wp\/v2\/users\/2"}],"replies":[{"embeddable":true,"href":"https:\/\/chateau-miglos.fr\/wordpress-test\/wp-json\/wp\/v2\/comments?post=9593"}],"version-history":[{"count":8,"href":"https:\/\/chateau-miglos.fr\/wordpress-test\/wp-json\/wp\/v2\/posts\/9593\/revisions"}],"predecessor-version":[{"id":9632,"href":"https:\/\/chateau-miglos.fr\/wordpress-test\/wp-json\/wp\/v2\/posts\/9593\/revisions\/9632"}],"wp:featuredmedia":[{"embeddable":true,"href":"https:\/\/chateau-miglos.fr\/wordpress-test\/wp-json\/wp\/v2\/media\/9598"}],"wp:attachment":[{"href":"https:\/\/chateau-miglos.fr\/wordpress-test\/wp-json\/wp\/v2\/media?parent=9593"}],"wp:term":[{"taxonomy":"category","embeddable":true,"href":"https:\/\/chateau-miglos.fr\/wordpress-test\/wp-json\/wp\/v2\/categories?post=9593"},{"taxonomy":"post_tag","embeddable":true,"href":"https:\/\/chateau-miglos.fr\/wordpress-test\/wp-json\/wp\/v2\/tags?post=9593"}],"curies":[{"name":"wp","href":"https:\/\/api.w.org\/{rel}","templated":true}]}}