{"id":9285,"date":"2023-09-17T18:36:13","date_gmt":"2023-09-17T16:36:13","guid":{"rendered":"https:\/\/chateau-miglos.fr\/wordpress-test\/?p=9285"},"modified":"2023-10-12T18:48:48","modified_gmt":"2023-10-12T16:48:48","slug":"miglos-de-linedit-pour-les-nouvelles-journees-du-patrimoine","status":"publish","type":"post","link":"https:\/\/chateau-miglos.fr\/wordpress-test\/2023\/09\/17\/miglos-de-linedit-pour-les-nouvelles-journees-du-patrimoine\/","title":{"rendered":"De l\u2019in\u00e9dit pour les nouvelles Journ\u00e9es du patrimoine"},"content":{"rendered":"<div class=\"wp-block-image\">\n<figure class=\"aligncenter size-full is-resized\"><a href=\"https:\/\/chateau-miglos.fr\/wordpress-test\/wp-content\/uploads\/2023\/10\/sabas-jep2023.png\" data-rel=\"lightbox-gallery-cCXG2Shx\" data-rl_title=\"\" data-rl_caption=\"Les Journ\u00e9es du patrimoine innovent.\" title=\"\"><img loading=\"lazy\" decoding=\"async\" src=\"https:\/\/chateau-miglos.fr\/wordpress-test\/wp-content\/uploads\/2023\/10\/sabas-jep2023.png\" alt=\"\" class=\"wp-image-9287\" width=\"664\" height=\"375\"\/><\/a><\/figure><\/div>\n\n\n<p>&#8220;Aimez ce que jamais vous ne verrez deux fois.&#8221; C\u2019est en ces termes qu\u2019Alfred de Vigny s\u2019exprimait il y a une centaine d\u2019ann\u00e9es.<\/p>\n\n\n\n<p>Les deux manifestations qui se d\u00e9rouleront \u00e0 Miglos aujourd\u2019hui pourraient bien confirmer cette assertion. D\u00e8s 16 heures en l\u2019\u00e9glise Saint-Hilaire d\u2019Arquizat, l\u2019association des amis du ch\u00e2teau que pr\u00e9side Jo\u00ebl Gardes, f\u00eate le 100e anniversaire de la mort de Sabas Maury dont le parcours sera d\u00e9voil\u00e9 par une exposition parall\u00e8lement \u00e0 sa qualit\u00e9 de compositeur, qui avec &#8220;Ari\u00e8jo \u00f4 moun pa\u00efs&#8221; rassemble et r\u00e9unit un si\u00e8cle plus tard les Ari\u00e9geois autour de ce chant devenu leur hymne.<\/p>\n\n\n\n<p>Parmi les interpr\u00e8tes, l\u2019ensemble vocal &#8220;Unisson&#8221; qui l\u2019avait enregistr\u00e9 il y a six ans, avec ce samedi en vedette inattendue, la merveilleuse soprano lyrique Brigitte Lafon de renomm\u00e9e internationale, membre de la troupe de l\u2019Op\u00e9ra de Lyon, remarqu\u00e9e par Bob Wilson qui la choisira pour deux de ses cr\u00e9ations. Invit\u00e9e de nombreux festivals elle se produit sur les plus grandes sc\u00e8nes lyriques dans un r\u00e9pertoire de plus de 100 r\u00f4les d\u2019op\u00e9ra et d\u2019oratorio. Elle rencontre \u00e0 Marseille dans une production de Werther, Jeanine Prosper avec laquelle elle nouera des liens d\u2019amiti\u00e9 tout en assurant des cours de technique vocale aux enfants de sa ma\u00eetrise des Bouches-du-Rh\u00f4ne, des liens qui perdurent.<\/p>\n\n\n\n<p>Puis \u00e0 17 heures, toujours en l\u2018\u00e9glise Saint-Hilaire d\u2019Arquizat, le conseil d\u00e9partemental propri\u00e9taire du lieu a invit\u00e9 le Chiaroscuro quartet pour interpr\u00e9ter dans un cadre on ne peut plus adapt\u00e9, de la musique m\u00e9di\u00e9vale et de la Renaissance.<\/p>\n\n\n\n<p>Une premi\u00e8re pour que des instruments aussi magiques \u00e9gr\u00e8nent des sons qui feront le bonheur de l\u2019auditoire avec Jo\u00ebl Sitbon \u00e0 la viole de gambe, Rapha\u00eal Mateos \u00e0 la harpe celtique et chant, Kristen Annequin aux percussions, mandoline et chant et Adrien Da Cunha au bouzouki, oud, chalumeau et chant. L\u2019entr\u00e9e est libre.<br>Renseignements : 06 52 88 73 53<\/p>\n\n\n\n<p class=\"has-text-align-right\">J.P.<\/p>\n\n\n\n<p class=\"has-text-align-center\">publi\u00e9 le 16\/09\/2023 <strong>LA D\u00c9P\u00caCHE<\/strong><\/p>\n\n\n<div class=\"wp-block-image\">\n<figure class=\"aligncenter\"><a href=\"https:\/\/www.ladepeche.fr\/2023\/09\/16\/de-linedit-pour-les-nouvelles-journees-du-patrimoine-11457436.php\" target=\"_blank\" rel=\"noreferrer noopener\"><img decoding=\"async\" src=\"http:\/\/chateau-miglos.fr\/wordpress-test\/wp-content\/uploads\/2019\/05\/la-depeche.jpg\" alt=\"\"\/><\/a><\/figure><\/div>","protected":false},"excerpt":{"rendered":"<p>&#8220;Aimez ce que jamais vous ne verrez deux fois.&#8221; C\u2019est en ces termes qu\u2019Alfred de Vigny s\u2019exprimait il y a une centaine d\u2019ann\u00e9es. Les deux manifestations qui se d\u00e9rouleront \u00e0 &#8230;<\/p>\n","protected":false},"author":2,"featured_media":9290,"comment_status":"closed","ping_status":"closed","sticky":false,"template":"","format":"standard","meta":{"ngg_post_thumbnail":0,"footnotes":""},"categories":[4,31,7],"tags":[],"yoast_head":"<!-- This site is optimized with the Yoast SEO plugin v23.0 - https:\/\/yoast.com\/wordpress\/plugins\/seo\/ -->\n<title>De l\u2019in\u00e9dit pour les nouvelles Journ\u00e9es du patrimoine - Ch\u00e2teau de Miglos<\/title>\n<meta name=\"description\" content=\"L\u2019association des Amis du Ch\u00e2teau de Miglos, f\u00eate le 100e anniversaire de la mort de Sabas Maury dont le parcours sera d\u00e9voil\u00e9 par une exposition parall\u00e8lement \u00e0 sa qualit\u00e9 de compositeur, qui avec &quot;Ari\u00e8jo \u00f4 moun pa\u00efs&quot; rassemble et r\u00e9unit un si\u00e8cle plus tard les Ari\u00e9geois autour de ce chant devenu leur hymne.\" \/>\n<meta name=\"robots\" content=\"index, follow, max-snippet:-1, max-image-preview:large, max-video-preview:-1\" \/>\n<link rel=\"canonical\" href=\"https:\/\/chateau-miglos.fr\/wordpress-test\/2023\/09\/17\/miglos-de-linedit-pour-les-nouvelles-journees-du-patrimoine\/\" \/>\n<meta property=\"og:locale\" content=\"fr_FR\" \/>\n<meta property=\"og:type\" content=\"article\" \/>\n<meta property=\"og:title\" content=\"Miglos - De l\u2019in\u00e9dit pour les nouvelles Journ\u00e9es du patrimoine\" \/>\n<meta property=\"og:description\" content=\"L\u2019association des Amis du Ch\u00e2teau de Miglos, f\u00eate le 100e anniversaire de la mort de Sabas Maury dont le parcours sera d\u00e9voil\u00e9 par une exposition parall\u00e8lement \u00e0 sa qualit\u00e9 de compositeur, qui avec &quot;Ari\u00e8jo \u00f4 moun pa\u00efs&quot; rassemble et r\u00e9unit un si\u00e8cle plus tard les Ari\u00e9geois autour de ce chant devenu leur hymne.\" \/>\n<meta property=\"og:url\" content=\"https:\/\/chateau-miglos.fr\/wordpress-test\/2023\/09\/17\/miglos-de-linedit-pour-les-nouvelles-journees-du-patrimoine\/\" \/>\n<meta property=\"og:site_name\" content=\"Ch\u00e2teau de Miglos\" \/>\n<meta property=\"article:publisher\" content=\"https:\/\/www.facebook.com\/chateaudemiglos\/\" \/>\n<meta property=\"article:published_time\" content=\"2023-09-17T16:36:13+00:00\" \/>\n<meta property=\"article:modified_time\" content=\"2023-10-12T16:48:48+00:00\" \/>\n<meta property=\"og:image\" content=\"https:\/\/chateau-miglos.fr\/wordpress-test\/wp-content\/uploads\/2023\/09\/avant-reseau-sabas-pat2023.png\" \/>\n\t<meta property=\"og:image:width\" content=\"1000\" \/>\n\t<meta property=\"og:image:height\" content=\"522\" \/>\n\t<meta property=\"og:image:type\" content=\"image\/png\" \/>\n<meta name=\"author\" content=\"AACM\" \/>\n<meta name=\"twitter:card\" content=\"summary_large_image\" \/>\n<meta name=\"twitter:title\" content=\"Miglos - De l\u2019in\u00e9dit pour les nouvelles Journ\u00e9es du patrimoine\" \/>\n<meta name=\"twitter:description\" content=\"L\u2019association des Amis du Ch\u00e2teau de Miglos, f\u00eate le 100e anniversaire de la mort de Sabas Maury dont le parcours sera d\u00e9voil\u00e9 par une exposition parall\u00e8lement \u00e0 sa qualit\u00e9 de compositeur, qui avec &quot;Ari\u00e8jo \u00f4 moun pa\u00efs&quot; rassemble et r\u00e9unit un si\u00e8cle plus tard les Ari\u00e9geois autour de ce chant devenu leur hymne.\" \/>\n<meta name=\"twitter:image\" content=\"https:\/\/chateau-miglos.fr\/wordpress-test\/wp-content\/uploads\/2023\/09\/avant-reseau-sabas-pat2023.png\" \/>\n<meta name=\"twitter:label1\" content=\"\u00c9crit par\" \/>\n\t<meta name=\"twitter:data1\" content=\"AACM\" \/>\n\t<meta name=\"twitter:label2\" content=\"Dur\u00e9e de lecture estim\u00e9e\" \/>\n\t<meta name=\"twitter:data2\" content=\"2 minutes\" \/>\n<script type=\"application\/ld+json\" class=\"yoast-schema-graph\">{\"@context\":\"https:\/\/schema.org\",\"@graph\":[{\"@type\":\"Article\",\"@id\":\"https:\/\/chateau-miglos.fr\/wordpress-test\/2023\/09\/17\/miglos-de-linedit-pour-les-nouvelles-journees-du-patrimoine\/#article\",\"isPartOf\":{\"@id\":\"https:\/\/chateau-miglos.fr\/wordpress-test\/2023\/09\/17\/miglos-de-linedit-pour-les-nouvelles-journees-du-patrimoine\/\"},\"author\":{\"name\":\"AACM\",\"@id\":\"https:\/\/chateau-miglos.fr\/wordpress-test\/#\/schema\/person\/c7c9d611967a7bba7db9f7d72154455e\"},\"headline\":\"De l\u2019in\u00e9dit pour les nouvelles Journ\u00e9es du patrimoine\",\"datePublished\":\"2023-09-17T16:36:13+00:00\",\"dateModified\":\"2023-10-12T16:48:48+00:00\",\"mainEntityOfPage\":{\"@id\":\"https:\/\/chateau-miglos.fr\/wordpress-test\/2023\/09\/17\/miglos-de-linedit-pour-les-nouvelles-journees-du-patrimoine\/\"},\"wordCount\":364,\"publisher\":{\"@id\":\"https:\/\/chateau-miglos.fr\/wordpress-test\/#organization\"},\"image\":{\"@id\":\"https:\/\/chateau-miglos.fr\/wordpress-test\/2023\/09\/17\/miglos-de-linedit-pour-les-nouvelles-journees-du-patrimoine\/#primaryimage\"},\"thumbnailUrl\":\"https:\/\/chateau-miglos.fr\/wordpress-test\/wp-content\/uploads\/2023\/09\/avant-sabas-pat2023.png\",\"articleSection\":[\"Actualit\u00e9s\",\"JEP Patrimoine\",\"Revue de presse\"],\"inLanguage\":\"fr-FR\"},{\"@type\":\"WebPage\",\"@id\":\"https:\/\/chateau-miglos.fr\/wordpress-test\/2023\/09\/17\/miglos-de-linedit-pour-les-nouvelles-journees-du-patrimoine\/\",\"url\":\"https:\/\/chateau-miglos.fr\/wordpress-test\/2023\/09\/17\/miglos-de-linedit-pour-les-nouvelles-journees-du-patrimoine\/\",\"name\":\"De l\u2019in\u00e9dit pour les nouvelles Journ\u00e9es du patrimoine - Ch\u00e2teau de Miglos\",\"isPartOf\":{\"@id\":\"https:\/\/chateau-miglos.fr\/wordpress-test\/#website\"},\"primaryImageOfPage\":{\"@id\":\"https:\/\/chateau-miglos.fr\/wordpress-test\/2023\/09\/17\/miglos-de-linedit-pour-les-nouvelles-journees-du-patrimoine\/#primaryimage\"},\"image\":{\"@id\":\"https:\/\/chateau-miglos.fr\/wordpress-test\/2023\/09\/17\/miglos-de-linedit-pour-les-nouvelles-journees-du-patrimoine\/#primaryimage\"},\"thumbnailUrl\":\"https:\/\/chateau-miglos.fr\/wordpress-test\/wp-content\/uploads\/2023\/09\/avant-sabas-pat2023.png\",\"datePublished\":\"2023-09-17T16:36:13+00:00\",\"dateModified\":\"2023-10-12T16:48:48+00:00\",\"description\":\"L\u2019association des Amis du Ch\u00e2teau de Miglos, f\u00eate le 100e anniversaire de la mort de Sabas Maury dont le parcours sera d\u00e9voil\u00e9 par une exposition parall\u00e8lement \u00e0 sa qualit\u00e9 de compositeur, qui avec \\\"Ari\u00e8jo \u00f4 moun pa\u00efs\\\" rassemble et r\u00e9unit un si\u00e8cle plus tard les Ari\u00e9geois autour de ce chant devenu leur hymne.\",\"breadcrumb\":{\"@id\":\"https:\/\/chateau-miglos.fr\/wordpress-test\/2023\/09\/17\/miglos-de-linedit-pour-les-nouvelles-journees-du-patrimoine\/#breadcrumb\"},\"inLanguage\":\"fr-FR\",\"potentialAction\":[{\"@type\":\"ReadAction\",\"target\":[\"https:\/\/chateau-miglos.fr\/wordpress-test\/2023\/09\/17\/miglos-de-linedit-pour-les-nouvelles-journees-du-patrimoine\/\"]}]},{\"@type\":\"ImageObject\",\"inLanguage\":\"fr-FR\",\"@id\":\"https:\/\/chateau-miglos.fr\/wordpress-test\/2023\/09\/17\/miglos-de-linedit-pour-les-nouvelles-journees-du-patrimoine\/#primaryimage\",\"url\":\"https:\/\/chateau-miglos.fr\/wordpress-test\/wp-content\/uploads\/2023\/09\/avant-sabas-pat2023.png\",\"contentUrl\":\"https:\/\/chateau-miglos.fr\/wordpress-test\/wp-content\/uploads\/2023\/09\/avant-sabas-pat2023.png\",\"width\":300,\"height\":150},{\"@type\":\"BreadcrumbList\",\"@id\":\"https:\/\/chateau-miglos.fr\/wordpress-test\/2023\/09\/17\/miglos-de-linedit-pour-les-nouvelles-journees-du-patrimoine\/#breadcrumb\",\"itemListElement\":[{\"@type\":\"ListItem\",\"position\":1,\"name\":\"Accueil\",\"item\":\"https:\/\/chateau-miglos.fr\/wordpress-test\/\"},{\"@type\":\"ListItem\",\"position\":2,\"name\":\"De l\u2019in\u00e9dit pour les nouvelles Journ\u00e9es du patrimoine\"}]},{\"@type\":\"WebSite\",\"@id\":\"https:\/\/chateau-miglos.fr\/wordpress-test\/#website\",\"url\":\"https:\/\/chateau-miglos.fr\/wordpress-test\/\",\"name\":\"Ch\u00e2teau de Miglos\",\"description\":\"une ch\u00e2teau, une vall\u00e9e\",\"publisher\":{\"@id\":\"https:\/\/chateau-miglos.fr\/wordpress-test\/#organization\"},\"potentialAction\":[{\"@type\":\"SearchAction\",\"target\":{\"@type\":\"EntryPoint\",\"urlTemplate\":\"https:\/\/chateau-miglos.fr\/wordpress-test\/?s={search_term_string}\"},\"query-input\":\"required name=search_term_string\"}],\"inLanguage\":\"fr-FR\"},{\"@type\":\"Organization\",\"@id\":\"https:\/\/chateau-miglos.fr\/wordpress-test\/#organization\",\"name\":\"Ch\u00e2teau de Miglos\",\"url\":\"https:\/\/chateau-miglos.fr\/wordpress-test\/\",\"logo\":{\"@type\":\"ImageObject\",\"inLanguage\":\"fr-FR\",\"@id\":\"https:\/\/chateau-miglos.fr\/wordpress-test\/#\/schema\/logo\/image\/\",\"url\":\"https:\/\/chateau-miglos.fr\/wordpress-test\/wp-content\/uploads\/2019\/06\/seul.png\",\"contentUrl\":\"https:\/\/chateau-miglos.fr\/wordpress-test\/wp-content\/uploads\/2019\/06\/seul.png\",\"width\":801,\"height\":705,\"caption\":\"Ch\u00e2teau de Miglos\"},\"image\":{\"@id\":\"https:\/\/chateau-miglos.fr\/wordpress-test\/#\/schema\/logo\/image\/\"},\"sameAs\":[\"https:\/\/www.facebook.com\/chateaudemiglos\/\",\"https:\/\/www.instagram.com\/chateaudemiglos\/\",\"https:\/\/www.youtube.com\/channel\/UC70FrOmo9xvq8eHCA4YTs9A\",\"https:\/\/fr.wikipedia.org\/wiki\/Ch\u00e2teau_de_Miglos\"]},{\"@type\":\"Person\",\"@id\":\"https:\/\/chateau-miglos.fr\/wordpress-test\/#\/schema\/person\/c7c9d611967a7bba7db9f7d72154455e\",\"name\":\"AACM\",\"image\":{\"@type\":\"ImageObject\",\"inLanguage\":\"fr-FR\",\"@id\":\"https:\/\/chateau-miglos.fr\/wordpress-test\/#\/schema\/person\/image\/\",\"url\":\"https:\/\/secure.gravatar.com\/avatar\/b704daf4c3f56428875cf047b8f9eb25?s=96&d=mm&r=g\",\"contentUrl\":\"https:\/\/secure.gravatar.com\/avatar\/b704daf4c3f56428875cf047b8f9eb25?s=96&d=mm&r=g\",\"caption\":\"AACM\"}}]}<\/script>\n<!-- \/ Yoast SEO plugin. -->","yoast_head_json":{"title":"De l\u2019in\u00e9dit pour les nouvelles Journ\u00e9es du patrimoine - Ch\u00e2teau de Miglos","description":"L\u2019association des Amis du Ch\u00e2teau de Miglos, f\u00eate le 100e anniversaire de la mort de Sabas Maury dont le parcours sera d\u00e9voil\u00e9 par une exposition parall\u00e8lement \u00e0 sa qualit\u00e9 de compositeur, qui avec \"Ari\u00e8jo \u00f4 moun pa\u00efs\" rassemble et r\u00e9unit un si\u00e8cle plus tard les Ari\u00e9geois autour de ce chant devenu leur hymne.","robots":{"index":"index","follow":"follow","max-snippet":"max-snippet:-1","max-image-preview":"max-image-preview:large","max-video-preview":"max-video-preview:-1"},"canonical":"https:\/\/chateau-miglos.fr\/wordpress-test\/2023\/09\/17\/miglos-de-linedit-pour-les-nouvelles-journees-du-patrimoine\/","og_locale":"fr_FR","og_type":"article","og_title":"Miglos - De l\u2019in\u00e9dit pour les nouvelles Journ\u00e9es du patrimoine","og_description":"L\u2019association des Amis du Ch\u00e2teau de Miglos, f\u00eate le 100e anniversaire de la mort de Sabas Maury dont le parcours sera d\u00e9voil\u00e9 par une exposition parall\u00e8lement \u00e0 sa qualit\u00e9 de compositeur, qui avec \"Ari\u00e8jo \u00f4 moun pa\u00efs\" rassemble et r\u00e9unit un si\u00e8cle plus tard les Ari\u00e9geois autour de ce chant devenu leur hymne.","og_url":"https:\/\/chateau-miglos.fr\/wordpress-test\/2023\/09\/17\/miglos-de-linedit-pour-les-nouvelles-journees-du-patrimoine\/","og_site_name":"Ch\u00e2teau de Miglos","article_publisher":"https:\/\/www.facebook.com\/chateaudemiglos\/","article_published_time":"2023-09-17T16:36:13+00:00","article_modified_time":"2023-10-12T16:48:48+00:00","og_image":[{"width":1000,"height":522,"url":"https:\/\/chateau-miglos.fr\/wordpress-test\/wp-content\/uploads\/2023\/09\/avant-reseau-sabas-pat2023.png","type":"image\/png"}],"author":"AACM","twitter_card":"summary_large_image","twitter_title":"Miglos - De l\u2019in\u00e9dit pour les nouvelles Journ\u00e9es du patrimoine","twitter_description":"L\u2019association des Amis du Ch\u00e2teau de Miglos, f\u00eate le 100e anniversaire de la mort de Sabas Maury dont le parcours sera d\u00e9voil\u00e9 par une exposition parall\u00e8lement \u00e0 sa qualit\u00e9 de compositeur, qui avec \"Ari\u00e8jo \u00f4 moun pa\u00efs\" rassemble et r\u00e9unit un si\u00e8cle plus tard les Ari\u00e9geois autour de ce chant devenu leur hymne.","twitter_image":"https:\/\/chateau-miglos.fr\/wordpress-test\/wp-content\/uploads\/2023\/09\/avant-reseau-sabas-pat2023.png","twitter_misc":{"\u00c9crit par":"AACM","Dur\u00e9e de lecture estim\u00e9e":"2 minutes"},"schema":{"@context":"https:\/\/schema.org","@graph":[{"@type":"Article","@id":"https:\/\/chateau-miglos.fr\/wordpress-test\/2023\/09\/17\/miglos-de-linedit-pour-les-nouvelles-journees-du-patrimoine\/#article","isPartOf":{"@id":"https:\/\/chateau-miglos.fr\/wordpress-test\/2023\/09\/17\/miglos-de-linedit-pour-les-nouvelles-journees-du-patrimoine\/"},"author":{"name":"AACM","@id":"https:\/\/chateau-miglos.fr\/wordpress-test\/#\/schema\/person\/c7c9d611967a7bba7db9f7d72154455e"},"headline":"De l\u2019in\u00e9dit pour les nouvelles Journ\u00e9es du patrimoine","datePublished":"2023-09-17T16:36:13+00:00","dateModified":"2023-10-12T16:48:48+00:00","mainEntityOfPage":{"@id":"https:\/\/chateau-miglos.fr\/wordpress-test\/2023\/09\/17\/miglos-de-linedit-pour-les-nouvelles-journees-du-patrimoine\/"},"wordCount":364,"publisher":{"@id":"https:\/\/chateau-miglos.fr\/wordpress-test\/#organization"},"image":{"@id":"https:\/\/chateau-miglos.fr\/wordpress-test\/2023\/09\/17\/miglos-de-linedit-pour-les-nouvelles-journees-du-patrimoine\/#primaryimage"},"thumbnailUrl":"https:\/\/chateau-miglos.fr\/wordpress-test\/wp-content\/uploads\/2023\/09\/avant-sabas-pat2023.png","articleSection":["Actualit\u00e9s","JEP Patrimoine","Revue de presse"],"inLanguage":"fr-FR"},{"@type":"WebPage","@id":"https:\/\/chateau-miglos.fr\/wordpress-test\/2023\/09\/17\/miglos-de-linedit-pour-les-nouvelles-journees-du-patrimoine\/","url":"https:\/\/chateau-miglos.fr\/wordpress-test\/2023\/09\/17\/miglos-de-linedit-pour-les-nouvelles-journees-du-patrimoine\/","name":"De l\u2019in\u00e9dit pour les nouvelles Journ\u00e9es du patrimoine - Ch\u00e2teau de Miglos","isPartOf":{"@id":"https:\/\/chateau-miglos.fr\/wordpress-test\/#website"},"primaryImageOfPage":{"@id":"https:\/\/chateau-miglos.fr\/wordpress-test\/2023\/09\/17\/miglos-de-linedit-pour-les-nouvelles-journees-du-patrimoine\/#primaryimage"},"image":{"@id":"https:\/\/chateau-miglos.fr\/wordpress-test\/2023\/09\/17\/miglos-de-linedit-pour-les-nouvelles-journees-du-patrimoine\/#primaryimage"},"thumbnailUrl":"https:\/\/chateau-miglos.fr\/wordpress-test\/wp-content\/uploads\/2023\/09\/avant-sabas-pat2023.png","datePublished":"2023-09-17T16:36:13+00:00","dateModified":"2023-10-12T16:48:48+00:00","description":"L\u2019association des Amis du Ch\u00e2teau de Miglos, f\u00eate le 100e anniversaire de la mort de Sabas Maury dont le parcours sera d\u00e9voil\u00e9 par une exposition parall\u00e8lement \u00e0 sa qualit\u00e9 de compositeur, qui avec \"Ari\u00e8jo \u00f4 moun pa\u00efs\" rassemble et r\u00e9unit un si\u00e8cle plus tard les Ari\u00e9geois autour de ce chant devenu leur hymne.","breadcrumb":{"@id":"https:\/\/chateau-miglos.fr\/wordpress-test\/2023\/09\/17\/miglos-de-linedit-pour-les-nouvelles-journees-du-patrimoine\/#breadcrumb"},"inLanguage":"fr-FR","potentialAction":[{"@type":"ReadAction","target":["https:\/\/chateau-miglos.fr\/wordpress-test\/2023\/09\/17\/miglos-de-linedit-pour-les-nouvelles-journees-du-patrimoine\/"]}]},{"@type":"ImageObject","inLanguage":"fr-FR","@id":"https:\/\/chateau-miglos.fr\/wordpress-test\/2023\/09\/17\/miglos-de-linedit-pour-les-nouvelles-journees-du-patrimoine\/#primaryimage","url":"https:\/\/chateau-miglos.fr\/wordpress-test\/wp-content\/uploads\/2023\/09\/avant-sabas-pat2023.png","contentUrl":"https:\/\/chateau-miglos.fr\/wordpress-test\/wp-content\/uploads\/2023\/09\/avant-sabas-pat2023.png","width":300,"height":150},{"@type":"BreadcrumbList","@id":"https:\/\/chateau-miglos.fr\/wordpress-test\/2023\/09\/17\/miglos-de-linedit-pour-les-nouvelles-journees-du-patrimoine\/#breadcrumb","itemListElement":[{"@type":"ListItem","position":1,"name":"Accueil","item":"https:\/\/chateau-miglos.fr\/wordpress-test\/"},{"@type":"ListItem","position":2,"name":"De l\u2019in\u00e9dit pour les nouvelles Journ\u00e9es du patrimoine"}]},{"@type":"WebSite","@id":"https:\/\/chateau-miglos.fr\/wordpress-test\/#website","url":"https:\/\/chateau-miglos.fr\/wordpress-test\/","name":"Ch\u00e2teau de Miglos","description":"une ch\u00e2teau, une vall\u00e9e","publisher":{"@id":"https:\/\/chateau-miglos.fr\/wordpress-test\/#organization"},"potentialAction":[{"@type":"SearchAction","target":{"@type":"EntryPoint","urlTemplate":"https:\/\/chateau-miglos.fr\/wordpress-test\/?s={search_term_string}"},"query-input":"required name=search_term_string"}],"inLanguage":"fr-FR"},{"@type":"Organization","@id":"https:\/\/chateau-miglos.fr\/wordpress-test\/#organization","name":"Ch\u00e2teau de Miglos","url":"https:\/\/chateau-miglos.fr\/wordpress-test\/","logo":{"@type":"ImageObject","inLanguage":"fr-FR","@id":"https:\/\/chateau-miglos.fr\/wordpress-test\/#\/schema\/logo\/image\/","url":"https:\/\/chateau-miglos.fr\/wordpress-test\/wp-content\/uploads\/2019\/06\/seul.png","contentUrl":"https:\/\/chateau-miglos.fr\/wordpress-test\/wp-content\/uploads\/2019\/06\/seul.png","width":801,"height":705,"caption":"Ch\u00e2teau de Miglos"},"image":{"@id":"https:\/\/chateau-miglos.fr\/wordpress-test\/#\/schema\/logo\/image\/"},"sameAs":["https:\/\/www.facebook.com\/chateaudemiglos\/","https:\/\/www.instagram.com\/chateaudemiglos\/","https:\/\/www.youtube.com\/channel\/UC70FrOmo9xvq8eHCA4YTs9A","https:\/\/fr.wikipedia.org\/wiki\/Ch\u00e2teau_de_Miglos"]},{"@type":"Person","@id":"https:\/\/chateau-miglos.fr\/wordpress-test\/#\/schema\/person\/c7c9d611967a7bba7db9f7d72154455e","name":"AACM","image":{"@type":"ImageObject","inLanguage":"fr-FR","@id":"https:\/\/chateau-miglos.fr\/wordpress-test\/#\/schema\/person\/image\/","url":"https:\/\/secure.gravatar.com\/avatar\/b704daf4c3f56428875cf047b8f9eb25?s=96&d=mm&r=g","contentUrl":"https:\/\/secure.gravatar.com\/avatar\/b704daf4c3f56428875cf047b8f9eb25?s=96&d=mm&r=g","caption":"AACM"}}]}},"jetpack_featured_media_url":"https:\/\/chateau-miglos.fr\/wordpress-test\/wp-content\/uploads\/2023\/09\/avant-sabas-pat2023.png","rttpg_featured_image_url":{"full":["https:\/\/chateau-miglos.fr\/wordpress-test\/wp-content\/uploads\/2023\/09\/avant-sabas-pat2023.png",300,150,false],"landscape":["https:\/\/chateau-miglos.fr\/wordpress-test\/wp-content\/uploads\/2023\/09\/avant-sabas-pat2023.png",300,150,false],"portraits":["https:\/\/chateau-miglos.fr\/wordpress-test\/wp-content\/uploads\/2023\/09\/avant-sabas-pat2023.png",300,150,false],"thumbnail":["https:\/\/chateau-miglos.fr\/wordpress-test\/wp-content\/uploads\/2023\/09\/avant-sabas-pat2023-150x150.png",150,150,true],"medium":["https:\/\/chateau-miglos.fr\/wordpress-test\/wp-content\/uploads\/2023\/09\/avant-sabas-pat2023.png",300,150,false],"large":["https:\/\/chateau-miglos.fr\/wordpress-test\/wp-content\/uploads\/2023\/09\/avant-sabas-pat2023.png",300,150,false],"1536x1536":["https:\/\/chateau-miglos.fr\/wordpress-test\/wp-content\/uploads\/2023\/09\/avant-sabas-pat2023.png",300,150,false],"2048x2048":["https:\/\/chateau-miglos.fr\/wordpress-test\/wp-content\/uploads\/2023\/09\/avant-sabas-pat2023.png",300,150,false],"onepress-blog-small":["https:\/\/chateau-miglos.fr\/wordpress-test\/wp-content\/uploads\/2023\/09\/avant-sabas-pat2023.png",300,150,false],"onepress-small":["https:\/\/chateau-miglos.fr\/wordpress-test\/wp-content\/uploads\/2023\/09\/avant-sabas-pat2023.png",300,150,false],"onepress-medium":["https:\/\/chateau-miglos.fr\/wordpress-test\/wp-content\/uploads\/2023\/09\/avant-sabas-pat2023.png",300,150,false],"sow-carousel-default":["https:\/\/chateau-miglos.fr\/wordpress-test\/wp-content\/uploads\/2023\/09\/avant-sabas-pat2023-272x150.png",272,150,true]},"rttpg_author":{"display_name":"AACM","author_link":"https:\/\/chateau-miglos.fr\/wordpress-test\/author\/aacm\/"},"rttpg_comment":0,"rttpg_category":"<a href=\"https:\/\/chateau-miglos.fr\/wordpress-test\/category\/actualites\/\" rel=\"category tag\">Actualit\u00e9s<\/a> <a href=\"https:\/\/chateau-miglos.fr\/wordpress-test\/category\/patrimoine\/\" rel=\"category tag\">JEP Patrimoine<\/a> <a href=\"https:\/\/chateau-miglos.fr\/wordpress-test\/category\/presse\/\" rel=\"category tag\">Revue de presse<\/a>","rttpg_excerpt":"&#8220;Aimez ce que jamais vous ne verrez deux fois.&#8221; C\u2019est en ces termes qu\u2019Alfred de Vigny s\u2019exprimait il y a une centaine d\u2019ann\u00e9es. Les deux manifestations qui se d\u00e9rouleront \u00e0 ...","_links":{"self":[{"href":"https:\/\/chateau-miglos.fr\/wordpress-test\/wp-json\/wp\/v2\/posts\/9285"}],"collection":[{"href":"https:\/\/chateau-miglos.fr\/wordpress-test\/wp-json\/wp\/v2\/posts"}],"about":[{"href":"https:\/\/chateau-miglos.fr\/wordpress-test\/wp-json\/wp\/v2\/types\/post"}],"author":[{"embeddable":true,"href":"https:\/\/chateau-miglos.fr\/wordpress-test\/wp-json\/wp\/v2\/users\/2"}],"replies":[{"embeddable":true,"href":"https:\/\/chateau-miglos.fr\/wordpress-test\/wp-json\/wp\/v2\/comments?post=9285"}],"version-history":[{"count":3,"href":"https:\/\/chateau-miglos.fr\/wordpress-test\/wp-json\/wp\/v2\/posts\/9285\/revisions"}],"predecessor-version":[{"id":9293,"href":"https:\/\/chateau-miglos.fr\/wordpress-test\/wp-json\/wp\/v2\/posts\/9285\/revisions\/9293"}],"wp:featuredmedia":[{"embeddable":true,"href":"https:\/\/chateau-miglos.fr\/wordpress-test\/wp-json\/wp\/v2\/media\/9290"}],"wp:attachment":[{"href":"https:\/\/chateau-miglos.fr\/wordpress-test\/wp-json\/wp\/v2\/media?parent=9285"}],"wp:term":[{"taxonomy":"category","embeddable":true,"href":"https:\/\/chateau-miglos.fr\/wordpress-test\/wp-json\/wp\/v2\/categories?post=9285"},{"taxonomy":"post_tag","embeddable":true,"href":"https:\/\/chateau-miglos.fr\/wordpress-test\/wp-json\/wp\/v2\/tags?post=9285"}],"curies":[{"name":"wp","href":"https:\/\/api.w.org\/{rel}","templated":true}]}}