{"id":9274,"date":"2023-09-24T15:37:07","date_gmt":"2023-09-24T13:37:07","guid":{"rendered":"https:\/\/chateau-miglos.fr\/wordpress-test\/?p=9274"},"modified":"2023-10-12T15:52:07","modified_gmt":"2023-10-12T13:52:07","slug":"miglos-des-journees-du-patrimoine-dexception","status":"publish","type":"post","link":"https:\/\/chateau-miglos.fr\/wordpress-test\/2023\/09\/24\/miglos-des-journees-du-patrimoine-dexception\/","title":{"rendered":"Des Journ\u00e9es du patrimoine d&#8217;exception"},"content":{"rendered":"<div class=\"wp-block-image\">\n<figure class=\"aligncenter size-full is-resized\"><a href=\"https:\/\/chateau-miglos.fr\/wordpress-test\/wp-content\/uploads\/2023\/10\/unisson2023.png\" data-rel=\"lightbox-gallery-N4YRggJ2\" data-rl_title=\"\" data-rl_caption=\"Un moment de musique exceptionnel avec Unisson et la soprano Brigitte Lafon.\" title=\"\"><img loading=\"lazy\" decoding=\"async\" src=\"https:\/\/chateau-miglos.fr\/wordpress-test\/wp-content\/uploads\/2023\/10\/unisson2023.png\" alt=\"\" class=\"wp-image-9276\" width=\"840\" height=\"474\"\/><\/a><\/figure><\/div>\n\n\n<p>La commune de Miglos aura brill\u00e9 cette saison de mille feux. Depuis le mois de juillet, les animations s\u2019encha\u00eenent, th\u00e9\u00e2tre, jazz, musique, initi\u00e9es par le d\u00e9partement ou par l\u2019Association des amis du ch\u00e2teau pr\u00e9sid\u00e9e par Jo\u00ebl Gardes. L\u2019association Camstec que pr\u00e9side Fabienne Henry a pris le relais avec par exemple les concerts dans l\u2019\u00e9glise de Norgeat, le r\u00e9cital d\u2019une jeune compositrice au ch\u00e2teau ou encore, inattendu et tr\u00e8s suivi, un march\u00e9 nocturne.<\/p>\n\n\n\n<p>En septembre, les Journ\u00e9es europ\u00e9ennes du Patrimoine ont pris le pas avec les deux fleurons du village d\u2019Arquizat, l\u2019\u00e9glise romane et le ch\u00e2teau. Et c\u2019est parce que l\u2019ann\u00e9e 2023 correspondait au 100e anniversaire de la mort de Sabas Maury que l\u2019Association des Amis du Ch\u00e2teau a tenu dans une exposition \u00e0 donner un coup de projecteur sur sa vie d\u2019eccl\u00e9siastique, et son activit\u00e9 de compositeur dont l&#8217;une des pi\u00e8ces, &#8220;Ari\u00e8jo \u00f4 moun pa\u00efs&#8221;, est devenue l&#8217;hymne ari\u00e9geois.<\/p>\n\n\n\n<p>Une soprano pour des moments rares et \u00e9mouvants<br>Pour l&#8217;occasion, Jeanine Prosper, chef de ch\u0153ur et directrice artistique honoraire de ma ma\u00eetrise des Bouches-du-Rh\u00f4ne, a invit\u00e9 Brigitte Lafon, soprano venue le 16 septembre en amie, pr\u00eate \u00e0 joindre sa voix aux 15 choristes constituant avec Unisson la chorale du jour. Dans une harmonie parfaite et avec une \u00e9motion palpable, l&#8217;interpr\u00e9tation enthousiaste a montr\u00e9 que chacun est visc\u00e9ralement attach\u00e9 \u00e0 cette Ari\u00e8ge. Un moment fort et \u00e9mouvant, que la cheffe fera reprendre par l\u2019assistance et qui fera date.<br>Apr\u00e8s la lecture de l&#8217;exposition accroch\u00e9e sur les murs int\u00e9rieurs de l&#8217;\u00e9glise, on vit un autre moment, tout aussi attachant, o\u00f9 la harpe celtique, l&#8217;oud, le chalumeau, le bouzouki ou le tambour, ont plong\u00e9 le public dans une atmosph\u00e8re inattendue, parfois d&#8217;inspiration andalou-musulmane, avec des pi\u00e8ces originales t\u00e9moins de si\u00e8cles lointains Quatre instrumentistes, une belle polyphonie qui connut le summum lorsque, r\u00e9uni au milieu des auditeurs, le quatuor a fait s&#8217;\u00e9lever un &#8220;Kyrie Eleison&#8221; qui a ponctu\u00e9 magistralement sa prestation.<br>Lors du verre de l&#8217;amiti\u00e9 sur le parvis de l&#8217;\u00e9glise, en guise d&#8217;au revoir la cantatrice offre un air de &#8220;La Traviata&#8221; et des &#8220;Noces de Figaro&#8221; concluant ces journ\u00e9es du patrimoine de qualit\u00e9 et d&#8217;une affluences exceptionnelles. La D\u00e9put\u00e9e Martine Froger, le pr\u00e9sident de la communaut\u00e9 de communes Philippe Pujol, la conseill\u00e8re d\u00e9partementale Jo\u00eblle Eychenne n&#8217;ont pas regrett\u00e9 d&#8217;avoir choisi Miglos.<\/p>\n\n\n\n<p class=\"has-text-align-right\">J.P.<\/p>\n\n\n\n<p class=\"has-text-align-center\">publi\u00e9 le 23\/09\/2023 <strong>LA D\u00c9P\u00caCHE<\/strong><\/p>\n\n\n<div class=\"wp-block-image\">\n<figure class=\"aligncenter\"><a href=\"https:\/\/www.ladepeche.fr\/2023\/09\/23\/miglos-des-journees-du-patrimoine-dexception-11473328.php\" target=\"_blank\" rel=\"noreferrer noopener\"><img decoding=\"async\" src=\"http:\/\/chateau-miglos.fr\/wordpress-test\/wp-content\/uploads\/2019\/05\/la-depeche.jpg\" alt=\"\"\/><\/a><\/figure><\/div>","protected":false},"excerpt":{"rendered":"<p>La commune de Miglos aura brill\u00e9 cette saison de mille feux. Depuis le mois de juillet, les animations s\u2019encha\u00eenent, th\u00e9\u00e2tre, jazz, musique, initi\u00e9es par le d\u00e9partement ou par l\u2019Association des &#8230;<\/p>\n","protected":false},"author":2,"featured_media":9282,"comment_status":"closed","ping_status":"closed","sticky":false,"template":"","format":"standard","meta":{"ngg_post_thumbnail":0,"footnotes":""},"categories":[4,31,7],"tags":[],"yoast_head":"<!-- This site is optimized with the Yoast SEO plugin v23.0 - https:\/\/yoast.com\/wordpress\/plugins\/seo\/ -->\n<title>Des Journ\u00e9es du patrimoine d&#039;exception - Ch\u00e2teau de Miglos<\/title>\n<meta name=\"description\" content=\"C\u2019est parce que l\u2019ann\u00e9e 2023 correspondait au 100e anniversaire de la mort de Sabas Maury que l\u2019Association des Amis du Ch\u00e2teau a tenu dans une exposition \u00e0 donner un coup de projecteur sur sa vie d\u2019eccl\u00e9siastique, et son activit\u00e9 de compositeur dont l&#039;une des pi\u00e8ces, &quot;Ari\u00e8jo \u00f4 moun pa\u00efs&quot;, est devenue l&#039;hymne ari\u00e9geois.\" \/>\n<meta name=\"robots\" content=\"index, follow, max-snippet:-1, max-image-preview:large, max-video-preview:-1\" \/>\n<link rel=\"canonical\" href=\"https:\/\/chateau-miglos.fr\/wordpress-test\/2023\/09\/24\/miglos-des-journees-du-patrimoine-dexception\/\" \/>\n<meta property=\"og:locale\" content=\"fr_FR\" \/>\n<meta property=\"og:type\" content=\"article\" \/>\n<meta property=\"og:title\" content=\"Miglos - Des Journ\u00e9es du patrimoine d&#039;exception\" \/>\n<meta property=\"og:description\" content=\"C\u2019est parce que l\u2019ann\u00e9e 2023 correspondait au 100e anniversaire de la mort de Sabas Maury que l\u2019Association des Amis du Ch\u00e2teau a tenu dans une exposition \u00e0 donner un coup de projecteur sur sa vie d\u2019eccl\u00e9siastique, et son activit\u00e9 de compositeur dont l&#039;une des pi\u00e8ces, &quot;Ari\u00e8jo \u00f4 moun pa\u00efs&quot;, est devenue l&#039;hymne ari\u00e9geois.\" \/>\n<meta property=\"og:url\" content=\"https:\/\/chateau-miglos.fr\/wordpress-test\/2023\/09\/24\/miglos-des-journees-du-patrimoine-dexception\/\" \/>\n<meta property=\"og:site_name\" content=\"Ch\u00e2teau de Miglos\" \/>\n<meta property=\"article:publisher\" content=\"https:\/\/www.facebook.com\/chateaudemiglos\/\" \/>\n<meta property=\"article:published_time\" content=\"2023-09-24T13:37:07+00:00\" \/>\n<meta property=\"article:modified_time\" content=\"2023-10-12T13:52:07+00:00\" \/>\n<meta property=\"og:image\" content=\"https:\/\/chateau-miglos.fr\/wordpress-test\/wp-content\/uploads\/2023\/09\/avant-reseau-pat2023.png\" \/>\n\t<meta property=\"og:image:width\" content=\"1000\" \/>\n\t<meta property=\"og:image:height\" content=\"522\" \/>\n\t<meta property=\"og:image:type\" content=\"image\/png\" \/>\n<meta name=\"author\" content=\"AACM\" \/>\n<meta name=\"twitter:card\" content=\"summary_large_image\" \/>\n<meta name=\"twitter:title\" content=\"Miglos - Des Journ\u00e9es du patrimoine d&#039;exception\" \/>\n<meta name=\"twitter:description\" content=\"C\u2019est parce que l\u2019ann\u00e9e 2023 correspondait au 100e anniversaire de la mort de Sabas Maury que l\u2019Association des Amis du Ch\u00e2teau a tenu dans une exposition \u00e0 donner un coup de projecteur sur sa vie d\u2019eccl\u00e9siastique, et son activit\u00e9 de compositeur dont l&#039;une des pi\u00e8ces, &quot;Ari\u00e8jo \u00f4 moun pa\u00efs&quot;, est devenue l&#039;hymne ari\u00e9geois.\" \/>\n<meta name=\"twitter:image\" content=\"https:\/\/chateau-miglos.fr\/wordpress-test\/wp-content\/uploads\/2023\/09\/avant-reseau-pat2023.png\" \/>\n<meta name=\"twitter:label1\" content=\"\u00c9crit par\" \/>\n\t<meta name=\"twitter:data1\" content=\"AACM\" \/>\n\t<meta name=\"twitter:label2\" content=\"Dur\u00e9e de lecture estim\u00e9e\" \/>\n\t<meta name=\"twitter:data2\" content=\"3 minutes\" \/>\n<script type=\"application\/ld+json\" class=\"yoast-schema-graph\">{\"@context\":\"https:\/\/schema.org\",\"@graph\":[{\"@type\":\"Article\",\"@id\":\"https:\/\/chateau-miglos.fr\/wordpress-test\/2023\/09\/24\/miglos-des-journees-du-patrimoine-dexception\/#article\",\"isPartOf\":{\"@id\":\"https:\/\/chateau-miglos.fr\/wordpress-test\/2023\/09\/24\/miglos-des-journees-du-patrimoine-dexception\/\"},\"author\":{\"name\":\"AACM\",\"@id\":\"https:\/\/chateau-miglos.fr\/wordpress-test\/#\/schema\/person\/c7c9d611967a7bba7db9f7d72154455e\"},\"headline\":\"Des Journ\u00e9es du patrimoine d&#8217;exception\",\"datePublished\":\"2023-09-24T13:37:07+00:00\",\"dateModified\":\"2023-10-12T13:52:07+00:00\",\"mainEntityOfPage\":{\"@id\":\"https:\/\/chateau-miglos.fr\/wordpress-test\/2023\/09\/24\/miglos-des-journees-du-patrimoine-dexception\/\"},\"wordCount\":443,\"publisher\":{\"@id\":\"https:\/\/chateau-miglos.fr\/wordpress-test\/#organization\"},\"image\":{\"@id\":\"https:\/\/chateau-miglos.fr\/wordpress-test\/2023\/09\/24\/miglos-des-journees-du-patrimoine-dexception\/#primaryimage\"},\"thumbnailUrl\":\"https:\/\/chateau-miglos.fr\/wordpress-test\/wp-content\/uploads\/2023\/09\/avant-pat2023.png\",\"articleSection\":[\"Actualit\u00e9s\",\"JEP Patrimoine\",\"Revue de presse\"],\"inLanguage\":\"fr-FR\"},{\"@type\":\"WebPage\",\"@id\":\"https:\/\/chateau-miglos.fr\/wordpress-test\/2023\/09\/24\/miglos-des-journees-du-patrimoine-dexception\/\",\"url\":\"https:\/\/chateau-miglos.fr\/wordpress-test\/2023\/09\/24\/miglos-des-journees-du-patrimoine-dexception\/\",\"name\":\"Des Journ\u00e9es du patrimoine d'exception - Ch\u00e2teau de Miglos\",\"isPartOf\":{\"@id\":\"https:\/\/chateau-miglos.fr\/wordpress-test\/#website\"},\"primaryImageOfPage\":{\"@id\":\"https:\/\/chateau-miglos.fr\/wordpress-test\/2023\/09\/24\/miglos-des-journees-du-patrimoine-dexception\/#primaryimage\"},\"image\":{\"@id\":\"https:\/\/chateau-miglos.fr\/wordpress-test\/2023\/09\/24\/miglos-des-journees-du-patrimoine-dexception\/#primaryimage\"},\"thumbnailUrl\":\"https:\/\/chateau-miglos.fr\/wordpress-test\/wp-content\/uploads\/2023\/09\/avant-pat2023.png\",\"datePublished\":\"2023-09-24T13:37:07+00:00\",\"dateModified\":\"2023-10-12T13:52:07+00:00\",\"description\":\"C\u2019est parce que l\u2019ann\u00e9e 2023 correspondait au 100e anniversaire de la mort de Sabas Maury que l\u2019Association des Amis du Ch\u00e2teau a tenu dans une exposition \u00e0 donner un coup de projecteur sur sa vie d\u2019eccl\u00e9siastique, et son activit\u00e9 de compositeur dont l'une des pi\u00e8ces, \\\"Ari\u00e8jo \u00f4 moun pa\u00efs\\\", est devenue l'hymne ari\u00e9geois.\",\"breadcrumb\":{\"@id\":\"https:\/\/chateau-miglos.fr\/wordpress-test\/2023\/09\/24\/miglos-des-journees-du-patrimoine-dexception\/#breadcrumb\"},\"inLanguage\":\"fr-FR\",\"potentialAction\":[{\"@type\":\"ReadAction\",\"target\":[\"https:\/\/chateau-miglos.fr\/wordpress-test\/2023\/09\/24\/miglos-des-journees-du-patrimoine-dexception\/\"]}]},{\"@type\":\"ImageObject\",\"inLanguage\":\"fr-FR\",\"@id\":\"https:\/\/chateau-miglos.fr\/wordpress-test\/2023\/09\/24\/miglos-des-journees-du-patrimoine-dexception\/#primaryimage\",\"url\":\"https:\/\/chateau-miglos.fr\/wordpress-test\/wp-content\/uploads\/2023\/09\/avant-pat2023.png\",\"contentUrl\":\"https:\/\/chateau-miglos.fr\/wordpress-test\/wp-content\/uploads\/2023\/09\/avant-pat2023.png\",\"width\":300,\"height\":150},{\"@type\":\"BreadcrumbList\",\"@id\":\"https:\/\/chateau-miglos.fr\/wordpress-test\/2023\/09\/24\/miglos-des-journees-du-patrimoine-dexception\/#breadcrumb\",\"itemListElement\":[{\"@type\":\"ListItem\",\"position\":1,\"name\":\"Accueil\",\"item\":\"https:\/\/chateau-miglos.fr\/wordpress-test\/\"},{\"@type\":\"ListItem\",\"position\":2,\"name\":\"Des Journ\u00e9es du patrimoine d&#8217;exception\"}]},{\"@type\":\"WebSite\",\"@id\":\"https:\/\/chateau-miglos.fr\/wordpress-test\/#website\",\"url\":\"https:\/\/chateau-miglos.fr\/wordpress-test\/\",\"name\":\"Ch\u00e2teau de Miglos\",\"description\":\"une ch\u00e2teau, une vall\u00e9e\",\"publisher\":{\"@id\":\"https:\/\/chateau-miglos.fr\/wordpress-test\/#organization\"},\"potentialAction\":[{\"@type\":\"SearchAction\",\"target\":{\"@type\":\"EntryPoint\",\"urlTemplate\":\"https:\/\/chateau-miglos.fr\/wordpress-test\/?s={search_term_string}\"},\"query-input\":\"required name=search_term_string\"}],\"inLanguage\":\"fr-FR\"},{\"@type\":\"Organization\",\"@id\":\"https:\/\/chateau-miglos.fr\/wordpress-test\/#organization\",\"name\":\"Ch\u00e2teau de Miglos\",\"url\":\"https:\/\/chateau-miglos.fr\/wordpress-test\/\",\"logo\":{\"@type\":\"ImageObject\",\"inLanguage\":\"fr-FR\",\"@id\":\"https:\/\/chateau-miglos.fr\/wordpress-test\/#\/schema\/logo\/image\/\",\"url\":\"https:\/\/chateau-miglos.fr\/wordpress-test\/wp-content\/uploads\/2019\/06\/seul.png\",\"contentUrl\":\"https:\/\/chateau-miglos.fr\/wordpress-test\/wp-content\/uploads\/2019\/06\/seul.png\",\"width\":801,\"height\":705,\"caption\":\"Ch\u00e2teau de Miglos\"},\"image\":{\"@id\":\"https:\/\/chateau-miglos.fr\/wordpress-test\/#\/schema\/logo\/image\/\"},\"sameAs\":[\"https:\/\/www.facebook.com\/chateaudemiglos\/\",\"https:\/\/www.instagram.com\/chateaudemiglos\/\",\"https:\/\/www.youtube.com\/channel\/UC70FrOmo9xvq8eHCA4YTs9A\",\"https:\/\/fr.wikipedia.org\/wiki\/Ch\u00e2teau_de_Miglos\"]},{\"@type\":\"Person\",\"@id\":\"https:\/\/chateau-miglos.fr\/wordpress-test\/#\/schema\/person\/c7c9d611967a7bba7db9f7d72154455e\",\"name\":\"AACM\",\"image\":{\"@type\":\"ImageObject\",\"inLanguage\":\"fr-FR\",\"@id\":\"https:\/\/chateau-miglos.fr\/wordpress-test\/#\/schema\/person\/image\/\",\"url\":\"https:\/\/secure.gravatar.com\/avatar\/b704daf4c3f56428875cf047b8f9eb25?s=96&d=mm&r=g\",\"contentUrl\":\"https:\/\/secure.gravatar.com\/avatar\/b704daf4c3f56428875cf047b8f9eb25?s=96&d=mm&r=g\",\"caption\":\"AACM\"}}]}<\/script>\n<!-- \/ Yoast SEO plugin. -->","yoast_head_json":{"title":"Des Journ\u00e9es du patrimoine d'exception - Ch\u00e2teau de Miglos","description":"C\u2019est parce que l\u2019ann\u00e9e 2023 correspondait au 100e anniversaire de la mort de Sabas Maury que l\u2019Association des Amis du Ch\u00e2teau a tenu dans une exposition \u00e0 donner un coup de projecteur sur sa vie d\u2019eccl\u00e9siastique, et son activit\u00e9 de compositeur dont l'une des pi\u00e8ces, \"Ari\u00e8jo \u00f4 moun pa\u00efs\", est devenue l'hymne ari\u00e9geois.","robots":{"index":"index","follow":"follow","max-snippet":"max-snippet:-1","max-image-preview":"max-image-preview:large","max-video-preview":"max-video-preview:-1"},"canonical":"https:\/\/chateau-miglos.fr\/wordpress-test\/2023\/09\/24\/miglos-des-journees-du-patrimoine-dexception\/","og_locale":"fr_FR","og_type":"article","og_title":"Miglos - Des Journ\u00e9es du patrimoine d'exception","og_description":"C\u2019est parce que l\u2019ann\u00e9e 2023 correspondait au 100e anniversaire de la mort de Sabas Maury que l\u2019Association des Amis du Ch\u00e2teau a tenu dans une exposition \u00e0 donner un coup de projecteur sur sa vie d\u2019eccl\u00e9siastique, et son activit\u00e9 de compositeur dont l'une des pi\u00e8ces, \"Ari\u00e8jo \u00f4 moun pa\u00efs\", est devenue l'hymne ari\u00e9geois.","og_url":"https:\/\/chateau-miglos.fr\/wordpress-test\/2023\/09\/24\/miglos-des-journees-du-patrimoine-dexception\/","og_site_name":"Ch\u00e2teau de Miglos","article_publisher":"https:\/\/www.facebook.com\/chateaudemiglos\/","article_published_time":"2023-09-24T13:37:07+00:00","article_modified_time":"2023-10-12T13:52:07+00:00","og_image":[{"width":1000,"height":522,"url":"https:\/\/chateau-miglos.fr\/wordpress-test\/wp-content\/uploads\/2023\/09\/avant-reseau-pat2023.png","type":"image\/png"}],"author":"AACM","twitter_card":"summary_large_image","twitter_title":"Miglos - Des Journ\u00e9es du patrimoine d'exception","twitter_description":"C\u2019est parce que l\u2019ann\u00e9e 2023 correspondait au 100e anniversaire de la mort de Sabas Maury que l\u2019Association des Amis du Ch\u00e2teau a tenu dans une exposition \u00e0 donner un coup de projecteur sur sa vie d\u2019eccl\u00e9siastique, et son activit\u00e9 de compositeur dont l'une des pi\u00e8ces, \"Ari\u00e8jo \u00f4 moun pa\u00efs\", est devenue l'hymne ari\u00e9geois.","twitter_image":"https:\/\/chateau-miglos.fr\/wordpress-test\/wp-content\/uploads\/2023\/09\/avant-reseau-pat2023.png","twitter_misc":{"\u00c9crit par":"AACM","Dur\u00e9e de lecture estim\u00e9e":"3 minutes"},"schema":{"@context":"https:\/\/schema.org","@graph":[{"@type":"Article","@id":"https:\/\/chateau-miglos.fr\/wordpress-test\/2023\/09\/24\/miglos-des-journees-du-patrimoine-dexception\/#article","isPartOf":{"@id":"https:\/\/chateau-miglos.fr\/wordpress-test\/2023\/09\/24\/miglos-des-journees-du-patrimoine-dexception\/"},"author":{"name":"AACM","@id":"https:\/\/chateau-miglos.fr\/wordpress-test\/#\/schema\/person\/c7c9d611967a7bba7db9f7d72154455e"},"headline":"Des Journ\u00e9es du patrimoine d&#8217;exception","datePublished":"2023-09-24T13:37:07+00:00","dateModified":"2023-10-12T13:52:07+00:00","mainEntityOfPage":{"@id":"https:\/\/chateau-miglos.fr\/wordpress-test\/2023\/09\/24\/miglos-des-journees-du-patrimoine-dexception\/"},"wordCount":443,"publisher":{"@id":"https:\/\/chateau-miglos.fr\/wordpress-test\/#organization"},"image":{"@id":"https:\/\/chateau-miglos.fr\/wordpress-test\/2023\/09\/24\/miglos-des-journees-du-patrimoine-dexception\/#primaryimage"},"thumbnailUrl":"https:\/\/chateau-miglos.fr\/wordpress-test\/wp-content\/uploads\/2023\/09\/avant-pat2023.png","articleSection":["Actualit\u00e9s","JEP Patrimoine","Revue de presse"],"inLanguage":"fr-FR"},{"@type":"WebPage","@id":"https:\/\/chateau-miglos.fr\/wordpress-test\/2023\/09\/24\/miglos-des-journees-du-patrimoine-dexception\/","url":"https:\/\/chateau-miglos.fr\/wordpress-test\/2023\/09\/24\/miglos-des-journees-du-patrimoine-dexception\/","name":"Des Journ\u00e9es du patrimoine d'exception - Ch\u00e2teau de Miglos","isPartOf":{"@id":"https:\/\/chateau-miglos.fr\/wordpress-test\/#website"},"primaryImageOfPage":{"@id":"https:\/\/chateau-miglos.fr\/wordpress-test\/2023\/09\/24\/miglos-des-journees-du-patrimoine-dexception\/#primaryimage"},"image":{"@id":"https:\/\/chateau-miglos.fr\/wordpress-test\/2023\/09\/24\/miglos-des-journees-du-patrimoine-dexception\/#primaryimage"},"thumbnailUrl":"https:\/\/chateau-miglos.fr\/wordpress-test\/wp-content\/uploads\/2023\/09\/avant-pat2023.png","datePublished":"2023-09-24T13:37:07+00:00","dateModified":"2023-10-12T13:52:07+00:00","description":"C\u2019est parce que l\u2019ann\u00e9e 2023 correspondait au 100e anniversaire de la mort de Sabas Maury que l\u2019Association des Amis du Ch\u00e2teau a tenu dans une exposition \u00e0 donner un coup de projecteur sur sa vie d\u2019eccl\u00e9siastique, et son activit\u00e9 de compositeur dont l'une des pi\u00e8ces, \"Ari\u00e8jo \u00f4 moun pa\u00efs\", est devenue l'hymne ari\u00e9geois.","breadcrumb":{"@id":"https:\/\/chateau-miglos.fr\/wordpress-test\/2023\/09\/24\/miglos-des-journees-du-patrimoine-dexception\/#breadcrumb"},"inLanguage":"fr-FR","potentialAction":[{"@type":"ReadAction","target":["https:\/\/chateau-miglos.fr\/wordpress-test\/2023\/09\/24\/miglos-des-journees-du-patrimoine-dexception\/"]}]},{"@type":"ImageObject","inLanguage":"fr-FR","@id":"https:\/\/chateau-miglos.fr\/wordpress-test\/2023\/09\/24\/miglos-des-journees-du-patrimoine-dexception\/#primaryimage","url":"https:\/\/chateau-miglos.fr\/wordpress-test\/wp-content\/uploads\/2023\/09\/avant-pat2023.png","contentUrl":"https:\/\/chateau-miglos.fr\/wordpress-test\/wp-content\/uploads\/2023\/09\/avant-pat2023.png","width":300,"height":150},{"@type":"BreadcrumbList","@id":"https:\/\/chateau-miglos.fr\/wordpress-test\/2023\/09\/24\/miglos-des-journees-du-patrimoine-dexception\/#breadcrumb","itemListElement":[{"@type":"ListItem","position":1,"name":"Accueil","item":"https:\/\/chateau-miglos.fr\/wordpress-test\/"},{"@type":"ListItem","position":2,"name":"Des Journ\u00e9es du patrimoine d&#8217;exception"}]},{"@type":"WebSite","@id":"https:\/\/chateau-miglos.fr\/wordpress-test\/#website","url":"https:\/\/chateau-miglos.fr\/wordpress-test\/","name":"Ch\u00e2teau de Miglos","description":"une ch\u00e2teau, une vall\u00e9e","publisher":{"@id":"https:\/\/chateau-miglos.fr\/wordpress-test\/#organization"},"potentialAction":[{"@type":"SearchAction","target":{"@type":"EntryPoint","urlTemplate":"https:\/\/chateau-miglos.fr\/wordpress-test\/?s={search_term_string}"},"query-input":"required name=search_term_string"}],"inLanguage":"fr-FR"},{"@type":"Organization","@id":"https:\/\/chateau-miglos.fr\/wordpress-test\/#organization","name":"Ch\u00e2teau de Miglos","url":"https:\/\/chateau-miglos.fr\/wordpress-test\/","logo":{"@type":"ImageObject","inLanguage":"fr-FR","@id":"https:\/\/chateau-miglos.fr\/wordpress-test\/#\/schema\/logo\/image\/","url":"https:\/\/chateau-miglos.fr\/wordpress-test\/wp-content\/uploads\/2019\/06\/seul.png","contentUrl":"https:\/\/chateau-miglos.fr\/wordpress-test\/wp-content\/uploads\/2019\/06\/seul.png","width":801,"height":705,"caption":"Ch\u00e2teau de Miglos"},"image":{"@id":"https:\/\/chateau-miglos.fr\/wordpress-test\/#\/schema\/logo\/image\/"},"sameAs":["https:\/\/www.facebook.com\/chateaudemiglos\/","https:\/\/www.instagram.com\/chateaudemiglos\/","https:\/\/www.youtube.com\/channel\/UC70FrOmo9xvq8eHCA4YTs9A","https:\/\/fr.wikipedia.org\/wiki\/Ch\u00e2teau_de_Miglos"]},{"@type":"Person","@id":"https:\/\/chateau-miglos.fr\/wordpress-test\/#\/schema\/person\/c7c9d611967a7bba7db9f7d72154455e","name":"AACM","image":{"@type":"ImageObject","inLanguage":"fr-FR","@id":"https:\/\/chateau-miglos.fr\/wordpress-test\/#\/schema\/person\/image\/","url":"https:\/\/secure.gravatar.com\/avatar\/b704daf4c3f56428875cf047b8f9eb25?s=96&d=mm&r=g","contentUrl":"https:\/\/secure.gravatar.com\/avatar\/b704daf4c3f56428875cf047b8f9eb25?s=96&d=mm&r=g","caption":"AACM"}}]}},"jetpack_featured_media_url":"https:\/\/chateau-miglos.fr\/wordpress-test\/wp-content\/uploads\/2023\/09\/avant-pat2023.png","rttpg_featured_image_url":{"full":["https:\/\/chateau-miglos.fr\/wordpress-test\/wp-content\/uploads\/2023\/09\/avant-pat2023.png",300,150,false],"landscape":["https:\/\/chateau-miglos.fr\/wordpress-test\/wp-content\/uploads\/2023\/09\/avant-pat2023.png",300,150,false],"portraits":["https:\/\/chateau-miglos.fr\/wordpress-test\/wp-content\/uploads\/2023\/09\/avant-pat2023.png",300,150,false],"thumbnail":["https:\/\/chateau-miglos.fr\/wordpress-test\/wp-content\/uploads\/2023\/09\/avant-pat2023-150x150.png",150,150,true],"medium":["https:\/\/chateau-miglos.fr\/wordpress-test\/wp-content\/uploads\/2023\/09\/avant-pat2023.png",300,150,false],"large":["https:\/\/chateau-miglos.fr\/wordpress-test\/wp-content\/uploads\/2023\/09\/avant-pat2023.png",300,150,false],"1536x1536":["https:\/\/chateau-miglos.fr\/wordpress-test\/wp-content\/uploads\/2023\/09\/avant-pat2023.png",300,150,false],"2048x2048":["https:\/\/chateau-miglos.fr\/wordpress-test\/wp-content\/uploads\/2023\/09\/avant-pat2023.png",300,150,false],"onepress-blog-small":["https:\/\/chateau-miglos.fr\/wordpress-test\/wp-content\/uploads\/2023\/09\/avant-pat2023.png",300,150,false],"onepress-small":["https:\/\/chateau-miglos.fr\/wordpress-test\/wp-content\/uploads\/2023\/09\/avant-pat2023.png",300,150,false],"onepress-medium":["https:\/\/chateau-miglos.fr\/wordpress-test\/wp-content\/uploads\/2023\/09\/avant-pat2023.png",300,150,false],"sow-carousel-default":["https:\/\/chateau-miglos.fr\/wordpress-test\/wp-content\/uploads\/2023\/09\/avant-pat2023-272x150.png",272,150,true]},"rttpg_author":{"display_name":"AACM","author_link":"https:\/\/chateau-miglos.fr\/wordpress-test\/author\/aacm\/"},"rttpg_comment":0,"rttpg_category":"<a href=\"https:\/\/chateau-miglos.fr\/wordpress-test\/category\/actualites\/\" rel=\"category tag\">Actualit\u00e9s<\/a> <a href=\"https:\/\/chateau-miglos.fr\/wordpress-test\/category\/patrimoine\/\" rel=\"category tag\">JEP Patrimoine<\/a> <a href=\"https:\/\/chateau-miglos.fr\/wordpress-test\/category\/presse\/\" rel=\"category tag\">Revue de presse<\/a>","rttpg_excerpt":"La commune de Miglos aura brill\u00e9 cette saison de mille feux. Depuis le mois de juillet, les animations s\u2019encha\u00eenent, th\u00e9\u00e2tre, jazz, musique, initi\u00e9es par le d\u00e9partement ou par l\u2019Association des ...","_links":{"self":[{"href":"https:\/\/chateau-miglos.fr\/wordpress-test\/wp-json\/wp\/v2\/posts\/9274"}],"collection":[{"href":"https:\/\/chateau-miglos.fr\/wordpress-test\/wp-json\/wp\/v2\/posts"}],"about":[{"href":"https:\/\/chateau-miglos.fr\/wordpress-test\/wp-json\/wp\/v2\/types\/post"}],"author":[{"embeddable":true,"href":"https:\/\/chateau-miglos.fr\/wordpress-test\/wp-json\/wp\/v2\/users\/2"}],"replies":[{"embeddable":true,"href":"https:\/\/chateau-miglos.fr\/wordpress-test\/wp-json\/wp\/v2\/comments?post=9274"}],"version-history":[{"count":6,"href":"https:\/\/chateau-miglos.fr\/wordpress-test\/wp-json\/wp\/v2\/posts\/9274\/revisions"}],"predecessor-version":[{"id":9284,"href":"https:\/\/chateau-miglos.fr\/wordpress-test\/wp-json\/wp\/v2\/posts\/9274\/revisions\/9284"}],"wp:featuredmedia":[{"embeddable":true,"href":"https:\/\/chateau-miglos.fr\/wordpress-test\/wp-json\/wp\/v2\/media\/9282"}],"wp:attachment":[{"href":"https:\/\/chateau-miglos.fr\/wordpress-test\/wp-json\/wp\/v2\/media?parent=9274"}],"wp:term":[{"taxonomy":"category","embeddable":true,"href":"https:\/\/chateau-miglos.fr\/wordpress-test\/wp-json\/wp\/v2\/categories?post=9274"},{"taxonomy":"post_tag","embeddable":true,"href":"https:\/\/chateau-miglos.fr\/wordpress-test\/wp-json\/wp\/v2\/tags?post=9274"}],"curies":[{"name":"wp","href":"https:\/\/api.w.org\/{rel}","templated":true}]}}