{"id":8975,"date":"2023-09-03T01:45:41","date_gmt":"2023-09-02T23:45:41","guid":{"rendered":"https:\/\/chateau-miglos.fr\/wordpress-test\/?p=8975"},"modified":"2023-09-15T01:49:23","modified_gmt":"2023-09-14T23:49:23","slug":"journees-europeennes-du-patrimoine-2023-a-miglos","status":"publish","type":"post","link":"https:\/\/chateau-miglos.fr\/wordpress-test\/2023\/09\/03\/journees-europeennes-du-patrimoine-2023-a-miglos\/","title":{"rendered":"Journ\u00e9es Europ\u00e9ennes du Patrimoine 2023"},"content":{"rendered":"\n<h3 class=\"wp-block-heading\">Samedi 16 et dimanche 17 septembre de 10h00 \u00e0 17h00<\/h3>\n\n\n<div class=\"wp-block-image\">\n<figure class=\"aligncenter size-large is-resized\"><img loading=\"lazy\" decoding=\"async\" src=\"https:\/\/chateau-miglos.fr\/wordpress-test\/wp-content\/uploads\/2023\/09\/bandeau-logos-1024x63.png\" alt=\"\" class=\"wp-image-8987\" width=\"768\" height=\"47\"\/><\/figure><\/div>\n\n<div class=\"wp-block-image\">\n<figure class=\"aligncenter size-large is-resized\"><a href=\"https:\/\/chateau-miglos.fr\/wordpress-test\/wp-content\/uploads\/2023\/09\/facebook-DEPLACE-1.png\" data-rel=\"lightbox-gallery-l4LoXR2Z\" data-rl_title=\"facebook-DEPLACE-1\" data-rl_caption=\"\" title=\"facebook-DEPLACE-1\"><img loading=\"lazy\" decoding=\"async\" src=\"https:\/\/chateau-miglos.fr\/wordpress-test\/wp-content\/uploads\/2023\/09\/facebook-DEPLACE-1-1024x538.png\" alt=\"\" class=\"wp-image-9267\" width=\"768\" height=\"404\"\/><\/a><\/figure><\/div>\n\n\n<p><strong>Exposition : &#8220;Les 100 ans de l\u2019abb\u00e9 Sabas Maury&#8221;<\/strong><br>Il est connu en tant qu&#8217;auteur de l&#8217;hymne ari\u00e9geois intitul\u00e9 \u00ab <strong>Ari\u00e8jo \u00f4 moun pa\u00efs<\/strong> \u00bb !<br>Sabas Jean-Marie Aubin MAURY est n\u00e9 le 1er mars 1863 \u00e0 Gesti\u00e9s (Ari\u00e8ge).<br>Le 19 janvier 1890, il est nomm\u00e9 cur\u00e9 de Miglos, et exercera cette fonction jusqu&#8217;en 1906.<br>Il nous a quitt\u00e9s le 26 novembre 1923, \u00e0 l&#8217;\u00e2ge de 61 ans, apr\u00e8s avoir consacr\u00e9 37 ann\u00e9es de sa vie au sacerdoce.<\/p>\n\n\n\n<hr class=\"wp-block-separator has-alpha-channel-opacity\"\/>\n\n\n\n<div class=\"wp-block-media-text alignwide is-stacked-on-mobile\" style=\"grid-template-columns:30% auto\"><figure class=\"wp-block-media-text__media\"><a href=\"https:\/\/chateau-miglos.fr\/wordpress-test\/wp-content\/uploads\/2023\/09\/unisson-1.png\" data-rel=\"lightbox-gallery-l4LoXR2Z\" data-rl_title=\"unisson-1\" data-rl_caption=\"La soprano Brigitte Laffon accompagn\u00e9e par l\u2019ensemble vocal \u00ab\u00a0Unisson\u00a0\u00bb dirig\u00e9 par la chef de ch\u0153ur Jeanine Prosper.\" title=\"unisson-1\"><img loading=\"lazy\" decoding=\"async\" width=\"827\" height=\"551\" src=\"https:\/\/chateau-miglos.fr\/wordpress-test\/wp-content\/uploads\/2023\/09\/unisson-1.png\" alt=\"\" class=\"wp-image-9011 size-full\"\/><\/a><\/figure><div class=\"wp-block-media-text__content\">\n<h4 class=\"wp-block-heading has-text-color\" style=\"color:#2e9057\"><strong>Le Samedi 16 Septembre 2023 \u00e0 16h00 &#8211; Eglise Saint-Hilaire, Arquizat-Miglos<\/strong><\/h4>\n\n\n\n<p class=\"has-text-color\" style=\"color:#2e9057\"><strong>Ari\u00e8jo \u00f4 moun pa\u00efs <\/strong>sera chant\u00e9 par la<strong> soprano Brigitte Lafon <\/strong>accompagn\u00e9e par l\u2019ensemble<strong> vocal \u00ab&nbsp;Unisson&nbsp;\u00bb<\/strong> dirig\u00e9 par la <strong>chef de ch\u0153ur Jeanine Prosper.<\/strong><\/p>\n\n\n\n<p>Nous avions eu le plaisir d&#8217;enregistrer en avril 2016, \u201c<em>Ari\u00e8jo \u00f4 moun pa\u00efs<\/em>\u201d en l&#8217;\u00e9glise Saint-Hilaire &#8211; Arquizat-Miglos <a href=\"https:\/\/chateau-miglos.fr\/wordpress-test\/2016\/04\/11\/ariejo-o-moun-pais\/\" target=\"_blank\" rel=\"noreferrer noopener\"><strong>par l\u2019ensemble Vocal \u201cUnisson\u201d, Chef de ch\u0153ur Jeanine Prosper &#8211; Samedi 9 avril 2016<\/strong><\/a><\/p>\n\n\n\n<p>Informations : <em>Gratuit. Entr\u00e9e libre. <\/em>&#8211; T\u00e9l\u00e9phone AACM : 06 52 88 73 53<\/p>\n<\/div><\/div>\n\n\n\n<div class=\"wp-block-media-text has-media-on-the-right is-stacked-on-mobile\" style=\"grid-template-columns:auto 25%\"><div class=\"wp-block-media-text__content\">\n<p> <\/p>\n\n\n\n<p><strong>Brigitte Lafon est une chanteuse lyrique de renomm\u00e9e internationale, passionn\u00e9e d\u2019humour et d\u2019op\u00e9ra.<\/strong> Dipl\u00f4m\u00e9e de l\u2019Ecole du Louvre, elle entre dans la troupe de L\u2019Op\u00e9ra de Lyon en 1982. Bob Wilson la choisit pour deux de ses cr\u00e9ations. En 1986, elle remporte le premier prix \u00e0 l\u2019unanimit\u00e9 du \u00ab Forum International de la M\u00e9lodie et du Lied d\u2019Ile-de-France \u00bb. En 1989, elle est \u00e9lue \u00ab Soliste de l\u2019Ann\u00e9e \u00bb par \u00ab l\u2019Union Europ\u00e9enne des Radios \u00bb et chante en concert en Italie, Espagne, Maroc, Allemagne, Liban, Isra\u00ebl, Canada, Chine, U.S.A.\u2026 Et dans tous les pays francophones. Elle tourne dans plusieurs films d\u2019op\u00e9ra (\u00ab Manon Lescaut \u00bb \u00e0 l\u2019Op\u00e9ra-Comique\u2026), participe \u00e0 de nombreuses \u00e9missions t\u00e9l\u00e9vis\u00e9es et radiophoniques, et enregistre plusieurs CD, certains en premi\u00e8re mondiale. Brigitte Lafon est l\u2019invit\u00e9e r\u00e9guli\u00e8re de nombreux festivals: Beijing Fringe Festival, Wexford en Irlande, Vaison-la-Romaine, Aix-en-Provence, Festival Estival et Festival d\u2019Art Sacr\u00e9 de Paris, Printemps des Arts \u00e0 Nantes, Festival d\u2019Auvers-sur-Oise ou de Musique Sacr\u00e9e \u00e0 Marseille\u2026 Elle se produit sur les plus grandes sc\u00e8nes lyriques et avec les meilleurs orchestres dans un r\u00e9pertoire de plus de 100 r\u00f4les d\u2019op\u00e9ra et d\u2019oratorio !<\/p>\n\n\n\n<p> <\/p>\n<\/div><figure class=\"wp-block-media-text__media\"><img loading=\"lazy\" decoding=\"async\" width=\"768\" height=\"1024\" src=\"https:\/\/chateau-miglos.fr\/wordpress-test\/wp-content\/uploads\/2023\/09\/affiche-JP2023-sabas-768x1024.jpg\" alt=\"\" class=\"wp-image-8978 size-full\"\/><\/figure><\/div>\n\n\n\n<p>Sp\u00e9cialiste de technique vocale, elle intervient depuis de nombreuses ann\u00e9es lors de master classes dans les conservatoires.<br>Titulaire du Certificat d\u2019aptitude de professeur de chant, elle a enseign\u00e9 pendant des ann\u00e9es \u00e0 Nantes et \u00e0 La Roche-sur-Yon.<br>Brigitte Lafon a cr\u00e9\u00e9 ses \u00ab SHOW de DIVAS \u00bb, spectacles d\u2019op\u00e9ra-humour accessibles \u00e0 tous les publics, dans le but de partager son go\u00fbt du rire et de la musique avec le plus grand nombre.<br>La cantatrice Brigitte Lafon, soprano lyrique l\u00e9ger, s\u2019est install\u00e9e depuis juillet 2023 pr\u00e8s des halles de B\u00e9ziers o\u00f9 elle enseigne le chant tout en interpr\u00e9tant son r\u00e9pertoire lors d\u2019\u00e9v\u00e9nements festifs.<\/p>\n\n\n\n<hr class=\"wp-block-separator has-alpha-channel-opacity\"\/>\n\n\n\n<div class=\"wp-block-media-text alignwide is-stacked-on-mobile\" style=\"grid-template-columns:30% auto\"><figure class=\"wp-block-media-text__media\"><a href=\"https:\/\/chateau-miglos.fr\/wordpress-test\/wp-content\/uploads\/2023\/09\/Chiaroscuro.png\" data-rel=\"lightbox-gallery-l4LoXR2Z\" data-rl_title=\"Chiaroscuro\" data-rl_caption=\"\" title=\"Chiaroscuro\"><img loading=\"lazy\" decoding=\"async\" width=\"1024\" height=\"682\" src=\"https:\/\/chateau-miglos.fr\/wordpress-test\/wp-content\/uploads\/2023\/09\/Chiaroscuro-1024x682.png\" alt=\"\" class=\"wp-image-9249 size-full\"\/><\/a><\/figure><div class=\"wp-block-media-text__content\">\n<h4 class=\"wp-block-heading has-text-color\" style=\"color:#2e9057\"><strong>Le Samedi 16 Septembre 2023 de 17h00 &#8211; <s>Ch\u00e2teau de Miglos<\/s><\/strong><\/h4>\n\n\n\n<p class=\"has-vivid-red-color has-text-color has-medium-font-size\"><strong>CONCERT D\u00c9PLAC\u00c9 &#8211; \u00e0 l\u2019\u00e9glise Saint-Hilaire, Arquizat-Miglos.<\/strong><\/p>\n\n\n\n<p class=\"has-text-color\" style=\"color:#2e9057\"><strong>Du Moyen \u00c2ge \u00e0 la Renaissance, la musique de Chiaroscuro va vous enchanter<\/strong><\/p>\n\n\n\n<p>N\u00e9 de la rencontre en 2018 de quatre musiciens Ari\u00e9geois et Toulousains, Chiaroscuro est un quartet qui explore les r\u00e9pertoires musicaux du Moyen-Age et de la Renaissance, tout en faisant des incursions dans les musiques traditionnelles et le Baroque.<\/p>\n\n\n\n<ul>\n<li>Jo\u00ebl Sitbon \u2013 viole de gambe, chant<\/li>\n\n\n\n<li>Rapha\u00ebl Mateos \u2013 harpe celtique , tambour carr\u00e9, chant<\/li>\n\n\n\n<li>Kristen Annequin \u2013 percussions, mandoline, chant<\/li>\n\n\n\n<li>Adrien Da Cunha \u2013 bouzouki, oud, chalumeau, chant<\/li>\n<\/ul>\n<\/div><\/div>\n\n\n\n<div class=\"wp-block-columns is-layout-flex wp-container-core-columns-layout-1 wp-block-columns-is-layout-flex\">\n<div class=\"wp-block-column is-layout-flow wp-block-column-is-layout-flow\" style=\"flex-basis:66.66%\">\n<p>Dans leur musique, ils tentent de redonner vie \u00e0 ces airs anciens en leur offrant relief, nuances, textures et \u00e9nergie, sans s&#8217;attacher \u00e0 une rigueur musicologique trop enfermante. Afin que l&#8217;oreille de l&#8217;auditeur parte dans un voyage sonore surprenant, ils revisitent ces musiques en leur insufflant \u00e9nergie, \u00e9motion et humour, sans s&#8217;interdire audaces et coups de folies.<\/p>\n\n\n\n<p>Le \u00abclair-obscur\u00bb est une grande inspiration pour cet ensemble, d&#8217;o\u00f9 son nom. Cette technique de peinture ch\u00e8re \u00e0 la Renaissance privil\u00e9gie la suggestion visuelle, l&#8217;\u00e9vocation, et utilise l&#8217;obscurit\u00e9 pour r\u00e9v\u00e9ler les zones de lumi\u00e8re, guidant ainsi l&#8217;oeil de l&#8217;observateur vers l&#8217;endroit choisi. Le clair-obscur permet \u00e9galement de donner du relief aux objets, aux textures et aux personnages.<\/p>\n\n\n\n<p><a href=\"https:\/\/chiaroscuro-ensemble.wixsite.com\/musique\" target=\"_blank\" rel=\"noreferrer noopener\"><strong>chiaroscuro-ensemble.wixsite.com<\/strong><\/a><\/p>\n\n\n\n<p>Informations : <em>Gratuit. Entr\u00e9e libre. Site de plein air en moyenne montagne, pr\u00e9voir tenue et chaussures adapt\u00e9es. Le concert se produira en salle, en cas de mauvais temps.<\/em><br>T\u00e9l\u00e9phone Conseil D\u00e9partemental de l&#8217;Ari\u00e8ge &#8211; Direction de la Culture, Sport, Education et du Patrimoine : 07 88 62 44 34<\/p>\n<\/div>\n\n\n\n<div class=\"wp-block-column is-layout-flow wp-block-column-is-layout-flow\" style=\"flex-basis:33.33%\">\n<figure class=\"wp-block-image size-large\"><a href=\"https:\/\/chateau-miglos.fr\/wordpress-test\/wp-content\/uploads\/2023\/09\/concert-deplace.png\" data-rel=\"lightbox-gallery-l4LoXR2Z\" data-rl_title=\"concert-deplace\" data-rl_caption=\"\" title=\"concert-deplace\"><img loading=\"lazy\" decoding=\"async\" width=\"724\" height=\"1024\" src=\"https:\/\/chateau-miglos.fr\/wordpress-test\/wp-content\/uploads\/2023\/09\/concert-deplace-724x1024.png\" alt=\"\" class=\"wp-image-9263\"\/><\/a><\/figure>\n<\/div>\n<\/div>\n\n\n\n<p><\/p>\n","protected":false},"excerpt":{"rendered":"<p>Samedi 16 et dimanche 17 septembre de 10h00 \u00e0 17h00 Exposition : &#8220;Les 100 ans de l\u2019abb\u00e9 Sabas Maury&#8221;Il est connu en tant qu&#8217;auteur de l&#8217;hymne ari\u00e9geois intitul\u00e9 \u00ab Ari\u00e8jo &#8230;<\/p>\n","protected":false},"author":2,"featured_media":9256,"comment_status":"closed","ping_status":"closed","sticky":false,"template":"","format":"standard","meta":{"ngg_post_thumbnail":0,"footnotes":""},"categories":[4,39,31],"tags":[],"yoast_head":"<!-- This site is optimized with the Yoast SEO plugin v23.0 - https:\/\/yoast.com\/wordpress\/plugins\/seo\/ -->\n<title>Journ\u00e9es Europ\u00e9ennes du Patrimoine 2023 - Ch\u00e2teau de Miglos<\/title>\n<meta name=\"description\" content=\"Journ\u00e9es Europ\u00e9ennes du Patrimoine 2023 - Samedi 16 et dimanche 17 septembre\" \/>\n<meta name=\"robots\" content=\"index, follow, max-snippet:-1, max-image-preview:large, max-video-preview:-1\" \/>\n<link rel=\"canonical\" href=\"https:\/\/chateau-miglos.fr\/wordpress-test\/2023\/09\/03\/journees-europeennes-du-patrimoine-2023-a-miglos\/\" \/>\n<meta property=\"og:locale\" content=\"fr_FR\" \/>\n<meta property=\"og:type\" content=\"article\" \/>\n<meta property=\"og:title\" content=\"Journ\u00e9es Europ\u00e9ennes du Patrimoine 2023 \u00e0 Miglos\" \/>\n<meta property=\"og:description\" content=\"Journ\u00e9es Europ\u00e9ennes du Patrimoine 2023 - Samedi 16 et dimanche 17 septembre\" \/>\n<meta property=\"og:url\" content=\"https:\/\/chateau-miglos.fr\/wordpress-test\/2023\/09\/03\/journees-europeennes-du-patrimoine-2023-a-miglos\/\" \/>\n<meta property=\"og:site_name\" content=\"Ch\u00e2teau de Miglos\" \/>\n<meta property=\"article:publisher\" content=\"https:\/\/www.facebook.com\/chateaudemiglos\/\" \/>\n<meta property=\"article:published_time\" content=\"2023-09-02T23:45:41+00:00\" \/>\n<meta property=\"article:modified_time\" content=\"2023-09-14T23:49:23+00:00\" \/>\n<meta property=\"og:image\" content=\"https:\/\/chateau-miglos.fr\/wordpress-test\/wp-content\/uploads\/2023\/09\/avant-reseau-JEP2023-2.jpg\" \/>\n\t<meta property=\"og:image:width\" content=\"1000\" \/>\n\t<meta property=\"og:image:height\" content=\"525\" \/>\n\t<meta property=\"og:image:type\" content=\"image\/jpeg\" \/>\n<meta name=\"author\" content=\"AACM\" \/>\n<meta name=\"twitter:card\" content=\"summary_large_image\" \/>\n<meta name=\"twitter:title\" content=\"Journ\u00e9es Europ\u00e9ennes du Patrimoine 2023 \u00e0 Miglos\" \/>\n<meta name=\"twitter:description\" content=\"Journ\u00e9es Europ\u00e9ennes du Patrimoine 2023 - Samedi 16 et dimanche 17 septembre\" \/>\n<meta name=\"twitter:image\" content=\"https:\/\/chateau-miglos.fr\/wordpress-test\/wp-content\/uploads\/2023\/09\/avant-reseau-JEP2023-2.jpg\" \/>\n<meta name=\"twitter:label1\" content=\"\u00c9crit par\" \/>\n\t<meta name=\"twitter:data1\" content=\"AACM\" \/>\n\t<meta name=\"twitter:label2\" content=\"Dur\u00e9e de lecture estim\u00e9e\" \/>\n\t<meta name=\"twitter:data2\" content=\"5 minutes\" \/>\n<script type=\"application\/ld+json\" class=\"yoast-schema-graph\">{\"@context\":\"https:\/\/schema.org\",\"@graph\":[{\"@type\":\"Article\",\"@id\":\"https:\/\/chateau-miglos.fr\/wordpress-test\/2023\/09\/03\/journees-europeennes-du-patrimoine-2023-a-miglos\/#article\",\"isPartOf\":{\"@id\":\"https:\/\/chateau-miglos.fr\/wordpress-test\/2023\/09\/03\/journees-europeennes-du-patrimoine-2023-a-miglos\/\"},\"author\":{\"name\":\"AACM\",\"@id\":\"https:\/\/chateau-miglos.fr\/wordpress-test\/#\/schema\/person\/c7c9d611967a7bba7db9f7d72154455e\"},\"headline\":\"Journ\u00e9es Europ\u00e9ennes du Patrimoine 2023\",\"datePublished\":\"2023-09-02T23:45:41+00:00\",\"dateModified\":\"2023-09-14T23:49:23+00:00\",\"mainEntityOfPage\":{\"@id\":\"https:\/\/chateau-miglos.fr\/wordpress-test\/2023\/09\/03\/journees-europeennes-du-patrimoine-2023-a-miglos\/\"},\"wordCount\":755,\"publisher\":{\"@id\":\"https:\/\/chateau-miglos.fr\/wordpress-test\/#organization\"},\"image\":{\"@id\":\"https:\/\/chateau-miglos.fr\/wordpress-test\/2023\/09\/03\/journees-europeennes-du-patrimoine-2023-a-miglos\/#primaryimage\"},\"thumbnailUrl\":\"https:\/\/chateau-miglos.fr\/wordpress-test\/wp-content\/uploads\/2023\/09\/facebook.jpg\",\"articleSection\":[\"Actualit\u00e9s\",\"Ari\u00e8jo \u00f4 moun pa\u00efs\",\"JEP Patrimoine\"],\"inLanguage\":\"fr-FR\"},{\"@type\":\"WebPage\",\"@id\":\"https:\/\/chateau-miglos.fr\/wordpress-test\/2023\/09\/03\/journees-europeennes-du-patrimoine-2023-a-miglos\/\",\"url\":\"https:\/\/chateau-miglos.fr\/wordpress-test\/2023\/09\/03\/journees-europeennes-du-patrimoine-2023-a-miglos\/\",\"name\":\"Journ\u00e9es Europ\u00e9ennes du Patrimoine 2023 - Ch\u00e2teau de Miglos\",\"isPartOf\":{\"@id\":\"https:\/\/chateau-miglos.fr\/wordpress-test\/#website\"},\"primaryImageOfPage\":{\"@id\":\"https:\/\/chateau-miglos.fr\/wordpress-test\/2023\/09\/03\/journees-europeennes-du-patrimoine-2023-a-miglos\/#primaryimage\"},\"image\":{\"@id\":\"https:\/\/chateau-miglos.fr\/wordpress-test\/2023\/09\/03\/journees-europeennes-du-patrimoine-2023-a-miglos\/#primaryimage\"},\"thumbnailUrl\":\"https:\/\/chateau-miglos.fr\/wordpress-test\/wp-content\/uploads\/2023\/09\/facebook.jpg\",\"datePublished\":\"2023-09-02T23:45:41+00:00\",\"dateModified\":\"2023-09-14T23:49:23+00:00\",\"description\":\"Journ\u00e9es Europ\u00e9ennes du Patrimoine 2023 - Samedi 16 et dimanche 17 septembre\",\"breadcrumb\":{\"@id\":\"https:\/\/chateau-miglos.fr\/wordpress-test\/2023\/09\/03\/journees-europeennes-du-patrimoine-2023-a-miglos\/#breadcrumb\"},\"inLanguage\":\"fr-FR\",\"potentialAction\":[{\"@type\":\"ReadAction\",\"target\":[\"https:\/\/chateau-miglos.fr\/wordpress-test\/2023\/09\/03\/journees-europeennes-du-patrimoine-2023-a-miglos\/\"]}]},{\"@type\":\"ImageObject\",\"inLanguage\":\"fr-FR\",\"@id\":\"https:\/\/chateau-miglos.fr\/wordpress-test\/2023\/09\/03\/journees-europeennes-du-patrimoine-2023-a-miglos\/#primaryimage\",\"url\":\"https:\/\/chateau-miglos.fr\/wordpress-test\/wp-content\/uploads\/2023\/09\/facebook.jpg\",\"contentUrl\":\"https:\/\/chateau-miglos.fr\/wordpress-test\/wp-content\/uploads\/2023\/09\/facebook.jpg\",\"width\":2500,\"height\":1313},{\"@type\":\"BreadcrumbList\",\"@id\":\"https:\/\/chateau-miglos.fr\/wordpress-test\/2023\/09\/03\/journees-europeennes-du-patrimoine-2023-a-miglos\/#breadcrumb\",\"itemListElement\":[{\"@type\":\"ListItem\",\"position\":1,\"name\":\"Accueil\",\"item\":\"https:\/\/chateau-miglos.fr\/wordpress-test\/\"},{\"@type\":\"ListItem\",\"position\":2,\"name\":\"Journ\u00e9es Europ\u00e9ennes du Patrimoine 2023\"}]},{\"@type\":\"WebSite\",\"@id\":\"https:\/\/chateau-miglos.fr\/wordpress-test\/#website\",\"url\":\"https:\/\/chateau-miglos.fr\/wordpress-test\/\",\"name\":\"Ch\u00e2teau de Miglos\",\"description\":\"une ch\u00e2teau, une vall\u00e9e\",\"publisher\":{\"@id\":\"https:\/\/chateau-miglos.fr\/wordpress-test\/#organization\"},\"potentialAction\":[{\"@type\":\"SearchAction\",\"target\":{\"@type\":\"EntryPoint\",\"urlTemplate\":\"https:\/\/chateau-miglos.fr\/wordpress-test\/?s={search_term_string}\"},\"query-input\":\"required name=search_term_string\"}],\"inLanguage\":\"fr-FR\"},{\"@type\":\"Organization\",\"@id\":\"https:\/\/chateau-miglos.fr\/wordpress-test\/#organization\",\"name\":\"Ch\u00e2teau de Miglos\",\"url\":\"https:\/\/chateau-miglos.fr\/wordpress-test\/\",\"logo\":{\"@type\":\"ImageObject\",\"inLanguage\":\"fr-FR\",\"@id\":\"https:\/\/chateau-miglos.fr\/wordpress-test\/#\/schema\/logo\/image\/\",\"url\":\"https:\/\/chateau-miglos.fr\/wordpress-test\/wp-content\/uploads\/2019\/06\/seul.png\",\"contentUrl\":\"https:\/\/chateau-miglos.fr\/wordpress-test\/wp-content\/uploads\/2019\/06\/seul.png\",\"width\":801,\"height\":705,\"caption\":\"Ch\u00e2teau de Miglos\"},\"image\":{\"@id\":\"https:\/\/chateau-miglos.fr\/wordpress-test\/#\/schema\/logo\/image\/\"},\"sameAs\":[\"https:\/\/www.facebook.com\/chateaudemiglos\/\",\"https:\/\/www.instagram.com\/chateaudemiglos\/\",\"https:\/\/www.youtube.com\/channel\/UC70FrOmo9xvq8eHCA4YTs9A\",\"https:\/\/fr.wikipedia.org\/wiki\/Ch\u00e2teau_de_Miglos\"]},{\"@type\":\"Person\",\"@id\":\"https:\/\/chateau-miglos.fr\/wordpress-test\/#\/schema\/person\/c7c9d611967a7bba7db9f7d72154455e\",\"name\":\"AACM\",\"image\":{\"@type\":\"ImageObject\",\"inLanguage\":\"fr-FR\",\"@id\":\"https:\/\/chateau-miglos.fr\/wordpress-test\/#\/schema\/person\/image\/\",\"url\":\"https:\/\/secure.gravatar.com\/avatar\/b704daf4c3f56428875cf047b8f9eb25?s=96&d=mm&r=g\",\"contentUrl\":\"https:\/\/secure.gravatar.com\/avatar\/b704daf4c3f56428875cf047b8f9eb25?s=96&d=mm&r=g\",\"caption\":\"AACM\"}}]}<\/script>\n<!-- \/ Yoast SEO plugin. -->","yoast_head_json":{"title":"Journ\u00e9es Europ\u00e9ennes du Patrimoine 2023 - Ch\u00e2teau de Miglos","description":"Journ\u00e9es Europ\u00e9ennes du Patrimoine 2023 - Samedi 16 et dimanche 17 septembre","robots":{"index":"index","follow":"follow","max-snippet":"max-snippet:-1","max-image-preview":"max-image-preview:large","max-video-preview":"max-video-preview:-1"},"canonical":"https:\/\/chateau-miglos.fr\/wordpress-test\/2023\/09\/03\/journees-europeennes-du-patrimoine-2023-a-miglos\/","og_locale":"fr_FR","og_type":"article","og_title":"Journ\u00e9es Europ\u00e9ennes du Patrimoine 2023 \u00e0 Miglos","og_description":"Journ\u00e9es Europ\u00e9ennes du Patrimoine 2023 - Samedi 16 et dimanche 17 septembre","og_url":"https:\/\/chateau-miglos.fr\/wordpress-test\/2023\/09\/03\/journees-europeennes-du-patrimoine-2023-a-miglos\/","og_site_name":"Ch\u00e2teau de Miglos","article_publisher":"https:\/\/www.facebook.com\/chateaudemiglos\/","article_published_time":"2023-09-02T23:45:41+00:00","article_modified_time":"2023-09-14T23:49:23+00:00","og_image":[{"width":1000,"height":525,"url":"https:\/\/chateau-miglos.fr\/wordpress-test\/wp-content\/uploads\/2023\/09\/avant-reseau-JEP2023-2.jpg","type":"image\/jpeg"}],"author":"AACM","twitter_card":"summary_large_image","twitter_title":"Journ\u00e9es Europ\u00e9ennes du Patrimoine 2023 \u00e0 Miglos","twitter_description":"Journ\u00e9es Europ\u00e9ennes du Patrimoine 2023 - Samedi 16 et dimanche 17 septembre","twitter_image":"https:\/\/chateau-miglos.fr\/wordpress-test\/wp-content\/uploads\/2023\/09\/avant-reseau-JEP2023-2.jpg","twitter_misc":{"\u00c9crit par":"AACM","Dur\u00e9e de lecture estim\u00e9e":"5 minutes"},"schema":{"@context":"https:\/\/schema.org","@graph":[{"@type":"Article","@id":"https:\/\/chateau-miglos.fr\/wordpress-test\/2023\/09\/03\/journees-europeennes-du-patrimoine-2023-a-miglos\/#article","isPartOf":{"@id":"https:\/\/chateau-miglos.fr\/wordpress-test\/2023\/09\/03\/journees-europeennes-du-patrimoine-2023-a-miglos\/"},"author":{"name":"AACM","@id":"https:\/\/chateau-miglos.fr\/wordpress-test\/#\/schema\/person\/c7c9d611967a7bba7db9f7d72154455e"},"headline":"Journ\u00e9es Europ\u00e9ennes du Patrimoine 2023","datePublished":"2023-09-02T23:45:41+00:00","dateModified":"2023-09-14T23:49:23+00:00","mainEntityOfPage":{"@id":"https:\/\/chateau-miglos.fr\/wordpress-test\/2023\/09\/03\/journees-europeennes-du-patrimoine-2023-a-miglos\/"},"wordCount":755,"publisher":{"@id":"https:\/\/chateau-miglos.fr\/wordpress-test\/#organization"},"image":{"@id":"https:\/\/chateau-miglos.fr\/wordpress-test\/2023\/09\/03\/journees-europeennes-du-patrimoine-2023-a-miglos\/#primaryimage"},"thumbnailUrl":"https:\/\/chateau-miglos.fr\/wordpress-test\/wp-content\/uploads\/2023\/09\/facebook.jpg","articleSection":["Actualit\u00e9s","Ari\u00e8jo \u00f4 moun pa\u00efs","JEP Patrimoine"],"inLanguage":"fr-FR"},{"@type":"WebPage","@id":"https:\/\/chateau-miglos.fr\/wordpress-test\/2023\/09\/03\/journees-europeennes-du-patrimoine-2023-a-miglos\/","url":"https:\/\/chateau-miglos.fr\/wordpress-test\/2023\/09\/03\/journees-europeennes-du-patrimoine-2023-a-miglos\/","name":"Journ\u00e9es Europ\u00e9ennes du Patrimoine 2023 - Ch\u00e2teau de Miglos","isPartOf":{"@id":"https:\/\/chateau-miglos.fr\/wordpress-test\/#website"},"primaryImageOfPage":{"@id":"https:\/\/chateau-miglos.fr\/wordpress-test\/2023\/09\/03\/journees-europeennes-du-patrimoine-2023-a-miglos\/#primaryimage"},"image":{"@id":"https:\/\/chateau-miglos.fr\/wordpress-test\/2023\/09\/03\/journees-europeennes-du-patrimoine-2023-a-miglos\/#primaryimage"},"thumbnailUrl":"https:\/\/chateau-miglos.fr\/wordpress-test\/wp-content\/uploads\/2023\/09\/facebook.jpg","datePublished":"2023-09-02T23:45:41+00:00","dateModified":"2023-09-14T23:49:23+00:00","description":"Journ\u00e9es Europ\u00e9ennes du Patrimoine 2023 - Samedi 16 et dimanche 17 septembre","breadcrumb":{"@id":"https:\/\/chateau-miglos.fr\/wordpress-test\/2023\/09\/03\/journees-europeennes-du-patrimoine-2023-a-miglos\/#breadcrumb"},"inLanguage":"fr-FR","potentialAction":[{"@type":"ReadAction","target":["https:\/\/chateau-miglos.fr\/wordpress-test\/2023\/09\/03\/journees-europeennes-du-patrimoine-2023-a-miglos\/"]}]},{"@type":"ImageObject","inLanguage":"fr-FR","@id":"https:\/\/chateau-miglos.fr\/wordpress-test\/2023\/09\/03\/journees-europeennes-du-patrimoine-2023-a-miglos\/#primaryimage","url":"https:\/\/chateau-miglos.fr\/wordpress-test\/wp-content\/uploads\/2023\/09\/facebook.jpg","contentUrl":"https:\/\/chateau-miglos.fr\/wordpress-test\/wp-content\/uploads\/2023\/09\/facebook.jpg","width":2500,"height":1313},{"@type":"BreadcrumbList","@id":"https:\/\/chateau-miglos.fr\/wordpress-test\/2023\/09\/03\/journees-europeennes-du-patrimoine-2023-a-miglos\/#breadcrumb","itemListElement":[{"@type":"ListItem","position":1,"name":"Accueil","item":"https:\/\/chateau-miglos.fr\/wordpress-test\/"},{"@type":"ListItem","position":2,"name":"Journ\u00e9es Europ\u00e9ennes du Patrimoine 2023"}]},{"@type":"WebSite","@id":"https:\/\/chateau-miglos.fr\/wordpress-test\/#website","url":"https:\/\/chateau-miglos.fr\/wordpress-test\/","name":"Ch\u00e2teau de Miglos","description":"une ch\u00e2teau, une vall\u00e9e","publisher":{"@id":"https:\/\/chateau-miglos.fr\/wordpress-test\/#organization"},"potentialAction":[{"@type":"SearchAction","target":{"@type":"EntryPoint","urlTemplate":"https:\/\/chateau-miglos.fr\/wordpress-test\/?s={search_term_string}"},"query-input":"required name=search_term_string"}],"inLanguage":"fr-FR"},{"@type":"Organization","@id":"https:\/\/chateau-miglos.fr\/wordpress-test\/#organization","name":"Ch\u00e2teau de Miglos","url":"https:\/\/chateau-miglos.fr\/wordpress-test\/","logo":{"@type":"ImageObject","inLanguage":"fr-FR","@id":"https:\/\/chateau-miglos.fr\/wordpress-test\/#\/schema\/logo\/image\/","url":"https:\/\/chateau-miglos.fr\/wordpress-test\/wp-content\/uploads\/2019\/06\/seul.png","contentUrl":"https:\/\/chateau-miglos.fr\/wordpress-test\/wp-content\/uploads\/2019\/06\/seul.png","width":801,"height":705,"caption":"Ch\u00e2teau de Miglos"},"image":{"@id":"https:\/\/chateau-miglos.fr\/wordpress-test\/#\/schema\/logo\/image\/"},"sameAs":["https:\/\/www.facebook.com\/chateaudemiglos\/","https:\/\/www.instagram.com\/chateaudemiglos\/","https:\/\/www.youtube.com\/channel\/UC70FrOmo9xvq8eHCA4YTs9A","https:\/\/fr.wikipedia.org\/wiki\/Ch\u00e2teau_de_Miglos"]},{"@type":"Person","@id":"https:\/\/chateau-miglos.fr\/wordpress-test\/#\/schema\/person\/c7c9d611967a7bba7db9f7d72154455e","name":"AACM","image":{"@type":"ImageObject","inLanguage":"fr-FR","@id":"https:\/\/chateau-miglos.fr\/wordpress-test\/#\/schema\/person\/image\/","url":"https:\/\/secure.gravatar.com\/avatar\/b704daf4c3f56428875cf047b8f9eb25?s=96&d=mm&r=g","contentUrl":"https:\/\/secure.gravatar.com\/avatar\/b704daf4c3f56428875cf047b8f9eb25?s=96&d=mm&r=g","caption":"AACM"}}]}},"jetpack_featured_media_url":"https:\/\/chateau-miglos.fr\/wordpress-test\/wp-content\/uploads\/2023\/09\/facebook.jpg","rttpg_featured_image_url":{"full":["https:\/\/chateau-miglos.fr\/wordpress-test\/wp-content\/uploads\/2023\/09\/facebook.jpg",2500,1313,false],"landscape":["https:\/\/chateau-miglos.fr\/wordpress-test\/wp-content\/uploads\/2023\/09\/facebook.jpg",2500,1313,false],"portraits":["https:\/\/chateau-miglos.fr\/wordpress-test\/wp-content\/uploads\/2023\/09\/facebook.jpg",2500,1313,false],"thumbnail":["https:\/\/chateau-miglos.fr\/wordpress-test\/wp-content\/uploads\/2023\/09\/facebook-150x150.jpg",150,150,true],"medium":["https:\/\/chateau-miglos.fr\/wordpress-test\/wp-content\/uploads\/2023\/09\/facebook-300x158.jpg",300,158,true],"large":["https:\/\/chateau-miglos.fr\/wordpress-test\/wp-content\/uploads\/2023\/09\/facebook-1024x538.jpg",800,420,true],"1536x1536":["https:\/\/chateau-miglos.fr\/wordpress-test\/wp-content\/uploads\/2023\/09\/facebook-1536x807.jpg",1536,807,true],"2048x2048":["https:\/\/chateau-miglos.fr\/wordpress-test\/wp-content\/uploads\/2023\/09\/facebook-2048x1076.jpg",2048,1076,true],"onepress-blog-small":["https:\/\/chateau-miglos.fr\/wordpress-test\/wp-content\/uploads\/2023\/09\/facebook-300x150.jpg",300,150,true],"onepress-small":["https:\/\/chateau-miglos.fr\/wordpress-test\/wp-content\/uploads\/2023\/09\/facebook-480x300.jpg",480,300,true],"onepress-medium":["https:\/\/chateau-miglos.fr\/wordpress-test\/wp-content\/uploads\/2023\/09\/facebook-640x400.jpg",640,400,true],"sow-carousel-default":["https:\/\/chateau-miglos.fr\/wordpress-test\/wp-content\/uploads\/2023\/09\/facebook-272x182.jpg",272,182,true]},"rttpg_author":{"display_name":"AACM","author_link":"https:\/\/chateau-miglos.fr\/wordpress-test\/author\/aacm\/"},"rttpg_comment":0,"rttpg_category":"<a href=\"https:\/\/chateau-miglos.fr\/wordpress-test\/category\/actualites\/\" rel=\"category tag\">Actualit\u00e9s<\/a> <a href=\"https:\/\/chateau-miglos.fr\/wordpress-test\/category\/ariejo-o-moun-pais\/\" rel=\"category tag\">Ari\u00e8jo \u00f4 moun pa\u00efs<\/a> <a href=\"https:\/\/chateau-miglos.fr\/wordpress-test\/category\/patrimoine\/\" rel=\"category tag\">JEP Patrimoine<\/a>","rttpg_excerpt":"Samedi 16 et dimanche 17 septembre de 10h00 \u00e0 17h00 Exposition : &#8220;Les 100 ans de l\u2019abb\u00e9 Sabas Maury&#8221;Il est connu en tant qu&#8217;auteur de l&#8217;hymne ari\u00e9geois intitul\u00e9 \u00ab Ari\u00e8jo ...","_links":{"self":[{"href":"https:\/\/chateau-miglos.fr\/wordpress-test\/wp-json\/wp\/v2\/posts\/8975"}],"collection":[{"href":"https:\/\/chateau-miglos.fr\/wordpress-test\/wp-json\/wp\/v2\/posts"}],"about":[{"href":"https:\/\/chateau-miglos.fr\/wordpress-test\/wp-json\/wp\/v2\/types\/post"}],"author":[{"embeddable":true,"href":"https:\/\/chateau-miglos.fr\/wordpress-test\/wp-json\/wp\/v2\/users\/2"}],"replies":[{"embeddable":true,"href":"https:\/\/chateau-miglos.fr\/wordpress-test\/wp-json\/wp\/v2\/comments?post=8975"}],"version-history":[{"count":66,"href":"https:\/\/chateau-miglos.fr\/wordpress-test\/wp-json\/wp\/v2\/posts\/8975\/revisions"}],"predecessor-version":[{"id":9269,"href":"https:\/\/chateau-miglos.fr\/wordpress-test\/wp-json\/wp\/v2\/posts\/8975\/revisions\/9269"}],"wp:featuredmedia":[{"embeddable":true,"href":"https:\/\/chateau-miglos.fr\/wordpress-test\/wp-json\/wp\/v2\/media\/9256"}],"wp:attachment":[{"href":"https:\/\/chateau-miglos.fr\/wordpress-test\/wp-json\/wp\/v2\/media?parent=8975"}],"wp:term":[{"taxonomy":"category","embeddable":true,"href":"https:\/\/chateau-miglos.fr\/wordpress-test\/wp-json\/wp\/v2\/categories?post=8975"},{"taxonomy":"post_tag","embeddable":true,"href":"https:\/\/chateau-miglos.fr\/wordpress-test\/wp-json\/wp\/v2\/tags?post=8975"}],"curies":[{"name":"wp","href":"https:\/\/api.w.org\/{rel}","templated":true}]}}