{"id":8680,"date":"2023-06-30T01:15:09","date_gmt":"2023-06-29T23:15:09","guid":{"rendered":"https:\/\/chateau-miglos.fr\/wordpress-test\/?p=8680"},"modified":"2024-07-15T02:59:35","modified_gmt":"2024-07-15T00:59:35","slug":"programme-complet-de-lete-2023-au-chateau-de-miglos-du-18-juillet-au-23-aout-2023","status":"publish","type":"post","link":"https:\/\/chateau-miglos.fr\/wordpress-test\/2023\/06\/30\/programme-complet-de-lete-2023-au-chateau-de-miglos-du-18-juillet-au-23-aout-2023\/","title":{"rendered":"Le programme complet de l&#8217;\u00e9t\u00e9 2023 au ch\u00e2teau de Miglos &#8211; du 18 juillet au 23 ao\u00fbt 2023"},"content":{"rendered":"\n<h2 class=\"wp-block-heading\">Programme complet de l&#8217;\u00e9t\u00e9 2023<\/h2>\n\n\n\n<h3 class=\"wp-block-heading\">18 juillet au 23 ao\u00fbt 2023<\/h3>\n\n\n\n<figure class=\"wp-block-table aligncenter is-style-stripes\"><table><tbody><tr><td class=\"has-text-align-left\" data-align=\"left\"><strong>Mardi 18 juillet 2023 \u00e0 20h00<\/strong> <strong>au ch\u00e2teau de Miglos.<\/strong><br><strong>Conte<\/strong> <strong>\u201cCathares, le destin inachev\u00e9\u201d par Olivier de Robert<\/strong>, conteur, auteur et historien.<br><br><strong>Spectacle gratuit.<\/strong><br>Site de montagne, pr\u00e9voir des chaussures adapt\u00e9es.<br>Spectacle en int\u00e9rieur si mauvais temps.<br><strong>Tout public : Dur\u00e9e 1h30<br>Contact : 07.88.62.44.34<\/strong><\/td><td class=\"has-text-align-center\" data-align=\"center\"><a href=\"https:\/\/chateau-miglos.fr\/wordpress-test\/2023\/06\/26\/cathares-le-destin-inacheve-par-olivier-de-robert-18-juillet-2023\/\"><img decoding=\"async\" style=\"width: 200px;\" src=\"https:\/\/chateau-miglos.fr\/wordpress-test\/wp-content\/uploads\/2023\/06\/affiche-18juillet2023-de-robert.png\" alt=\"\"><\/a><br><strong><a href=\"https:\/\/chateau-miglos.fr\/wordpress-test\/2023\/06\/26\/cathares-le-destin-inacheve-par-olivier-de-robert-18-juillet-2023\/\">&gt;&gt;&gt; Suite&#8230;<\/a><\/strong><\/td><\/tr><tr><td class=\"has-text-align-left\" data-align=\"left\"><strong><strong>Mardi 25 juillet \u00e0 20h30<\/strong> au ch\u00e2teau de Miglos.<\/strong><br><strong>Balade cont\u00e9e par Cl\u00e9mence Marioni<\/strong>, conteuse, chanteuse, musicienne.<br><br>Dans le cadre du <strong>Festival du Conte de Saurat<\/strong>.<br>Balade cont\u00e9e <strong>offerte par le LAD<\/strong> (Lecture \u00c0 la Demande du Pays de Tarascon ).<br><br><strong>Les r\u00e9servations sont obligatoires\u2026<\/strong> <br>Par courriel : <a href=\"mailto:lecturepublique@cc-paysdetarascon.fr\">lecturepublique@cc-paysdetarascon.fr<\/a><br>Par t\u00e9l\u00e9phone :<strong> 05 61 66 13 74<\/strong><\/td><td class=\"has-text-align-center\" data-align=\"center\"><a href=\"https:\/\/chateau-miglos.fr\/wordpress-test\/2023\/06\/21\/balade-contee-par-clemence-marioni\/\"><img loading=\"lazy\" decoding=\"async\" width=\"723\" height=\"1024\" class=\"wp-image-8699\" style=\"width: 200px;\" src=\"https:\/\/chateau-miglos.fr\/wordpress-test\/wp-content\/uploads\/2023\/06\/festival-saurat-miglos-2023-1.png\" alt=\"\"><\/a><br> <strong><a href=\"https:\/\/chateau-miglos.fr\/wordpress-test\/2023\/06\/21\/balade-contee-par-clemence-marioni\/\">&gt;&gt;&gt; Suite&#8230;<\/a><\/strong><\/td><\/tr><tr><td class=\"has-text-align-left\" data-align=\"left\"><strong>Samedi 29 juillet 2023 \u00e0 19h au ch\u00e2teau de Miglos.<\/strong> <br><strong>JAZZ IN MIGLOS<br>Concert Jazz au pied du ch\u00e2teau par les musiciens du Collectif de jazz itin\u00e9rant \u201cJAZZ VOYAGEUR\u201c<\/strong><br><br><strong>DU SWING &amp; BR\u00c9SIL<br><\/strong>Le Quatuor cl\u00f4turera son p\u00e9riple le soir du 29 juillet au ch\u00e2teau de Miglos.<br>Pendant 26 jours, (du 4 juillet au 29 juillet 2023) le collectif Jazz Voyageur affrontera les cols et les n\u00e9v\u00e9s, instruments sur le dos, pour apporter chaque soir de la joie et de la bonne humeur dans les refuges et les g\u00eetes !<strong><br><br><strong>CONCERT GRATUIT \u2013 BUVETTE<\/strong><\/strong><\/td><td class=\"has-text-align-center\" data-align=\"center\"><a href=\"https:\/\/chateau-miglos.fr\/wordpress-test\/wp-content\/uploads\/2021\/06\/repas-2021.pdf\" target=\"_blank\" rel=\"noreferrer noopener nofollow\"><\/a><a href=\"https:\/\/chateau-miglos.fr\/wordpress-test\/2023\/06\/14\/jazz-voyageur-au-chateau-de-miglos-29-juillet-2023\/\"><img loading=\"lazy\" decoding=\"async\" width=\"1448\" height=\"2048\" class=\"wp-image-8538\" style=\"width: 200px;\" src=\"https:\/\/chateau-miglos.fr\/wordpress-test\/wp-content\/uploads\/2023\/06\/Affiche-2023-JAZZ-VOYAGEUR-s.png\" alt=\"\"><\/a><br>  <strong><a href=\"https:\/\/chateau-miglos.fr\/wordpress-test\/2023\/06\/14\/jazz-voyageur-au-chateau-de-miglos-29-juillet-2023\/\">&gt;&gt;&gt; Suite&#8230;<\/a><\/strong><\/td><\/tr><tr><td class=\"has-text-align-left\" data-align=\"left\"><strong>Samedi 5 ao\u00fbt 2023 \u00e0 21h00<\/strong> \u2013 <strong>au pied du ch\u00e2teau de Miglos<\/strong><br><strong>Bal-Trad avec Bouilleurs de Sons<\/strong><br><br>Venez danser au pied du ch\u00e2teau de Miglos au son de valses, mazurkas, scottishs, polkas, cercles circassiens\u2026<br><br><strong><strong>BAL TRAD GRATUIT \u2013 SOUS CHAPITEAU &#8211; BUVETTE<\/strong><\/strong><\/td><td class=\"has-text-align-center\" data-align=\"center\"><a href=\"https:\/\/chateau-miglos.fr\/wordpress-test\/2023\/06\/13\/bal-trad-avec-bouilleur-de-sons-5-aout-2023\/\"><img loading=\"lazy\" decoding=\"async\" width=\"724\" height=\"1024\" class=\"wp-image-8796\" style=\"width: 200px;\" src=\"https:\/\/chateau-miglos.fr\/wordpress-test\/wp-content\/uploads\/2023\/07\/bal-trad-miglos5aout2023-1.png\" alt=\"\"><img decoding=\"async\" class=\"wp-image-8651\" style=\"width: 200px;\" src=\"https:\/\/chateau-miglos.fr\/wordpress-test\/wp-content\/uploads\/2023\/06\/bal-trad-miglos5aout2023.png\" alt=\"\"><\/a><br> <strong><a href=\"https:\/\/chateau-miglos.fr\/wordpress-test\/2023\/06\/13\/bal-trad-avec-bouilleur-de-sons-5-aout-2023\/\">&gt;&gt;&gt; Suite&#8230;<\/a><\/strong><\/td><\/tr><tr><td class=\"has-text-align-left\" data-align=\"left\"><br><strong>Dimanche 6 ao\u00fbt 2023 de 10h \u00e0 17h<\/strong> \u2013 <strong>au pied du ch\u00e2teau de Miglos<\/strong><br><strong>Exposition photos \u2013 Julien Canet<\/strong><br><br><strong><strong>SOUS CHAPITEAU &#8211; BUVETTE<\/strong><\/strong><\/td><td class=\"has-text-align-center\" data-align=\"center\"><a href=\"https:\/\/chateau-miglos.fr\/wordpress-test\/2023\/06\/12\/exposition-photographique-julien-canet-songe-animal-6-aout-2023-au-chateau-de-miglos\/\"><img loading=\"lazy\" decoding=\"async\" width=\"724\" height=\"1024\" class=\"wp-image-8663\" style=\"width: 200px;\" src=\"https:\/\/chateau-miglos.fr\/wordpress-test\/wp-content\/uploads\/2023\/06\/songe-animal-canet-2023.png\" alt=\"\"><\/a><br> <strong><a href=\"https:\/\/chateau-miglos.fr\/wordpress-test\/2023\/06\/12\/exposition-photographique-julien-canet-songe-animal-6-aout-2023-au-chateau-de-miglos\/\">&gt;&gt;&gt; Suite&#8230;<\/a><\/strong><\/td><\/tr><tr><td class=\"has-text-align-left\" data-align=\"left\"><strong>Dimanche 6 ao\u00fbt 2023 de 10h \u00e0 17h \u2013 au pied du ch\u00e2teau de Miglos<\/strong><br><strong>Exposition 2023 &#8211; Tableaux<\/strong><br><br>Nous aurons le tr\u00e8s grand plaisir de pouvoir admirer les tableaux de :<br><strong>&#8211; Alberte FOUCART<br>&#8211; Bernard GUILHAUMON<br>&#8211; Michel RALUY<br>&#8211; Gisela SCHAICH<br>&#8211; Didier VIEUBLED<\/strong><br><br><strong><strong>SOUS CHAPITEAU &#8211; BUVETTE<\/strong><\/strong><br><\/td><td class=\"has-text-align-center\" data-align=\"center\"><a href=\"https:\/\/chateau-miglos.fr\/wordpress-test\/2023\/06\/12\/exposition-peintures-aquarelles-6-aout-2023\/\"><img loading=\"lazy\" decoding=\"async\" width=\"742\" height=\"1024\" class=\"wp-image-8743\" style=\"width: 200px;\" src=\"https:\/\/chateau-miglos.fr\/wordpress-test\/wp-content\/uploads\/2023\/06\/affiche-expo-2023-1.png\" alt=\"\"><\/a><br> <strong><a href=\"https:\/\/chateau-miglos.fr\/wordpress-test\/2023\/06\/12\/exposition-peintures-aquarelles-6-aout-2023\/\">&gt;&gt;&gt; Suite&#8230;<\/a><\/strong> <\/td><\/tr><tr><td class=\"has-text-align-left\" data-align=\"left\"><strong>Mardi 8 ao\u00fbt 2023 \u00e0 20h00<\/strong> <strong>au ch\u00e2teau de Miglos.<\/strong><br><strong>&#8220;Contes&#8221;  par Olivier de Robert<\/strong>, conteur, auteur et historien.<br><br><strong>Spectacle gratuit.<\/strong><br>Site de montagne, pr\u00e9voir des chaussures adapt\u00e9es.<br>Spectacle en int\u00e9rieur si mauvais temps.<br><strong>Tout public : Dur\u00e9e 1h30<br>Contact : 07.88.62.44.34<\/strong><\/td><td class=\"has-text-align-center\" data-align=\"center\"><a href=\"https:\/\/chateau-miglos.fr\/wordpress-test\/2023\/06\/12\/mardi-8-aout-a-20h-au-chateau-de-miglos-contes-par-olivier-de-robert-conteur-auteur-et-historien\/\"><img loading=\"lazy\" decoding=\"async\" width=\"736\" height=\"1024\" class=\"wp-image-8632\" style=\"width: 200px;\" src=\"https:\/\/chateau-miglos.fr\/wordpress-test\/wp-content\/uploads\/2023\/06\/affiche-8aout2023-olivier-de-robert.png\" alt=\"\"><\/a><a href=\"https:\/\/chateau-miglos.fr\/wordpress-test\/2022\/06\/26\/la-grande-ourse-dapres-lours-danton-tchekhov-2o-aout-2022-a-21h\/\"> <\/a><br>  <strong><a href=\"https:\/\/chateau-miglos.fr\/wordpress-test\/2023\/06\/12\/mardi-8-aout-a-20h-au-chateau-de-miglos-contes-par-olivier-de-robert-conteur-auteur-et-historien\/\">&gt;&gt;&gt; Suite&#8230;<\/a><\/strong>   <\/td><\/tr><tr><td class=\"has-text-align-left\" data-align=\"left\"><strong>Mercredi 23 ao\u00fbt 2023 \u00e0 19h au ch\u00e2teau de Miglos.<br>Balade musicale par Fanette, autrice, compositrice, interpr\u00e8te.<br>Chansons fran\u00e7aises<\/strong><br><br><br> <strong><strong>CONCERT GRATUIT<\/strong><\/strong><\/td><td class=\"has-text-align-center\" data-align=\"center\"> <a href=\"https:\/\/chateau-miglos.fr\/wordpress-test\/2023\/06\/12\/concert-fanette-23-aout-2023\/\"><img decoding=\"async\" class=\"wp-image-8632\" style=\"width: 200px;\" src=\"https:\/\/chateau-miglos.fr\/wordpress-test\/wp-content\/uploads\/2023\/08\/fanette-affiche-miglos-2023-724x1024.png\" alt=\"\"><\/a><a href=\"https:\/\/chateau-miglos.fr\/wordpress-test\/2022\/06\/26\/la-grande-ourse-dapres-lours-danton-tchekhov-2o-aout-2022-a-21h\/\">  <\/a><br>  <strong><a href=\"https:\/\/chateau-miglos.fr\/wordpress-test\/2023\/06\/12\/concert-fanette-23-aout-2023\/\">&gt;&gt;&gt; Suite&#8230;<\/a><\/strong>   <\/td><\/tr><\/tbody><\/table><\/figure>\n\n\n\n<hr class=\"wp-block-separator has-css-opacity\"\/>\n\n\n\n<h3 class=\"wp-block-heading\">Si, vous d\u00e9sirez nous apporter votre soutien&#8230;<\/h3>\n\n\n\n<p><strong>Bulletin d&#8217;adh\u00e9sion 2023<\/strong><\/p>\n\n\n<div class=\"wp-block-image\">\n<figure class=\"aligncenter size-large is-resized\"><a href=\"https:\/\/chateau-miglos.fr\/wordpress-test\/wp-content\/uploads\/2023\/02\/adhesion2023-AACM.pdf\" target=\"_blank\" rel=\"noopener noreferrer\"><img decoding=\"async\" src=\"https:\/\/chateau-miglos.fr\/wordpress-test\/wp-content\/uploads\/2023\/02\/adhesion2023.jpg\" alt=\"\" style=\"width:200px;height:283px\"\/><\/a><\/figure><\/div>\n\n\n<hr class=\"wp-block-separator has-css-opacity\"\/>\n","protected":false},"excerpt":{"rendered":"<p>Programme complet de l&#8217;\u00e9t\u00e9 2023 18 juillet au 23 ao\u00fbt 2023 Mardi 18 juillet 2023 \u00e0 20h00 au ch\u00e2teau de Miglos.Conte \u201cCathares, le destin inachev\u00e9\u201d par Olivier de Robert, conteur, &#8230;<\/p>\n","protected":false},"author":2,"featured_media":8772,"comment_status":"closed","ping_status":"closed","sticky":false,"template":"","format":"standard","meta":{"ngg_post_thumbnail":0,"footnotes":""},"categories":[4,56,55,52,8,46,35],"tags":[],"yoast_head":"<!-- This site is optimized with the Yoast SEO plugin v23.0 - https:\/\/yoast.com\/wordpress\/plugins\/seo\/ -->\n<title>Le programme complet de l&#039;\u00e9t\u00e9 2023 au ch\u00e2teau de Miglos - du 18 juillet au 23 ao\u00fbt 2023 - Ch\u00e2teau de Miglos<\/title>\n<meta name=\"description\" content=\"Le programme complet de l\u2019\u00e9t\u00e9 2023 au ch\u00e2teau de Miglos \u2013 du 18 juillet au 23 ao\u00fbt 2023\" \/>\n<meta name=\"robots\" content=\"index, follow, max-snippet:-1, max-image-preview:large, max-video-preview:-1\" \/>\n<link rel=\"canonical\" href=\"https:\/\/chateau-miglos.fr\/wordpress-test\/2023\/06\/30\/programme-complet-de-lete-2023-au-chateau-de-miglos-du-18-juillet-au-23-aout-2023\/\" \/>\n<meta property=\"og:locale\" content=\"fr_FR\" \/>\n<meta property=\"og:type\" content=\"article\" \/>\n<meta property=\"og:title\" content=\"Le programme complet de l\u2019\u00e9t\u00e9 2023 au ch\u00e2teau de Miglos \u2013 du 18 juillet au 23 ao\u00fbt 2023\" \/>\n<meta property=\"og:description\" content=\"Le programme complet de l\u2019\u00e9t\u00e9 2023 au ch\u00e2teau de Miglos \u2013 du 18 juillet au 23 ao\u00fbt 2023\" \/>\n<meta property=\"og:url\" content=\"https:\/\/chateau-miglos.fr\/wordpress-test\/2023\/06\/30\/programme-complet-de-lete-2023-au-chateau-de-miglos-du-18-juillet-au-23-aout-2023\/\" \/>\n<meta property=\"og:site_name\" content=\"Ch\u00e2teau de Miglos\" \/>\n<meta property=\"article:publisher\" content=\"https:\/\/www.facebook.com\/chateaudemiglos\/\" \/>\n<meta property=\"article:published_time\" content=\"2023-06-29T23:15:09+00:00\" \/>\n<meta property=\"article:modified_time\" content=\"2024-07-15T00:59:35+00:00\" \/>\n<meta property=\"og:image\" content=\"https:\/\/chateau-miglos.fr\/wordpress-test\/wp-content\/uploads\/2023\/06\/avant-reseau-ete2023-1.png\" \/>\n\t<meta property=\"og:image:width\" content=\"1000\" \/>\n\t<meta property=\"og:image:height\" content=\"522\" \/>\n\t<meta property=\"og:image:type\" content=\"image\/png\" \/>\n<meta name=\"author\" content=\"AACM\" \/>\n<meta name=\"twitter:card\" content=\"summary_large_image\" \/>\n<meta name=\"twitter:title\" content=\"Le programme complet de l\u2019\u00e9t\u00e9 2023 au ch\u00e2teau de Miglos \u2013 du 18 juillet au 23 ao\u00fbt 2023\" \/>\n<meta name=\"twitter:description\" content=\"Le programme complet de l\u2019\u00e9t\u00e9 2023 au ch\u00e2teau de Miglos \u2013 du 18 juillet au 23 ao\u00fbt 2023\" \/>\n<meta name=\"twitter:image\" content=\"https:\/\/chateau-miglos.fr\/wordpress-test\/wp-content\/uploads\/2023\/06\/avant-reseau-ete2023-1.png\" \/>\n<meta name=\"twitter:label1\" content=\"\u00c9crit par\" \/>\n\t<meta name=\"twitter:data1\" content=\"AACM\" \/>\n\t<meta name=\"twitter:label2\" content=\"Dur\u00e9e de lecture estim\u00e9e\" \/>\n\t<meta name=\"twitter:data2\" content=\"5 minutes\" \/>\n<script type=\"application\/ld+json\" class=\"yoast-schema-graph\">{\"@context\":\"https:\/\/schema.org\",\"@graph\":[{\"@type\":\"Article\",\"@id\":\"https:\/\/chateau-miglos.fr\/wordpress-test\/2023\/06\/30\/programme-complet-de-lete-2023-au-chateau-de-miglos-du-18-juillet-au-23-aout-2023\/#article\",\"isPartOf\":{\"@id\":\"https:\/\/chateau-miglos.fr\/wordpress-test\/2023\/06\/30\/programme-complet-de-lete-2023-au-chateau-de-miglos-du-18-juillet-au-23-aout-2023\/\"},\"author\":{\"name\":\"AACM\",\"@id\":\"https:\/\/chateau-miglos.fr\/wordpress-test\/#\/schema\/person\/c7c9d611967a7bba7db9f7d72154455e\"},\"headline\":\"Le programme complet de l&#8217;\u00e9t\u00e9 2023 au ch\u00e2teau de Miglos &#8211; du 18 juillet au 23 ao\u00fbt 2023\",\"datePublished\":\"2023-06-29T23:15:09+00:00\",\"dateModified\":\"2024-07-15T00:59:35+00:00\",\"mainEntityOfPage\":{\"@id\":\"https:\/\/chateau-miglos.fr\/wordpress-test\/2023\/06\/30\/programme-complet-de-lete-2023-au-chateau-de-miglos-du-18-juillet-au-23-aout-2023\/\"},\"wordCount\":432,\"publisher\":{\"@id\":\"https:\/\/chateau-miglos.fr\/wordpress-test\/#organization\"},\"image\":{\"@id\":\"https:\/\/chateau-miglos.fr\/wordpress-test\/2023\/06\/30\/programme-complet-de-lete-2023-au-chateau-de-miglos-du-18-juillet-au-23-aout-2023\/#primaryimage\"},\"thumbnailUrl\":\"https:\/\/chateau-miglos.fr\/wordpress-test\/wp-content\/uploads\/2023\/06\/avant-ete2023.png\",\"articleSection\":[\"Actualit\u00e9s\",\"Contes\",\"\u00c9t\u00e9 2023\",\"Exposition\",\"Photos Vid\u00e9os\",\"Spectacles\",\"Veill\u00e9e\"],\"inLanguage\":\"fr-FR\"},{\"@type\":\"WebPage\",\"@id\":\"https:\/\/chateau-miglos.fr\/wordpress-test\/2023\/06\/30\/programme-complet-de-lete-2023-au-chateau-de-miglos-du-18-juillet-au-23-aout-2023\/\",\"url\":\"https:\/\/chateau-miglos.fr\/wordpress-test\/2023\/06\/30\/programme-complet-de-lete-2023-au-chateau-de-miglos-du-18-juillet-au-23-aout-2023\/\",\"name\":\"Le programme complet de l'\u00e9t\u00e9 2023 au ch\u00e2teau de Miglos - du 18 juillet au 23 ao\u00fbt 2023 - Ch\u00e2teau de Miglos\",\"isPartOf\":{\"@id\":\"https:\/\/chateau-miglos.fr\/wordpress-test\/#website\"},\"primaryImageOfPage\":{\"@id\":\"https:\/\/chateau-miglos.fr\/wordpress-test\/2023\/06\/30\/programme-complet-de-lete-2023-au-chateau-de-miglos-du-18-juillet-au-23-aout-2023\/#primaryimage\"},\"image\":{\"@id\":\"https:\/\/chateau-miglos.fr\/wordpress-test\/2023\/06\/30\/programme-complet-de-lete-2023-au-chateau-de-miglos-du-18-juillet-au-23-aout-2023\/#primaryimage\"},\"thumbnailUrl\":\"https:\/\/chateau-miglos.fr\/wordpress-test\/wp-content\/uploads\/2023\/06\/avant-ete2023.png\",\"datePublished\":\"2023-06-29T23:15:09+00:00\",\"dateModified\":\"2024-07-15T00:59:35+00:00\",\"description\":\"Le programme complet de l\u2019\u00e9t\u00e9 2023 au ch\u00e2teau de Miglos \u2013 du 18 juillet au 23 ao\u00fbt 2023\",\"breadcrumb\":{\"@id\":\"https:\/\/chateau-miglos.fr\/wordpress-test\/2023\/06\/30\/programme-complet-de-lete-2023-au-chateau-de-miglos-du-18-juillet-au-23-aout-2023\/#breadcrumb\"},\"inLanguage\":\"fr-FR\",\"potentialAction\":[{\"@type\":\"ReadAction\",\"target\":[\"https:\/\/chateau-miglos.fr\/wordpress-test\/2023\/06\/30\/programme-complet-de-lete-2023-au-chateau-de-miglos-du-18-juillet-au-23-aout-2023\/\"]}]},{\"@type\":\"ImageObject\",\"inLanguage\":\"fr-FR\",\"@id\":\"https:\/\/chateau-miglos.fr\/wordpress-test\/2023\/06\/30\/programme-complet-de-lete-2023-au-chateau-de-miglos-du-18-juillet-au-23-aout-2023\/#primaryimage\",\"url\":\"https:\/\/chateau-miglos.fr\/wordpress-test\/wp-content\/uploads\/2023\/06\/avant-ete2023.png\",\"contentUrl\":\"https:\/\/chateau-miglos.fr\/wordpress-test\/wp-content\/uploads\/2023\/06\/avant-ete2023.png\",\"width\":300,\"height\":150,\"caption\":\"Le programme complet de l\u2019\u00e9t\u00e9 2023 au ch\u00e2teau de Miglos \u2013 du 18 juillet au 23 ao\u00fbt 2023\"},{\"@type\":\"BreadcrumbList\",\"@id\":\"https:\/\/chateau-miglos.fr\/wordpress-test\/2023\/06\/30\/programme-complet-de-lete-2023-au-chateau-de-miglos-du-18-juillet-au-23-aout-2023\/#breadcrumb\",\"itemListElement\":[{\"@type\":\"ListItem\",\"position\":1,\"name\":\"Accueil\",\"item\":\"https:\/\/chateau-miglos.fr\/wordpress-test\/\"},{\"@type\":\"ListItem\",\"position\":2,\"name\":\"Le programme complet de l&#8217;\u00e9t\u00e9 2023 au ch\u00e2teau de Miglos &#8211; du 18 juillet au 23 ao\u00fbt 2023\"}]},{\"@type\":\"WebSite\",\"@id\":\"https:\/\/chateau-miglos.fr\/wordpress-test\/#website\",\"url\":\"https:\/\/chateau-miglos.fr\/wordpress-test\/\",\"name\":\"Ch\u00e2teau de Miglos\",\"description\":\"une ch\u00e2teau, une vall\u00e9e\",\"publisher\":{\"@id\":\"https:\/\/chateau-miglos.fr\/wordpress-test\/#organization\"},\"potentialAction\":[{\"@type\":\"SearchAction\",\"target\":{\"@type\":\"EntryPoint\",\"urlTemplate\":\"https:\/\/chateau-miglos.fr\/wordpress-test\/?s={search_term_string}\"},\"query-input\":\"required name=search_term_string\"}],\"inLanguage\":\"fr-FR\"},{\"@type\":\"Organization\",\"@id\":\"https:\/\/chateau-miglos.fr\/wordpress-test\/#organization\",\"name\":\"Ch\u00e2teau de Miglos\",\"url\":\"https:\/\/chateau-miglos.fr\/wordpress-test\/\",\"logo\":{\"@type\":\"ImageObject\",\"inLanguage\":\"fr-FR\",\"@id\":\"https:\/\/chateau-miglos.fr\/wordpress-test\/#\/schema\/logo\/image\/\",\"url\":\"https:\/\/chateau-miglos.fr\/wordpress-test\/wp-content\/uploads\/2019\/06\/seul.png\",\"contentUrl\":\"https:\/\/chateau-miglos.fr\/wordpress-test\/wp-content\/uploads\/2019\/06\/seul.png\",\"width\":801,\"height\":705,\"caption\":\"Ch\u00e2teau de Miglos\"},\"image\":{\"@id\":\"https:\/\/chateau-miglos.fr\/wordpress-test\/#\/schema\/logo\/image\/\"},\"sameAs\":[\"https:\/\/www.facebook.com\/chateaudemiglos\/\",\"https:\/\/www.instagram.com\/chateaudemiglos\/\",\"https:\/\/www.youtube.com\/channel\/UC70FrOmo9xvq8eHCA4YTs9A\",\"https:\/\/fr.wikipedia.org\/wiki\/Ch\u00e2teau_de_Miglos\"]},{\"@type\":\"Person\",\"@id\":\"https:\/\/chateau-miglos.fr\/wordpress-test\/#\/schema\/person\/c7c9d611967a7bba7db9f7d72154455e\",\"name\":\"AACM\",\"image\":{\"@type\":\"ImageObject\",\"inLanguage\":\"fr-FR\",\"@id\":\"https:\/\/chateau-miglos.fr\/wordpress-test\/#\/schema\/person\/image\/\",\"url\":\"https:\/\/secure.gravatar.com\/avatar\/b704daf4c3f56428875cf047b8f9eb25?s=96&d=mm&r=g\",\"contentUrl\":\"https:\/\/secure.gravatar.com\/avatar\/b704daf4c3f56428875cf047b8f9eb25?s=96&d=mm&r=g\",\"caption\":\"AACM\"}}]}<\/script>\n<!-- \/ Yoast SEO plugin. -->","yoast_head_json":{"title":"Le programme complet de l'\u00e9t\u00e9 2023 au ch\u00e2teau de Miglos - du 18 juillet au 23 ao\u00fbt 2023 - Ch\u00e2teau de Miglos","description":"Le programme complet de l\u2019\u00e9t\u00e9 2023 au ch\u00e2teau de Miglos \u2013 du 18 juillet au 23 ao\u00fbt 2023","robots":{"index":"index","follow":"follow","max-snippet":"max-snippet:-1","max-image-preview":"max-image-preview:large","max-video-preview":"max-video-preview:-1"},"canonical":"https:\/\/chateau-miglos.fr\/wordpress-test\/2023\/06\/30\/programme-complet-de-lete-2023-au-chateau-de-miglos-du-18-juillet-au-23-aout-2023\/","og_locale":"fr_FR","og_type":"article","og_title":"Le programme complet de l\u2019\u00e9t\u00e9 2023 au ch\u00e2teau de Miglos \u2013 du 18 juillet au 23 ao\u00fbt 2023","og_description":"Le programme complet de l\u2019\u00e9t\u00e9 2023 au ch\u00e2teau de Miglos \u2013 du 18 juillet au 23 ao\u00fbt 2023","og_url":"https:\/\/chateau-miglos.fr\/wordpress-test\/2023\/06\/30\/programme-complet-de-lete-2023-au-chateau-de-miglos-du-18-juillet-au-23-aout-2023\/","og_site_name":"Ch\u00e2teau de Miglos","article_publisher":"https:\/\/www.facebook.com\/chateaudemiglos\/","article_published_time":"2023-06-29T23:15:09+00:00","article_modified_time":"2024-07-15T00:59:35+00:00","og_image":[{"width":1000,"height":522,"url":"https:\/\/chateau-miglos.fr\/wordpress-test\/wp-content\/uploads\/2023\/06\/avant-reseau-ete2023-1.png","type":"image\/png"}],"author":"AACM","twitter_card":"summary_large_image","twitter_title":"Le programme complet de l\u2019\u00e9t\u00e9 2023 au ch\u00e2teau de Miglos \u2013 du 18 juillet au 23 ao\u00fbt 2023","twitter_description":"Le programme complet de l\u2019\u00e9t\u00e9 2023 au ch\u00e2teau de Miglos \u2013 du 18 juillet au 23 ao\u00fbt 2023","twitter_image":"https:\/\/chateau-miglos.fr\/wordpress-test\/wp-content\/uploads\/2023\/06\/avant-reseau-ete2023-1.png","twitter_misc":{"\u00c9crit par":"AACM","Dur\u00e9e de lecture estim\u00e9e":"5 minutes"},"schema":{"@context":"https:\/\/schema.org","@graph":[{"@type":"Article","@id":"https:\/\/chateau-miglos.fr\/wordpress-test\/2023\/06\/30\/programme-complet-de-lete-2023-au-chateau-de-miglos-du-18-juillet-au-23-aout-2023\/#article","isPartOf":{"@id":"https:\/\/chateau-miglos.fr\/wordpress-test\/2023\/06\/30\/programme-complet-de-lete-2023-au-chateau-de-miglos-du-18-juillet-au-23-aout-2023\/"},"author":{"name":"AACM","@id":"https:\/\/chateau-miglos.fr\/wordpress-test\/#\/schema\/person\/c7c9d611967a7bba7db9f7d72154455e"},"headline":"Le programme complet de l&#8217;\u00e9t\u00e9 2023 au ch\u00e2teau de Miglos &#8211; du 18 juillet au 23 ao\u00fbt 2023","datePublished":"2023-06-29T23:15:09+00:00","dateModified":"2024-07-15T00:59:35+00:00","mainEntityOfPage":{"@id":"https:\/\/chateau-miglos.fr\/wordpress-test\/2023\/06\/30\/programme-complet-de-lete-2023-au-chateau-de-miglos-du-18-juillet-au-23-aout-2023\/"},"wordCount":432,"publisher":{"@id":"https:\/\/chateau-miglos.fr\/wordpress-test\/#organization"},"image":{"@id":"https:\/\/chateau-miglos.fr\/wordpress-test\/2023\/06\/30\/programme-complet-de-lete-2023-au-chateau-de-miglos-du-18-juillet-au-23-aout-2023\/#primaryimage"},"thumbnailUrl":"https:\/\/chateau-miglos.fr\/wordpress-test\/wp-content\/uploads\/2023\/06\/avant-ete2023.png","articleSection":["Actualit\u00e9s","Contes","\u00c9t\u00e9 2023","Exposition","Photos Vid\u00e9os","Spectacles","Veill\u00e9e"],"inLanguage":"fr-FR"},{"@type":"WebPage","@id":"https:\/\/chateau-miglos.fr\/wordpress-test\/2023\/06\/30\/programme-complet-de-lete-2023-au-chateau-de-miglos-du-18-juillet-au-23-aout-2023\/","url":"https:\/\/chateau-miglos.fr\/wordpress-test\/2023\/06\/30\/programme-complet-de-lete-2023-au-chateau-de-miglos-du-18-juillet-au-23-aout-2023\/","name":"Le programme complet de l'\u00e9t\u00e9 2023 au ch\u00e2teau de Miglos - du 18 juillet au 23 ao\u00fbt 2023 - Ch\u00e2teau de Miglos","isPartOf":{"@id":"https:\/\/chateau-miglos.fr\/wordpress-test\/#website"},"primaryImageOfPage":{"@id":"https:\/\/chateau-miglos.fr\/wordpress-test\/2023\/06\/30\/programme-complet-de-lete-2023-au-chateau-de-miglos-du-18-juillet-au-23-aout-2023\/#primaryimage"},"image":{"@id":"https:\/\/chateau-miglos.fr\/wordpress-test\/2023\/06\/30\/programme-complet-de-lete-2023-au-chateau-de-miglos-du-18-juillet-au-23-aout-2023\/#primaryimage"},"thumbnailUrl":"https:\/\/chateau-miglos.fr\/wordpress-test\/wp-content\/uploads\/2023\/06\/avant-ete2023.png","datePublished":"2023-06-29T23:15:09+00:00","dateModified":"2024-07-15T00:59:35+00:00","description":"Le programme complet de l\u2019\u00e9t\u00e9 2023 au ch\u00e2teau de Miglos \u2013 du 18 juillet au 23 ao\u00fbt 2023","breadcrumb":{"@id":"https:\/\/chateau-miglos.fr\/wordpress-test\/2023\/06\/30\/programme-complet-de-lete-2023-au-chateau-de-miglos-du-18-juillet-au-23-aout-2023\/#breadcrumb"},"inLanguage":"fr-FR","potentialAction":[{"@type":"ReadAction","target":["https:\/\/chateau-miglos.fr\/wordpress-test\/2023\/06\/30\/programme-complet-de-lete-2023-au-chateau-de-miglos-du-18-juillet-au-23-aout-2023\/"]}]},{"@type":"ImageObject","inLanguage":"fr-FR","@id":"https:\/\/chateau-miglos.fr\/wordpress-test\/2023\/06\/30\/programme-complet-de-lete-2023-au-chateau-de-miglos-du-18-juillet-au-23-aout-2023\/#primaryimage","url":"https:\/\/chateau-miglos.fr\/wordpress-test\/wp-content\/uploads\/2023\/06\/avant-ete2023.png","contentUrl":"https:\/\/chateau-miglos.fr\/wordpress-test\/wp-content\/uploads\/2023\/06\/avant-ete2023.png","width":300,"height":150,"caption":"Le programme complet de l\u2019\u00e9t\u00e9 2023 au ch\u00e2teau de Miglos \u2013 du 18 juillet au 23 ao\u00fbt 2023"},{"@type":"BreadcrumbList","@id":"https:\/\/chateau-miglos.fr\/wordpress-test\/2023\/06\/30\/programme-complet-de-lete-2023-au-chateau-de-miglos-du-18-juillet-au-23-aout-2023\/#breadcrumb","itemListElement":[{"@type":"ListItem","position":1,"name":"Accueil","item":"https:\/\/chateau-miglos.fr\/wordpress-test\/"},{"@type":"ListItem","position":2,"name":"Le programme complet de l&#8217;\u00e9t\u00e9 2023 au ch\u00e2teau de Miglos &#8211; du 18 juillet au 23 ao\u00fbt 2023"}]},{"@type":"WebSite","@id":"https:\/\/chateau-miglos.fr\/wordpress-test\/#website","url":"https:\/\/chateau-miglos.fr\/wordpress-test\/","name":"Ch\u00e2teau de Miglos","description":"une ch\u00e2teau, une vall\u00e9e","publisher":{"@id":"https:\/\/chateau-miglos.fr\/wordpress-test\/#organization"},"potentialAction":[{"@type":"SearchAction","target":{"@type":"EntryPoint","urlTemplate":"https:\/\/chateau-miglos.fr\/wordpress-test\/?s={search_term_string}"},"query-input":"required name=search_term_string"}],"inLanguage":"fr-FR"},{"@type":"Organization","@id":"https:\/\/chateau-miglos.fr\/wordpress-test\/#organization","name":"Ch\u00e2teau de Miglos","url":"https:\/\/chateau-miglos.fr\/wordpress-test\/","logo":{"@type":"ImageObject","inLanguage":"fr-FR","@id":"https:\/\/chateau-miglos.fr\/wordpress-test\/#\/schema\/logo\/image\/","url":"https:\/\/chateau-miglos.fr\/wordpress-test\/wp-content\/uploads\/2019\/06\/seul.png","contentUrl":"https:\/\/chateau-miglos.fr\/wordpress-test\/wp-content\/uploads\/2019\/06\/seul.png","width":801,"height":705,"caption":"Ch\u00e2teau de Miglos"},"image":{"@id":"https:\/\/chateau-miglos.fr\/wordpress-test\/#\/schema\/logo\/image\/"},"sameAs":["https:\/\/www.facebook.com\/chateaudemiglos\/","https:\/\/www.instagram.com\/chateaudemiglos\/","https:\/\/www.youtube.com\/channel\/UC70FrOmo9xvq8eHCA4YTs9A","https:\/\/fr.wikipedia.org\/wiki\/Ch\u00e2teau_de_Miglos"]},{"@type":"Person","@id":"https:\/\/chateau-miglos.fr\/wordpress-test\/#\/schema\/person\/c7c9d611967a7bba7db9f7d72154455e","name":"AACM","image":{"@type":"ImageObject","inLanguage":"fr-FR","@id":"https:\/\/chateau-miglos.fr\/wordpress-test\/#\/schema\/person\/image\/","url":"https:\/\/secure.gravatar.com\/avatar\/b704daf4c3f56428875cf047b8f9eb25?s=96&d=mm&r=g","contentUrl":"https:\/\/secure.gravatar.com\/avatar\/b704daf4c3f56428875cf047b8f9eb25?s=96&d=mm&r=g","caption":"AACM"}}]}},"jetpack_featured_media_url":"https:\/\/chateau-miglos.fr\/wordpress-test\/wp-content\/uploads\/2023\/06\/avant-ete2023.png","rttpg_featured_image_url":{"full":["https:\/\/chateau-miglos.fr\/wordpress-test\/wp-content\/uploads\/2023\/06\/avant-ete2023.png",300,150,false],"landscape":["https:\/\/chateau-miglos.fr\/wordpress-test\/wp-content\/uploads\/2023\/06\/avant-ete2023.png",300,150,false],"portraits":["https:\/\/chateau-miglos.fr\/wordpress-test\/wp-content\/uploads\/2023\/06\/avant-ete2023.png",300,150,false],"thumbnail":["https:\/\/chateau-miglos.fr\/wordpress-test\/wp-content\/uploads\/2023\/06\/avant-ete2023-150x150.png",150,150,true],"medium":["https:\/\/chateau-miglos.fr\/wordpress-test\/wp-content\/uploads\/2023\/06\/avant-ete2023.png",300,150,false],"large":["https:\/\/chateau-miglos.fr\/wordpress-test\/wp-content\/uploads\/2023\/06\/avant-ete2023.png",300,150,false],"1536x1536":["https:\/\/chateau-miglos.fr\/wordpress-test\/wp-content\/uploads\/2023\/06\/avant-ete2023.png",300,150,false],"2048x2048":["https:\/\/chateau-miglos.fr\/wordpress-test\/wp-content\/uploads\/2023\/06\/avant-ete2023.png",300,150,false],"onepress-blog-small":["https:\/\/chateau-miglos.fr\/wordpress-test\/wp-content\/uploads\/2023\/06\/avant-ete2023.png",300,150,false],"onepress-small":["https:\/\/chateau-miglos.fr\/wordpress-test\/wp-content\/uploads\/2023\/06\/avant-ete2023.png",300,150,false],"onepress-medium":["https:\/\/chateau-miglos.fr\/wordpress-test\/wp-content\/uploads\/2023\/06\/avant-ete2023.png",300,150,false],"sow-carousel-default":["https:\/\/chateau-miglos.fr\/wordpress-test\/wp-content\/uploads\/2023\/06\/avant-ete2023-272x150.png",272,150,true]},"rttpg_author":{"display_name":"AACM","author_link":"https:\/\/chateau-miglos.fr\/wordpress-test\/author\/aacm\/"},"rttpg_comment":0,"rttpg_category":"<a href=\"https:\/\/chateau-miglos.fr\/wordpress-test\/category\/actualites\/\" rel=\"category tag\">Actualit\u00e9s<\/a> <a href=\"https:\/\/chateau-miglos.fr\/wordpress-test\/category\/contes\/\" rel=\"category tag\">Contes<\/a> <a href=\"https:\/\/chateau-miglos.fr\/wordpress-test\/category\/ete-2023\/\" rel=\"category tag\">\u00c9t\u00e9 2023<\/a> <a href=\"https:\/\/chateau-miglos.fr\/wordpress-test\/category\/exposition\/\" rel=\"category tag\">Exposition<\/a> <a href=\"https:\/\/chateau-miglos.fr\/wordpress-test\/category\/photos-videos\/\" rel=\"category tag\">Photos Vid\u00e9os<\/a> <a href=\"https:\/\/chateau-miglos.fr\/wordpress-test\/category\/spectacles\/\" rel=\"category tag\">Spectacles<\/a> <a href=\"https:\/\/chateau-miglos.fr\/wordpress-test\/category\/veillee\/\" rel=\"category tag\">Veill\u00e9e<\/a>","rttpg_excerpt":"Programme complet de l&#8217;\u00e9t\u00e9 2023 18 juillet au 23 ao\u00fbt 2023 Mardi 18 juillet 2023 \u00e0 20h00 au ch\u00e2teau de Miglos.Conte \u201cCathares, le destin inachev\u00e9\u201d par Olivier de Robert, conteur, ...","_links":{"self":[{"href":"https:\/\/chateau-miglos.fr\/wordpress-test\/wp-json\/wp\/v2\/posts\/8680"}],"collection":[{"href":"https:\/\/chateau-miglos.fr\/wordpress-test\/wp-json\/wp\/v2\/posts"}],"about":[{"href":"https:\/\/chateau-miglos.fr\/wordpress-test\/wp-json\/wp\/v2\/types\/post"}],"author":[{"embeddable":true,"href":"https:\/\/chateau-miglos.fr\/wordpress-test\/wp-json\/wp\/v2\/users\/2"}],"replies":[{"embeddable":true,"href":"https:\/\/chateau-miglos.fr\/wordpress-test\/wp-json\/wp\/v2\/comments?post=8680"}],"version-history":[{"count":40,"href":"https:\/\/chateau-miglos.fr\/wordpress-test\/wp-json\/wp\/v2\/posts\/8680\/revisions"}],"predecessor-version":[{"id":9560,"href":"https:\/\/chateau-miglos.fr\/wordpress-test\/wp-json\/wp\/v2\/posts\/8680\/revisions\/9560"}],"wp:featuredmedia":[{"embeddable":true,"href":"https:\/\/chateau-miglos.fr\/wordpress-test\/wp-json\/wp\/v2\/media\/8772"}],"wp:attachment":[{"href":"https:\/\/chateau-miglos.fr\/wordpress-test\/wp-json\/wp\/v2\/media?parent=8680"}],"wp:term":[{"taxonomy":"category","embeddable":true,"href":"https:\/\/chateau-miglos.fr\/wordpress-test\/wp-json\/wp\/v2\/categories?post=8680"},{"taxonomy":"post_tag","embeddable":true,"href":"https:\/\/chateau-miglos.fr\/wordpress-test\/wp-json\/wp\/v2\/tags?post=8680"}],"curies":[{"name":"wp","href":"https:\/\/api.w.org\/{rel}","templated":true}]}}