{"id":8649,"date":"2023-06-13T12:00:00","date_gmt":"2023-06-13T10:00:00","guid":{"rendered":"https:\/\/chateau-miglos.fr\/wordpress-test\/?p=8649"},"modified":"2023-07-04T03:29:08","modified_gmt":"2023-07-04T01:29:08","slug":"bal-trad-avec-bouilleurs-de-sons-5-aout-2023","status":"publish","type":"post","link":"https:\/\/chateau-miglos.fr\/wordpress-test\/2023\/06\/13\/bal-trad-avec-bouilleurs-de-sons-5-aout-2023\/","title":{"rendered":"Bal-Trad avec Bouilleurs de Sons &#8211; 5 ao\u00fbt 2023"},"content":{"rendered":"\n<h2 class=\"wp-block-heading\">Samedi 5 ao\u00fbt 2023 \u00e0 21 h<\/h2>\n\n\n\n<h4 class=\"wp-block-heading\">Venez danser au pied du ch\u00e2teau de Miglos au son de valses, mazurkas, scottishs, polkas, cercles circassiens&#8230;<\/h4>\n\n\n\n<div class=\"wp-block-media-text alignwide has-media-on-the-right is-stacked-on-mobile\" style=\"grid-template-columns:auto 33%\"><div class=\"wp-block-media-text__content\">\n<p>Avec <strong>Bouilleur de Sons :<\/strong><\/p>\n\n\n\n<ul>\n<li><strong>Micha\u00ebl Bourry<\/strong> : guitare, violon, chant.<\/li>\n\n\n\n<li><strong>Philippe Fernandez<\/strong> : guitare, violon, chant.<\/li>\n\n\n\n<li><strong>G\u00e9rard Garrigues<\/strong> : accord\u00e9on, chant, percussions.<\/li>\n\n\n\n<li><strong>Pierre Rouch<\/strong> : hautbois, cornemuses, chant.<\/li>\n<\/ul>\n\n\n\n<p><strong>La musique et les chants, distill\u00e9s par les Bouilleurs de sons, sont si finement alambiqu\u00e9s qu\u2019ils semblent couler de source.<\/strong><\/p>\n\n\n\n<p>Leurs ar\u00f4mes forts et puissants sont le fruit d\u2019une longue fermentation d\u2019une musique du terroir Gascon et Languedocien. D\u00e9barrass\u00e9e des esters de toute mode, cette fine (eau de vie) musicale nous ram\u00e8ne \u00e0 l\u2019essence du patrimoine musical des Pyr\u00e9n\u00e9es et d\u2019Occitanie. Sa force et son degr\u00e9 se mesurent alors par ce go\u00fbt du partage et de la joie de vivre qui animent ce groupe de copains.<\/p>\n\n\n\n<h5 class=\"wp-block-heading alignwide has-text-align-center\">Gratuit &#8211; Sous chapiteau &#8211; BUVETTE<\/h5>\n<\/div><figure class=\"wp-block-media-text__media\"><a href=\"https:\/\/chateau-miglos.fr\/wordpress-test\/wp-content\/uploads\/2023\/07\/bal-trad-miglos5aout2023-1.png\" data-rel=\"lightbox-gallery-l6VAoHQG\" data-rl_title=\"Bal Trad ch\u00e2teau de Miglos &#8211; 5ao\u00fbt 2023 avec Bouilleurs de Sons\" data-rl_caption=\"\" title=\"Bal Trad ch\u00e2teau de Miglos &#8211; 5ao\u00fbt 2023 avec Bouilleurs de Sons\"><img loading=\"lazy\" decoding=\"async\" width=\"724\" height=\"1024\" src=\"https:\/\/chateau-miglos.fr\/wordpress-test\/wp-content\/uploads\/2023\/07\/bal-trad-miglos5aout2023-1.png\" alt=\"\" class=\"wp-image-8796 size-medium\"\/><\/a><\/figure><\/div>\n\n\n\n<div class=\"wp-block-file aligncenter\"><a id=\"wp-block-file--media-303d3a13-d629-41f4-b1fd-f5d2015340e9\" href=\"https:\/\/chateau-miglos.fr\/wordpress-test\/wp-content\/uploads\/2023\/07\/Veillee-AACM-2023-bouilleur-de-sons.pdf\">Veillee-AACM-2023-bouilleur-de-sons<\/a><a href=\"https:\/\/chateau-miglos.fr\/wordpress-test\/wp-content\/uploads\/2023\/07\/Veillee-AACM-2023-bouilleur-de-sons.pdf\" class=\"wp-block-file__button wp-element-button\" download aria-describedby=\"wp-block-file--media-303d3a13-d629-41f4-b1fd-f5d2015340e9\">T\u00e9l\u00e9charger<\/a><\/div>\n\n\n\n<hr class=\"wp-block-separator has-css-opacity is-style-wide\"\/>\n\n\n\n<figure class=\"wp-block-gallery aligncenter has-nested-images columns-default is-cropped wp-block-gallery-1 is-layout-flex wp-block-gallery-is-layout-flex\">\n<figure class=\"wp-block-image size-large\"><a href=\"https:\/\/chateau-miglos.fr\/wordpress-test\/wp-content\/uploads\/2021\/06\/bouilleur-NB.png\" data-rel=\"lightbox-gallery-l6VAoHQG\" data-rl_title=\"Les Bouilleur de Sons\" data-rl_caption=\"\" title=\"Les Bouilleur de Sons\"><img loading=\"lazy\" decoding=\"async\" width=\"1024\" height=\"674\" data-id=\"6872\" src=\"https:\/\/chateau-miglos.fr\/wordpress-test\/wp-content\/uploads\/2021\/06\/bouilleur-NB-1024x674.png\" alt=\"\" class=\"wp-image-6872\"\/><\/a><\/figure>\n\n\n\n<figure class=\"wp-block-image size-large\"><a href=\"https:\/\/chateau-miglos.fr\/wordpress-test\/wp-content\/uploads\/2023\/06\/bouilleurs-sons-1.jpeg\" data-rel=\"lightbox-gallery-l6VAoHQG\" data-rl_title=\"bouilleurs-sons-1\" data-rl_caption=\"\" title=\"bouilleurs-sons-1\"><img loading=\"lazy\" decoding=\"async\" width=\"895\" height=\"560\" data-id=\"8658\" src=\"https:\/\/chateau-miglos.fr\/wordpress-test\/wp-content\/uploads\/2023\/06\/bouilleurs-sons-1.jpeg\" alt=\"\" class=\"wp-image-8658\"\/><\/a><\/figure>\n<\/figure>\n\n\n<div class=\"wp-block-image\">\n<figure class=\"aligncenter size-large is-resized\"><a href=\"https:\/\/bouilleurdesons.wixsite.com\/groupe\" target=\"_blank\" rel=\"noopener\"><img loading=\"lazy\" decoding=\"async\" src=\"https:\/\/chateau-miglos.fr\/wordpress-test\/wp-content\/uploads\/2021\/06\/logo-bouilleur-de-sons.png\" alt=\"\" class=\"wp-image-6861\" width=\"250\" height=\"57\"\/><\/a><\/figure><\/div>\n\n\n<p class=\"has-text-align-center\"><strong><a href=\"https:\/\/bouilleurdesons.wixsite.com\/groupe\" target=\"_blank\" rel=\"noreferrer noopener\">www.bouilleurdesons.wixsite.com\/groupe<\/a><\/strong><\/p>\n\n\n\n<figure class=\"wp-block-gallery has-nested-images columns-default is-cropped wp-block-gallery-2 is-layout-flex wp-block-gallery-is-layout-flex\">\n<figure class=\"wp-block-image size-large\"><a href=\"https:\/\/chateau-miglos.fr\/wordpress-test\/wp-content\/uploads\/2021\/06\/Joeffrey-Darmani.png\" data-rel=\"lightbox-gallery-l6VAoHQG\" data-rl_title=\"Joeffrey Darmani : hautbois, cornemuses, chant.\" data-rl_caption=\"\" title=\"Joeffrey Darmani : hautbois, cornemuses, chant.\"><img loading=\"lazy\" decoding=\"async\" width=\"1024\" height=\"1021\" data-id=\"6888\" src=\"https:\/\/chateau-miglos.fr\/wordpress-test\/wp-content\/uploads\/2021\/06\/Joeffrey-Darmani.png\" alt=\"\" class=\"wp-image-6888\"\/><\/a><\/figure>\n\n\n\n<figure class=\"wp-block-image size-large\"><a href=\"https:\/\/chateau-miglos.fr\/wordpress-test\/wp-content\/uploads\/2021\/06\/Michael-Bourry.png\" data-rel=\"lightbox-gallery-l6VAoHQG\" data-rl_title=\"Micha\u00ebl Bourry : guitare, violon, chant.\" data-rl_caption=\"\" title=\"Micha\u00ebl Bourry : guitare, violon, chant.\"><img loading=\"lazy\" decoding=\"async\" width=\"689\" height=\"1024\" data-id=\"6889\" src=\"https:\/\/chateau-miglos.fr\/wordpress-test\/wp-content\/uploads\/2021\/06\/Michael-Bourry.png\" alt=\"\" class=\"wp-image-6889\"\/><\/a><\/figure>\n\n\n\n<figure class=\"wp-block-image size-large\"><a href=\"https:\/\/chateau-miglos.fr\/wordpress-test\/wp-content\/uploads\/2021\/06\/Garrigues-Gerard.png\" data-rel=\"lightbox-gallery-l6VAoHQG\" data-rl_title=\"G\u00e9rard Garrigues : accord\u00e9on, chant, percussions.\" data-rl_caption=\"\" title=\"G\u00e9rard Garrigues : accord\u00e9on, chant, percussions.\"><img loading=\"lazy\" decoding=\"async\" width=\"1024\" height=\"877\" data-id=\"6896\" src=\"https:\/\/chateau-miglos.fr\/wordpress-test\/wp-content\/uploads\/2021\/06\/Garrigues-Gerard-1024x877.png\" alt=\"\" class=\"wp-image-6896\"\/><\/a><\/figure>\n\n\n\n<figure class=\"wp-block-image size-large\"><a href=\"https:\/\/chateau-miglos.fr\/wordpress-test\/wp-content\/uploads\/2021\/06\/Philippe-Fernandez.png\" data-rel=\"lightbox-gallery-l6VAoHQG\" data-rl_title=\"Philippe Fernandez : guitare, violon, chant.\" data-rl_caption=\"\" title=\"Philippe Fernandez : guitare, violon, chant.\"><img loading=\"lazy\" decoding=\"async\" width=\"1024\" height=\"976\" data-id=\"6890\" src=\"https:\/\/chateau-miglos.fr\/wordpress-test\/wp-content\/uploads\/2021\/06\/Philippe-Fernandez.png\" alt=\"\" class=\"wp-image-6890\"\/><\/a><\/figure>\n\n\n\n<figure class=\"wp-block-image size-large\"><a href=\"https:\/\/chateau-miglos.fr\/wordpress-test\/wp-content\/uploads\/2021\/06\/Pierre-Rouch.png\" data-rel=\"lightbox-gallery-l6VAoHQG\" data-rl_title=\"Pierre Rouch : hautbois, cornemuses, chant.\" data-rl_caption=\"\" title=\"Pierre Rouch : hautbois, cornemuses, chant.\"><img loading=\"lazy\" decoding=\"async\" width=\"1024\" height=\"686\" data-id=\"6892\" src=\"https:\/\/chateau-miglos.fr\/wordpress-test\/wp-content\/uploads\/2021\/06\/Pierre-Rouch.png\" alt=\"\" class=\"wp-image-6892\"\/><\/a><\/figure>\n<\/figure>\n","protected":false},"excerpt":{"rendered":"<p>Samedi 5 ao\u00fbt 2023 \u00e0 21 h Venez danser au pied du ch\u00e2teau de Miglos au son de valses, mazurkas, scottishs, polkas, cercles circassiens&#8230; www.bouilleurdesons.wixsite.com\/groupe<\/p>\n","protected":false},"author":2,"featured_media":8799,"comment_status":"closed","ping_status":"closed","sticky":false,"template":"","format":"standard","meta":{"ngg_post_thumbnail":0,"footnotes":""},"categories":[4,57,55,35],"tags":[],"yoast_head":"<!-- This site is optimized with the Yoast SEO plugin v23.0 - https:\/\/yoast.com\/wordpress\/plugins\/seo\/ -->\n<title>Bal-Trad avec Bouilleurs de Sons - 5 ao\u00fbt 2023 - Ch\u00e2teau de Miglos<\/title>\n<meta name=\"description\" content=\"Venez danser au pied du ch\u00e2teau de Miglos au son de valses, mazurkas, scottishs, polkas, cercles circassiens...\" \/>\n<meta name=\"robots\" content=\"index, follow, max-snippet:-1, max-image-preview:large, max-video-preview:-1\" \/>\n<link rel=\"canonical\" href=\"https:\/\/chateau-miglos.fr\/wordpress-test\/2023\/06\/13\/bal-trad-avec-bouilleurs-de-sons-5-aout-2023\/\" \/>\n<meta property=\"og:locale\" content=\"fr_FR\" \/>\n<meta property=\"og:type\" content=\"article\" \/>\n<meta property=\"og:title\" content=\"Bal-Trad avec Bouilleurs de Sons - 5 ao\u00fbt 2023\" \/>\n<meta property=\"og:description\" content=\"Venez danser au pied du ch\u00e2teau de Miglos au son de valses, mazurkas, scottishs, polkas, cercles circassiens...\" \/>\n<meta property=\"og:url\" content=\"https:\/\/chateau-miglos.fr\/wordpress-test\/2023\/06\/13\/bal-trad-avec-bouilleurs-de-sons-5-aout-2023\/\" \/>\n<meta property=\"og:site_name\" content=\"Ch\u00e2teau de Miglos\" \/>\n<meta property=\"article:publisher\" content=\"https:\/\/www.facebook.com\/chateaudemiglos\/\" \/>\n<meta property=\"article:published_time\" content=\"2023-06-13T10:00:00+00:00\" \/>\n<meta property=\"article:modified_time\" content=\"2023-07-04T01:29:08+00:00\" \/>\n<meta property=\"og:image\" content=\"https:\/\/chateau-miglos.fr\/wordpress-test\/wp-content\/uploads\/2023\/06\/avant-reseau-baltrad-5aout2023-1.png\" \/>\n\t<meta property=\"og:image:width\" content=\"1000\" \/>\n\t<meta property=\"og:image:height\" content=\"522\" \/>\n\t<meta property=\"og:image:type\" content=\"image\/png\" \/>\n<meta name=\"author\" content=\"AACM\" \/>\n<meta name=\"twitter:card\" content=\"summary_large_image\" \/>\n<meta name=\"twitter:title\" content=\"Bal-Trad avec Bouilleurs de Sons - 5 ao\u00fbt 2023\" \/>\n<meta name=\"twitter:description\" content=\"Venez danser au pied du ch\u00e2teau de Miglos au son de valses, mazurkas, scottishs, polkas, cercles circassiens...\" \/>\n<meta name=\"twitter:image\" content=\"https:\/\/chateau-miglos.fr\/wordpress-test\/wp-content\/uploads\/2023\/06\/avant-reseau-baltrad-5aout2023-1.png\" \/>\n<meta name=\"twitter:label1\" content=\"\u00c9crit par\" \/>\n\t<meta name=\"twitter:data1\" content=\"AACM\" \/>\n\t<meta name=\"twitter:label2\" content=\"Dur\u00e9e de lecture estim\u00e9e\" \/>\n\t<meta name=\"twitter:data2\" content=\"3 minutes\" \/>\n<script type=\"application\/ld+json\" class=\"yoast-schema-graph\">{\"@context\":\"https:\/\/schema.org\",\"@graph\":[{\"@type\":\"Article\",\"@id\":\"https:\/\/chateau-miglos.fr\/wordpress-test\/2023\/06\/13\/bal-trad-avec-bouilleurs-de-sons-5-aout-2023\/#article\",\"isPartOf\":{\"@id\":\"https:\/\/chateau-miglos.fr\/wordpress-test\/2023\/06\/13\/bal-trad-avec-bouilleurs-de-sons-5-aout-2023\/\"},\"author\":{\"name\":\"AACM\",\"@id\":\"https:\/\/chateau-miglos.fr\/wordpress-test\/#\/schema\/person\/c7c9d611967a7bba7db9f7d72154455e\"},\"headline\":\"Bal-Trad avec Bouilleurs de Sons &#8211; 5 ao\u00fbt 2023\",\"datePublished\":\"2023-06-13T10:00:00+00:00\",\"dateModified\":\"2023-07-04T01:29:08+00:00\",\"mainEntityOfPage\":{\"@id\":\"https:\/\/chateau-miglos.fr\/wordpress-test\/2023\/06\/13\/bal-trad-avec-bouilleurs-de-sons-5-aout-2023\/\"},\"wordCount\":172,\"publisher\":{\"@id\":\"https:\/\/chateau-miglos.fr\/wordpress-test\/#organization\"},\"image\":{\"@id\":\"https:\/\/chateau-miglos.fr\/wordpress-test\/2023\/06\/13\/bal-trad-avec-bouilleurs-de-sons-5-aout-2023\/#primaryimage\"},\"thumbnailUrl\":\"https:\/\/chateau-miglos.fr\/wordpress-test\/wp-content\/uploads\/2023\/06\/avant-baltrad-5aout2023-1.png\",\"articleSection\":[\"Actualit\u00e9s\",\"BAL TRAD\",\"\u00c9t\u00e9 2023\",\"Veill\u00e9e\"],\"inLanguage\":\"fr-FR\"},{\"@type\":\"WebPage\",\"@id\":\"https:\/\/chateau-miglos.fr\/wordpress-test\/2023\/06\/13\/bal-trad-avec-bouilleurs-de-sons-5-aout-2023\/\",\"url\":\"https:\/\/chateau-miglos.fr\/wordpress-test\/2023\/06\/13\/bal-trad-avec-bouilleurs-de-sons-5-aout-2023\/\",\"name\":\"Bal-Trad avec Bouilleurs de Sons - 5 ao\u00fbt 2023 - Ch\u00e2teau de Miglos\",\"isPartOf\":{\"@id\":\"https:\/\/chateau-miglos.fr\/wordpress-test\/#website\"},\"primaryImageOfPage\":{\"@id\":\"https:\/\/chateau-miglos.fr\/wordpress-test\/2023\/06\/13\/bal-trad-avec-bouilleurs-de-sons-5-aout-2023\/#primaryimage\"},\"image\":{\"@id\":\"https:\/\/chateau-miglos.fr\/wordpress-test\/2023\/06\/13\/bal-trad-avec-bouilleurs-de-sons-5-aout-2023\/#primaryimage\"},\"thumbnailUrl\":\"https:\/\/chateau-miglos.fr\/wordpress-test\/wp-content\/uploads\/2023\/06\/avant-baltrad-5aout2023-1.png\",\"datePublished\":\"2023-06-13T10:00:00+00:00\",\"dateModified\":\"2023-07-04T01:29:08+00:00\",\"description\":\"Venez danser au pied du ch\u00e2teau de Miglos au son de valses, mazurkas, scottishs, polkas, cercles circassiens...\",\"breadcrumb\":{\"@id\":\"https:\/\/chateau-miglos.fr\/wordpress-test\/2023\/06\/13\/bal-trad-avec-bouilleurs-de-sons-5-aout-2023\/#breadcrumb\"},\"inLanguage\":\"fr-FR\",\"potentialAction\":[{\"@type\":\"ReadAction\",\"target\":[\"https:\/\/chateau-miglos.fr\/wordpress-test\/2023\/06\/13\/bal-trad-avec-bouilleurs-de-sons-5-aout-2023\/\"]}]},{\"@type\":\"ImageObject\",\"inLanguage\":\"fr-FR\",\"@id\":\"https:\/\/chateau-miglos.fr\/wordpress-test\/2023\/06\/13\/bal-trad-avec-bouilleurs-de-sons-5-aout-2023\/#primaryimage\",\"url\":\"https:\/\/chateau-miglos.fr\/wordpress-test\/wp-content\/uploads\/2023\/06\/avant-baltrad-5aout2023-1.png\",\"contentUrl\":\"https:\/\/chateau-miglos.fr\/wordpress-test\/wp-content\/uploads\/2023\/06\/avant-baltrad-5aout2023-1.png\",\"width\":300,\"height\":150},{\"@type\":\"BreadcrumbList\",\"@id\":\"https:\/\/chateau-miglos.fr\/wordpress-test\/2023\/06\/13\/bal-trad-avec-bouilleurs-de-sons-5-aout-2023\/#breadcrumb\",\"itemListElement\":[{\"@type\":\"ListItem\",\"position\":1,\"name\":\"Accueil\",\"item\":\"https:\/\/chateau-miglos.fr\/wordpress-test\/\"},{\"@type\":\"ListItem\",\"position\":2,\"name\":\"Bal-Trad avec Bouilleurs de Sons &#8211; 5 ao\u00fbt 2023\"}]},{\"@type\":\"WebSite\",\"@id\":\"https:\/\/chateau-miglos.fr\/wordpress-test\/#website\",\"url\":\"https:\/\/chateau-miglos.fr\/wordpress-test\/\",\"name\":\"Ch\u00e2teau de Miglos\",\"description\":\"une ch\u00e2teau, une vall\u00e9e\",\"publisher\":{\"@id\":\"https:\/\/chateau-miglos.fr\/wordpress-test\/#organization\"},\"potentialAction\":[{\"@type\":\"SearchAction\",\"target\":{\"@type\":\"EntryPoint\",\"urlTemplate\":\"https:\/\/chateau-miglos.fr\/wordpress-test\/?s={search_term_string}\"},\"query-input\":\"required name=search_term_string\"}],\"inLanguage\":\"fr-FR\"},{\"@type\":\"Organization\",\"@id\":\"https:\/\/chateau-miglos.fr\/wordpress-test\/#organization\",\"name\":\"Ch\u00e2teau de Miglos\",\"url\":\"https:\/\/chateau-miglos.fr\/wordpress-test\/\",\"logo\":{\"@type\":\"ImageObject\",\"inLanguage\":\"fr-FR\",\"@id\":\"https:\/\/chateau-miglos.fr\/wordpress-test\/#\/schema\/logo\/image\/\",\"url\":\"https:\/\/chateau-miglos.fr\/wordpress-test\/wp-content\/uploads\/2019\/06\/seul.png\",\"contentUrl\":\"https:\/\/chateau-miglos.fr\/wordpress-test\/wp-content\/uploads\/2019\/06\/seul.png\",\"width\":801,\"height\":705,\"caption\":\"Ch\u00e2teau de Miglos\"},\"image\":{\"@id\":\"https:\/\/chateau-miglos.fr\/wordpress-test\/#\/schema\/logo\/image\/\"},\"sameAs\":[\"https:\/\/www.facebook.com\/chateaudemiglos\/\",\"https:\/\/www.instagram.com\/chateaudemiglos\/\",\"https:\/\/www.youtube.com\/channel\/UC70FrOmo9xvq8eHCA4YTs9A\",\"https:\/\/fr.wikipedia.org\/wiki\/Ch\u00e2teau_de_Miglos\"]},{\"@type\":\"Person\",\"@id\":\"https:\/\/chateau-miglos.fr\/wordpress-test\/#\/schema\/person\/c7c9d611967a7bba7db9f7d72154455e\",\"name\":\"AACM\",\"image\":{\"@type\":\"ImageObject\",\"inLanguage\":\"fr-FR\",\"@id\":\"https:\/\/chateau-miglos.fr\/wordpress-test\/#\/schema\/person\/image\/\",\"url\":\"https:\/\/secure.gravatar.com\/avatar\/b704daf4c3f56428875cf047b8f9eb25?s=96&d=mm&r=g\",\"contentUrl\":\"https:\/\/secure.gravatar.com\/avatar\/b704daf4c3f56428875cf047b8f9eb25?s=96&d=mm&r=g\",\"caption\":\"AACM\"}}]}<\/script>\n<!-- \/ Yoast SEO plugin. -->","yoast_head_json":{"title":"Bal-Trad avec Bouilleurs de Sons - 5 ao\u00fbt 2023 - Ch\u00e2teau de Miglos","description":"Venez danser au pied du ch\u00e2teau de Miglos au son de valses, mazurkas, scottishs, polkas, cercles circassiens...","robots":{"index":"index","follow":"follow","max-snippet":"max-snippet:-1","max-image-preview":"max-image-preview:large","max-video-preview":"max-video-preview:-1"},"canonical":"https:\/\/chateau-miglos.fr\/wordpress-test\/2023\/06\/13\/bal-trad-avec-bouilleurs-de-sons-5-aout-2023\/","og_locale":"fr_FR","og_type":"article","og_title":"Bal-Trad avec Bouilleurs de Sons - 5 ao\u00fbt 2023","og_description":"Venez danser au pied du ch\u00e2teau de Miglos au son de valses, mazurkas, scottishs, polkas, cercles circassiens...","og_url":"https:\/\/chateau-miglos.fr\/wordpress-test\/2023\/06\/13\/bal-trad-avec-bouilleurs-de-sons-5-aout-2023\/","og_site_name":"Ch\u00e2teau de Miglos","article_publisher":"https:\/\/www.facebook.com\/chateaudemiglos\/","article_published_time":"2023-06-13T10:00:00+00:00","article_modified_time":"2023-07-04T01:29:08+00:00","og_image":[{"width":1000,"height":522,"url":"https:\/\/chateau-miglos.fr\/wordpress-test\/wp-content\/uploads\/2023\/06\/avant-reseau-baltrad-5aout2023-1.png","type":"image\/png"}],"author":"AACM","twitter_card":"summary_large_image","twitter_title":"Bal-Trad avec Bouilleurs de Sons - 5 ao\u00fbt 2023","twitter_description":"Venez danser au pied du ch\u00e2teau de Miglos au son de valses, mazurkas, scottishs, polkas, cercles circassiens...","twitter_image":"https:\/\/chateau-miglos.fr\/wordpress-test\/wp-content\/uploads\/2023\/06\/avant-reseau-baltrad-5aout2023-1.png","twitter_misc":{"\u00c9crit par":"AACM","Dur\u00e9e de lecture estim\u00e9e":"3 minutes"},"schema":{"@context":"https:\/\/schema.org","@graph":[{"@type":"Article","@id":"https:\/\/chateau-miglos.fr\/wordpress-test\/2023\/06\/13\/bal-trad-avec-bouilleurs-de-sons-5-aout-2023\/#article","isPartOf":{"@id":"https:\/\/chateau-miglos.fr\/wordpress-test\/2023\/06\/13\/bal-trad-avec-bouilleurs-de-sons-5-aout-2023\/"},"author":{"name":"AACM","@id":"https:\/\/chateau-miglos.fr\/wordpress-test\/#\/schema\/person\/c7c9d611967a7bba7db9f7d72154455e"},"headline":"Bal-Trad avec Bouilleurs de Sons &#8211; 5 ao\u00fbt 2023","datePublished":"2023-06-13T10:00:00+00:00","dateModified":"2023-07-04T01:29:08+00:00","mainEntityOfPage":{"@id":"https:\/\/chateau-miglos.fr\/wordpress-test\/2023\/06\/13\/bal-trad-avec-bouilleurs-de-sons-5-aout-2023\/"},"wordCount":172,"publisher":{"@id":"https:\/\/chateau-miglos.fr\/wordpress-test\/#organization"},"image":{"@id":"https:\/\/chateau-miglos.fr\/wordpress-test\/2023\/06\/13\/bal-trad-avec-bouilleurs-de-sons-5-aout-2023\/#primaryimage"},"thumbnailUrl":"https:\/\/chateau-miglos.fr\/wordpress-test\/wp-content\/uploads\/2023\/06\/avant-baltrad-5aout2023-1.png","articleSection":["Actualit\u00e9s","BAL TRAD","\u00c9t\u00e9 2023","Veill\u00e9e"],"inLanguage":"fr-FR"},{"@type":"WebPage","@id":"https:\/\/chateau-miglos.fr\/wordpress-test\/2023\/06\/13\/bal-trad-avec-bouilleurs-de-sons-5-aout-2023\/","url":"https:\/\/chateau-miglos.fr\/wordpress-test\/2023\/06\/13\/bal-trad-avec-bouilleurs-de-sons-5-aout-2023\/","name":"Bal-Trad avec Bouilleurs de Sons - 5 ao\u00fbt 2023 - Ch\u00e2teau de Miglos","isPartOf":{"@id":"https:\/\/chateau-miglos.fr\/wordpress-test\/#website"},"primaryImageOfPage":{"@id":"https:\/\/chateau-miglos.fr\/wordpress-test\/2023\/06\/13\/bal-trad-avec-bouilleurs-de-sons-5-aout-2023\/#primaryimage"},"image":{"@id":"https:\/\/chateau-miglos.fr\/wordpress-test\/2023\/06\/13\/bal-trad-avec-bouilleurs-de-sons-5-aout-2023\/#primaryimage"},"thumbnailUrl":"https:\/\/chateau-miglos.fr\/wordpress-test\/wp-content\/uploads\/2023\/06\/avant-baltrad-5aout2023-1.png","datePublished":"2023-06-13T10:00:00+00:00","dateModified":"2023-07-04T01:29:08+00:00","description":"Venez danser au pied du ch\u00e2teau de Miglos au son de valses, mazurkas, scottishs, polkas, cercles circassiens...","breadcrumb":{"@id":"https:\/\/chateau-miglos.fr\/wordpress-test\/2023\/06\/13\/bal-trad-avec-bouilleurs-de-sons-5-aout-2023\/#breadcrumb"},"inLanguage":"fr-FR","potentialAction":[{"@type":"ReadAction","target":["https:\/\/chateau-miglos.fr\/wordpress-test\/2023\/06\/13\/bal-trad-avec-bouilleurs-de-sons-5-aout-2023\/"]}]},{"@type":"ImageObject","inLanguage":"fr-FR","@id":"https:\/\/chateau-miglos.fr\/wordpress-test\/2023\/06\/13\/bal-trad-avec-bouilleurs-de-sons-5-aout-2023\/#primaryimage","url":"https:\/\/chateau-miglos.fr\/wordpress-test\/wp-content\/uploads\/2023\/06\/avant-baltrad-5aout2023-1.png","contentUrl":"https:\/\/chateau-miglos.fr\/wordpress-test\/wp-content\/uploads\/2023\/06\/avant-baltrad-5aout2023-1.png","width":300,"height":150},{"@type":"BreadcrumbList","@id":"https:\/\/chateau-miglos.fr\/wordpress-test\/2023\/06\/13\/bal-trad-avec-bouilleurs-de-sons-5-aout-2023\/#breadcrumb","itemListElement":[{"@type":"ListItem","position":1,"name":"Accueil","item":"https:\/\/chateau-miglos.fr\/wordpress-test\/"},{"@type":"ListItem","position":2,"name":"Bal-Trad avec Bouilleurs de Sons &#8211; 5 ao\u00fbt 2023"}]},{"@type":"WebSite","@id":"https:\/\/chateau-miglos.fr\/wordpress-test\/#website","url":"https:\/\/chateau-miglos.fr\/wordpress-test\/","name":"Ch\u00e2teau de Miglos","description":"une ch\u00e2teau, une vall\u00e9e","publisher":{"@id":"https:\/\/chateau-miglos.fr\/wordpress-test\/#organization"},"potentialAction":[{"@type":"SearchAction","target":{"@type":"EntryPoint","urlTemplate":"https:\/\/chateau-miglos.fr\/wordpress-test\/?s={search_term_string}"},"query-input":"required name=search_term_string"}],"inLanguage":"fr-FR"},{"@type":"Organization","@id":"https:\/\/chateau-miglos.fr\/wordpress-test\/#organization","name":"Ch\u00e2teau de Miglos","url":"https:\/\/chateau-miglos.fr\/wordpress-test\/","logo":{"@type":"ImageObject","inLanguage":"fr-FR","@id":"https:\/\/chateau-miglos.fr\/wordpress-test\/#\/schema\/logo\/image\/","url":"https:\/\/chateau-miglos.fr\/wordpress-test\/wp-content\/uploads\/2019\/06\/seul.png","contentUrl":"https:\/\/chateau-miglos.fr\/wordpress-test\/wp-content\/uploads\/2019\/06\/seul.png","width":801,"height":705,"caption":"Ch\u00e2teau de Miglos"},"image":{"@id":"https:\/\/chateau-miglos.fr\/wordpress-test\/#\/schema\/logo\/image\/"},"sameAs":["https:\/\/www.facebook.com\/chateaudemiglos\/","https:\/\/www.instagram.com\/chateaudemiglos\/","https:\/\/www.youtube.com\/channel\/UC70FrOmo9xvq8eHCA4YTs9A","https:\/\/fr.wikipedia.org\/wiki\/Ch\u00e2teau_de_Miglos"]},{"@type":"Person","@id":"https:\/\/chateau-miglos.fr\/wordpress-test\/#\/schema\/person\/c7c9d611967a7bba7db9f7d72154455e","name":"AACM","image":{"@type":"ImageObject","inLanguage":"fr-FR","@id":"https:\/\/chateau-miglos.fr\/wordpress-test\/#\/schema\/person\/image\/","url":"https:\/\/secure.gravatar.com\/avatar\/b704daf4c3f56428875cf047b8f9eb25?s=96&d=mm&r=g","contentUrl":"https:\/\/secure.gravatar.com\/avatar\/b704daf4c3f56428875cf047b8f9eb25?s=96&d=mm&r=g","caption":"AACM"}}]}},"jetpack_featured_media_url":"https:\/\/chateau-miglos.fr\/wordpress-test\/wp-content\/uploads\/2023\/06\/avant-baltrad-5aout2023-1.png","rttpg_featured_image_url":{"full":["https:\/\/chateau-miglos.fr\/wordpress-test\/wp-content\/uploads\/2023\/06\/avant-baltrad-5aout2023-1.png",300,150,false],"landscape":["https:\/\/chateau-miglos.fr\/wordpress-test\/wp-content\/uploads\/2023\/06\/avant-baltrad-5aout2023-1.png",300,150,false],"portraits":["https:\/\/chateau-miglos.fr\/wordpress-test\/wp-content\/uploads\/2023\/06\/avant-baltrad-5aout2023-1.png",300,150,false],"thumbnail":["https:\/\/chateau-miglos.fr\/wordpress-test\/wp-content\/uploads\/2023\/06\/avant-baltrad-5aout2023-1-150x150.png",150,150,true],"medium":["https:\/\/chateau-miglos.fr\/wordpress-test\/wp-content\/uploads\/2023\/06\/avant-baltrad-5aout2023-1.png",300,150,false],"large":["https:\/\/chateau-miglos.fr\/wordpress-test\/wp-content\/uploads\/2023\/06\/avant-baltrad-5aout2023-1.png",300,150,false],"1536x1536":["https:\/\/chateau-miglos.fr\/wordpress-test\/wp-content\/uploads\/2023\/06\/avant-baltrad-5aout2023-1.png",300,150,false],"2048x2048":["https:\/\/chateau-miglos.fr\/wordpress-test\/wp-content\/uploads\/2023\/06\/avant-baltrad-5aout2023-1.png",300,150,false],"onepress-blog-small":["https:\/\/chateau-miglos.fr\/wordpress-test\/wp-content\/uploads\/2023\/06\/avant-baltrad-5aout2023-1.png",300,150,false],"onepress-small":["https:\/\/chateau-miglos.fr\/wordpress-test\/wp-content\/uploads\/2023\/06\/avant-baltrad-5aout2023-1.png",300,150,false],"onepress-medium":["https:\/\/chateau-miglos.fr\/wordpress-test\/wp-content\/uploads\/2023\/06\/avant-baltrad-5aout2023-1.png",300,150,false],"sow-carousel-default":["https:\/\/chateau-miglos.fr\/wordpress-test\/wp-content\/uploads\/2023\/06\/avant-baltrad-5aout2023-1-272x150.png",272,150,true]},"rttpg_author":{"display_name":"AACM","author_link":"https:\/\/chateau-miglos.fr\/wordpress-test\/author\/aacm\/"},"rttpg_comment":0,"rttpg_category":"<a href=\"https:\/\/chateau-miglos.fr\/wordpress-test\/category\/actualites\/\" rel=\"category tag\">Actualit\u00e9s<\/a> <a href=\"https:\/\/chateau-miglos.fr\/wordpress-test\/category\/bal-trad\/\" rel=\"category tag\">BAL TRAD<\/a> <a href=\"https:\/\/chateau-miglos.fr\/wordpress-test\/category\/ete-2023\/\" rel=\"category tag\">\u00c9t\u00e9 2023<\/a> <a href=\"https:\/\/chateau-miglos.fr\/wordpress-test\/category\/veillee\/\" rel=\"category tag\">Veill\u00e9e<\/a>","rttpg_excerpt":"Samedi 5 ao\u00fbt 2023 \u00e0 21 h Venez danser au pied du ch\u00e2teau de Miglos au son de valses, mazurkas, scottishs, polkas, cercles circassiens&#8230; www.bouilleurdesons.wixsite.com\/groupe","_links":{"self":[{"href":"https:\/\/chateau-miglos.fr\/wordpress-test\/wp-json\/wp\/v2\/posts\/8649"}],"collection":[{"href":"https:\/\/chateau-miglos.fr\/wordpress-test\/wp-json\/wp\/v2\/posts"}],"about":[{"href":"https:\/\/chateau-miglos.fr\/wordpress-test\/wp-json\/wp\/v2\/types\/post"}],"author":[{"embeddable":true,"href":"https:\/\/chateau-miglos.fr\/wordpress-test\/wp-json\/wp\/v2\/users\/2"}],"replies":[{"embeddable":true,"href":"https:\/\/chateau-miglos.fr\/wordpress-test\/wp-json\/wp\/v2\/comments?post=8649"}],"version-history":[{"count":12,"href":"https:\/\/chateau-miglos.fr\/wordpress-test\/wp-json\/wp\/v2\/posts\/8649\/revisions"}],"predecessor-version":[{"id":8797,"href":"https:\/\/chateau-miglos.fr\/wordpress-test\/wp-json\/wp\/v2\/posts\/8649\/revisions\/8797"}],"wp:featuredmedia":[{"embeddable":true,"href":"https:\/\/chateau-miglos.fr\/wordpress-test\/wp-json\/wp\/v2\/media\/8799"}],"wp:attachment":[{"href":"https:\/\/chateau-miglos.fr\/wordpress-test\/wp-json\/wp\/v2\/media?parent=8649"}],"wp:term":[{"taxonomy":"category","embeddable":true,"href":"https:\/\/chateau-miglos.fr\/wordpress-test\/wp-json\/wp\/v2\/categories?post=8649"},{"taxonomy":"post_tag","embeddable":true,"href":"https:\/\/chateau-miglos.fr\/wordpress-test\/wp-json\/wp\/v2\/tags?post=8649"}],"curies":[{"name":"wp","href":"https:\/\/api.w.org\/{rel}","templated":true}]}}