{"id":8172,"date":"2022-06-27T15:36:40","date_gmt":"2022-06-27T13:36:40","guid":{"rendered":"https:\/\/chateau-miglos.fr\/wordpress-test\/?p=8172"},"modified":"2023-06-29T04:05:05","modified_gmt":"2023-06-29T02:05:05","slug":"bal-trad-avec-revelhet-samedi-6-aout-2022-a-21h","status":"publish","type":"post","link":"https:\/\/chateau-miglos.fr\/wordpress-test\/2022\/06\/27\/bal-trad-avec-revelhet-samedi-6-aout-2022-a-21h\/","title":{"rendered":"Bal-Trad avec REVELHET &#8211; samedi 6 ao\u00fbt 2022"},"content":{"rendered":"\n<h2 class=\"wp-block-heading\">Samedi 6 ao\u00fbt 2022 \u00e0 21h<\/h2>\n\n\n\n<h3 class=\"wp-block-heading\">Venez danser au pied du ch\u00e2teau de Miglos au son des bourr\u00e9es d&#8217;Ari\u00e8ge, valses, mazurkas, cercles circassiens\u2026<\/h3>\n\n\n<div class=\"wp-block-image\">\n<figure class=\"aligncenter size-full is-resized\"><a href=\"https:\/\/chateau-miglos.fr\/wordpress-test\/wp-content\/uploads\/2022\/06\/affiche_revelhet-2022-s1.png\" data-rel=\"lightbox-gallery-Vm8S8a0S\" data-rl_title=\"affiche_revelhet-2022-s1\" data-rl_caption=\"\" title=\"affiche_revelhet-2022-s1\"><img loading=\"lazy\" decoding=\"async\" src=\"https:\/\/chateau-miglos.fr\/wordpress-test\/wp-content\/uploads\/2022\/06\/affiche_revelhet-2022-s1.png\" alt=\"\" class=\"wp-image-8229\" width=\"543\" height=\"768\"\/><\/a><\/figure><\/div>\n\n<div class=\"wp-block-image is-style-rounded\">\n<figure class=\"aligncenter is-resized\"><a href=\"https:\/\/chateau-miglos.fr\/wordpress-test\/wp-content\/uploads\/2022\/06\/affiche-revelhet-2022.pdf\" target=\"_blank\" rel=\"noreferrer noopener\"><img loading=\"lazy\" decoding=\"async\" src=\"http:\/\/chateau-miglos.fr\/wordpress-test\/wp-content\/uploads\/2018\/08\/pdf.jpg\" alt=\"pdf\" class=\"wp-image-1502\" width=\"50\" height=\"50\"\/><\/a><\/figure><\/div>\n\n\n<p class=\"has-normal-font-size\"><strong>REVELHET : c&#8217;est une aubade sous la fen\u00eatre de la vie\u2026;<\/strong> avec une langue enracin\u00e9e dans ces pays d&#8217;Ari\u00e8ge qui s&#8217;\u00e9talent au pied des Pyr\u00e9n\u00e9es, langue de chez nous et de langue de chez vous, une musique charg\u00e9e d&#8217;\u00e9motion qui allie cr\u00e9ation et tradition, \u00e0 \u00e9couter ou \u00e0 danser, musique de rue ou de &#8220;coin du feu&#8221;, avec des accents venus de l&#8217;autre c\u00f4t\u00e9 des Pyr\u00e9n\u00e9es.<\/p>\n\n\n\n<p class=\"has-normal-font-size\">L&#8217;abo\u00e8s ari\u00e9geois fait la f\u00eate avec les autres hautbois et cornemuses des Pyr\u00e9n\u00e9es, au milieu des voix, accord\u00e9ons, cordes et contrebasse.<\/p>\n\n\n\n<p class=\"has-normal-font-size\"><strong>BAL-TRAD : L&#8217;accent est mis sur les bourr\u00e9es d&#8217;Ari\u00e8ge<\/strong> (<em>borr\u00e8gas, planheradas, remenilhas castanhas, travessadas\u2026<\/em>), avec enseignement des pas si besoin est, sans oublier les valses, polkas, mazurkas et cercles plus connus. Et des surprises vous attendent\u2026<\/p>\n\n\n<div class=\"wp-block-image\">\n<figure class=\"aligncenter size-full is-resized\"><a href=\"https:\/\/www.facebook.com\/els.revelhets.1\" target=\"_blank\" rel=\"noopener\"><img loading=\"lazy\" decoding=\"async\" src=\"https:\/\/chateau-miglos.fr\/wordpress-test\/wp-content\/uploads\/2022\/06\/revelhet-facebook.png\" alt=\"\" class=\"wp-image-8208\" width=\"250\" height=\"105\"\/><\/a><\/figure><\/div>","protected":false},"excerpt":{"rendered":"<p>Samedi 6 ao\u00fbt 2022 \u00e0 21h Venez danser au pied du ch\u00e2teau de Miglos au son des bourr\u00e9es d&#8217;Ari\u00e8ge, valses, mazurkas, cercles circassiens\u2026 REVELHET : c&#8217;est une aubade sous la &#8230;<\/p>\n","protected":false},"author":2,"featured_media":8177,"comment_status":"closed","ping_status":"closed","sticky":false,"template":"","format":"standard","meta":{"ngg_post_thumbnail":0,"footnotes":""},"categories":[4,57,53,35],"tags":[],"yoast_head":"<!-- This site is optimized with the Yoast SEO plugin v23.0 - https:\/\/yoast.com\/wordpress\/plugins\/seo\/ -->\n<title>Bal-Trad avec REVELHET - samedi 6 ao\u00fbt 2022 - Ch\u00e2teau de Miglos<\/title>\n<meta name=\"description\" content=\"Venez danser au pied du ch\u00e2teau de Miglos au son de valses, mazurkas, scottishs, polkas, cercles circassiens\u2026\" \/>\n<meta name=\"robots\" content=\"index, follow, max-snippet:-1, max-image-preview:large, max-video-preview:-1\" \/>\n<link rel=\"canonical\" href=\"https:\/\/chateau-miglos.fr\/wordpress-test\/2022\/06\/27\/bal-trad-avec-revelhet-samedi-6-aout-2022-a-21h\/\" \/>\n<meta property=\"og:locale\" content=\"fr_FR\" \/>\n<meta property=\"og:type\" content=\"article\" \/>\n<meta property=\"og:title\" content=\"Bal-Trad avec REVELHET - Samedi 6 ao\u00fbt 2022 \u00e0 21h\" \/>\n<meta property=\"og:description\" content=\"Venez danser au pied du ch\u00e2teau de Miglos au son de valses, mazurkas, scottishs, polkas, cercles circassiens\u2026\" \/>\n<meta property=\"og:url\" content=\"https:\/\/chateau-miglos.fr\/wordpress-test\/2022\/06\/27\/bal-trad-avec-revelhet-samedi-6-aout-2022-a-21h\/\" \/>\n<meta property=\"og:site_name\" content=\"Ch\u00e2teau de Miglos\" \/>\n<meta property=\"article:publisher\" content=\"https:\/\/www.facebook.com\/chateaudemiglos\/\" \/>\n<meta property=\"article:published_time\" content=\"2022-06-27T13:36:40+00:00\" \/>\n<meta property=\"article:modified_time\" content=\"2023-06-29T02:05:05+00:00\" \/>\n<meta property=\"og:image\" content=\"https:\/\/chateau-miglos.fr\/wordpress-test\/wp-content\/uploads\/2022\/06\/avant-reseau-revelhet-2022.png\" \/>\n\t<meta property=\"og:image:width\" content=\"1000\" \/>\n\t<meta property=\"og:image:height\" content=\"522\" \/>\n\t<meta property=\"og:image:type\" content=\"image\/png\" \/>\n<meta name=\"author\" content=\"AACM\" \/>\n<meta name=\"twitter:card\" content=\"summary_large_image\" \/>\n<meta name=\"twitter:title\" content=\"Bal-Trad avec REVELHET - Samedi 6 ao\u00fbt 2022 \u00e0 21h\" \/>\n<meta name=\"twitter:description\" content=\"Venez danser au pied du ch\u00e2teau de Miglos au son de valses, mazurkas, scottishs, polkas, cercles circassiens\u2026\" \/>\n<meta name=\"twitter:image\" content=\"https:\/\/chateau-miglos.fr\/wordpress-test\/wp-content\/uploads\/2022\/06\/avant-reseau-revelhet-2022.png\" \/>\n<meta name=\"twitter:label1\" content=\"\u00c9crit par\" \/>\n\t<meta name=\"twitter:data1\" content=\"AACM\" \/>\n\t<meta name=\"twitter:label2\" content=\"Dur\u00e9e de lecture estim\u00e9e\" \/>\n\t<meta name=\"twitter:data2\" content=\"2 minutes\" \/>\n<script type=\"application\/ld+json\" class=\"yoast-schema-graph\">{\"@context\":\"https:\/\/schema.org\",\"@graph\":[{\"@type\":\"Article\",\"@id\":\"https:\/\/chateau-miglos.fr\/wordpress-test\/2022\/06\/27\/bal-trad-avec-revelhet-samedi-6-aout-2022-a-21h\/#article\",\"isPartOf\":{\"@id\":\"https:\/\/chateau-miglos.fr\/wordpress-test\/2022\/06\/27\/bal-trad-avec-revelhet-samedi-6-aout-2022-a-21h\/\"},\"author\":{\"name\":\"AACM\",\"@id\":\"https:\/\/chateau-miglos.fr\/wordpress-test\/#\/schema\/person\/c7c9d611967a7bba7db9f7d72154455e\"},\"headline\":\"Bal-Trad avec REVELHET &#8211; samedi 6 ao\u00fbt 2022\",\"datePublished\":\"2022-06-27T13:36:40+00:00\",\"dateModified\":\"2023-06-29T02:05:05+00:00\",\"mainEntityOfPage\":{\"@id\":\"https:\/\/chateau-miglos.fr\/wordpress-test\/2022\/06\/27\/bal-trad-avec-revelhet-samedi-6-aout-2022-a-21h\/\"},\"wordCount\":171,\"publisher\":{\"@id\":\"https:\/\/chateau-miglos.fr\/wordpress-test\/#organization\"},\"image\":{\"@id\":\"https:\/\/chateau-miglos.fr\/wordpress-test\/2022\/06\/27\/bal-trad-avec-revelhet-samedi-6-aout-2022-a-21h\/#primaryimage\"},\"thumbnailUrl\":\"https:\/\/chateau-miglos.fr\/wordpress-test\/wp-content\/uploads\/2022\/06\/avant-revelhet-2022.png\",\"articleSection\":[\"Actualit\u00e9s\",\"BAL TRAD\",\"\u00c9t\u00e9 2022\",\"Veill\u00e9e\"],\"inLanguage\":\"fr-FR\"},{\"@type\":\"WebPage\",\"@id\":\"https:\/\/chateau-miglos.fr\/wordpress-test\/2022\/06\/27\/bal-trad-avec-revelhet-samedi-6-aout-2022-a-21h\/\",\"url\":\"https:\/\/chateau-miglos.fr\/wordpress-test\/2022\/06\/27\/bal-trad-avec-revelhet-samedi-6-aout-2022-a-21h\/\",\"name\":\"Bal-Trad avec REVELHET - samedi 6 ao\u00fbt 2022 - Ch\u00e2teau de Miglos\",\"isPartOf\":{\"@id\":\"https:\/\/chateau-miglos.fr\/wordpress-test\/#website\"},\"primaryImageOfPage\":{\"@id\":\"https:\/\/chateau-miglos.fr\/wordpress-test\/2022\/06\/27\/bal-trad-avec-revelhet-samedi-6-aout-2022-a-21h\/#primaryimage\"},\"image\":{\"@id\":\"https:\/\/chateau-miglos.fr\/wordpress-test\/2022\/06\/27\/bal-trad-avec-revelhet-samedi-6-aout-2022-a-21h\/#primaryimage\"},\"thumbnailUrl\":\"https:\/\/chateau-miglos.fr\/wordpress-test\/wp-content\/uploads\/2022\/06\/avant-revelhet-2022.png\",\"datePublished\":\"2022-06-27T13:36:40+00:00\",\"dateModified\":\"2023-06-29T02:05:05+00:00\",\"description\":\"Venez danser au pied du ch\u00e2teau de Miglos au son de valses, mazurkas, scottishs, polkas, cercles circassiens\u2026\",\"breadcrumb\":{\"@id\":\"https:\/\/chateau-miglos.fr\/wordpress-test\/2022\/06\/27\/bal-trad-avec-revelhet-samedi-6-aout-2022-a-21h\/#breadcrumb\"},\"inLanguage\":\"fr-FR\",\"potentialAction\":[{\"@type\":\"ReadAction\",\"target\":[\"https:\/\/chateau-miglos.fr\/wordpress-test\/2022\/06\/27\/bal-trad-avec-revelhet-samedi-6-aout-2022-a-21h\/\"]}]},{\"@type\":\"ImageObject\",\"inLanguage\":\"fr-FR\",\"@id\":\"https:\/\/chateau-miglos.fr\/wordpress-test\/2022\/06\/27\/bal-trad-avec-revelhet-samedi-6-aout-2022-a-21h\/#primaryimage\",\"url\":\"https:\/\/chateau-miglos.fr\/wordpress-test\/wp-content\/uploads\/2022\/06\/avant-revelhet-2022.png\",\"contentUrl\":\"https:\/\/chateau-miglos.fr\/wordpress-test\/wp-content\/uploads\/2022\/06\/avant-revelhet-2022.png\",\"width\":300,\"height\":150},{\"@type\":\"BreadcrumbList\",\"@id\":\"https:\/\/chateau-miglos.fr\/wordpress-test\/2022\/06\/27\/bal-trad-avec-revelhet-samedi-6-aout-2022-a-21h\/#breadcrumb\",\"itemListElement\":[{\"@type\":\"ListItem\",\"position\":1,\"name\":\"Accueil\",\"item\":\"https:\/\/chateau-miglos.fr\/wordpress-test\/\"},{\"@type\":\"ListItem\",\"position\":2,\"name\":\"Bal-Trad avec REVELHET &#8211; samedi 6 ao\u00fbt 2022\"}]},{\"@type\":\"WebSite\",\"@id\":\"https:\/\/chateau-miglos.fr\/wordpress-test\/#website\",\"url\":\"https:\/\/chateau-miglos.fr\/wordpress-test\/\",\"name\":\"Ch\u00e2teau de Miglos\",\"description\":\"une ch\u00e2teau, une vall\u00e9e\",\"publisher\":{\"@id\":\"https:\/\/chateau-miglos.fr\/wordpress-test\/#organization\"},\"potentialAction\":[{\"@type\":\"SearchAction\",\"target\":{\"@type\":\"EntryPoint\",\"urlTemplate\":\"https:\/\/chateau-miglos.fr\/wordpress-test\/?s={search_term_string}\"},\"query-input\":\"required name=search_term_string\"}],\"inLanguage\":\"fr-FR\"},{\"@type\":\"Organization\",\"@id\":\"https:\/\/chateau-miglos.fr\/wordpress-test\/#organization\",\"name\":\"Ch\u00e2teau de Miglos\",\"url\":\"https:\/\/chateau-miglos.fr\/wordpress-test\/\",\"logo\":{\"@type\":\"ImageObject\",\"inLanguage\":\"fr-FR\",\"@id\":\"https:\/\/chateau-miglos.fr\/wordpress-test\/#\/schema\/logo\/image\/\",\"url\":\"https:\/\/chateau-miglos.fr\/wordpress-test\/wp-content\/uploads\/2019\/06\/seul.png\",\"contentUrl\":\"https:\/\/chateau-miglos.fr\/wordpress-test\/wp-content\/uploads\/2019\/06\/seul.png\",\"width\":801,\"height\":705,\"caption\":\"Ch\u00e2teau de Miglos\"},\"image\":{\"@id\":\"https:\/\/chateau-miglos.fr\/wordpress-test\/#\/schema\/logo\/image\/\"},\"sameAs\":[\"https:\/\/www.facebook.com\/chateaudemiglos\/\",\"https:\/\/www.instagram.com\/chateaudemiglos\/\",\"https:\/\/www.youtube.com\/channel\/UC70FrOmo9xvq8eHCA4YTs9A\",\"https:\/\/fr.wikipedia.org\/wiki\/Ch\u00e2teau_de_Miglos\"]},{\"@type\":\"Person\",\"@id\":\"https:\/\/chateau-miglos.fr\/wordpress-test\/#\/schema\/person\/c7c9d611967a7bba7db9f7d72154455e\",\"name\":\"AACM\",\"image\":{\"@type\":\"ImageObject\",\"inLanguage\":\"fr-FR\",\"@id\":\"https:\/\/chateau-miglos.fr\/wordpress-test\/#\/schema\/person\/image\/\",\"url\":\"https:\/\/secure.gravatar.com\/avatar\/b704daf4c3f56428875cf047b8f9eb25?s=96&d=mm&r=g\",\"contentUrl\":\"https:\/\/secure.gravatar.com\/avatar\/b704daf4c3f56428875cf047b8f9eb25?s=96&d=mm&r=g\",\"caption\":\"AACM\"}}]}<\/script>\n<!-- \/ Yoast SEO plugin. -->","yoast_head_json":{"title":"Bal-Trad avec REVELHET - samedi 6 ao\u00fbt 2022 - Ch\u00e2teau de Miglos","description":"Venez danser au pied du ch\u00e2teau de Miglos au son de valses, mazurkas, scottishs, polkas, cercles circassiens\u2026","robots":{"index":"index","follow":"follow","max-snippet":"max-snippet:-1","max-image-preview":"max-image-preview:large","max-video-preview":"max-video-preview:-1"},"canonical":"https:\/\/chateau-miglos.fr\/wordpress-test\/2022\/06\/27\/bal-trad-avec-revelhet-samedi-6-aout-2022-a-21h\/","og_locale":"fr_FR","og_type":"article","og_title":"Bal-Trad avec REVELHET - Samedi 6 ao\u00fbt 2022 \u00e0 21h","og_description":"Venez danser au pied du ch\u00e2teau de Miglos au son de valses, mazurkas, scottishs, polkas, cercles circassiens\u2026","og_url":"https:\/\/chateau-miglos.fr\/wordpress-test\/2022\/06\/27\/bal-trad-avec-revelhet-samedi-6-aout-2022-a-21h\/","og_site_name":"Ch\u00e2teau de Miglos","article_publisher":"https:\/\/www.facebook.com\/chateaudemiglos\/","article_published_time":"2022-06-27T13:36:40+00:00","article_modified_time":"2023-06-29T02:05:05+00:00","og_image":[{"width":1000,"height":522,"url":"https:\/\/chateau-miglos.fr\/wordpress-test\/wp-content\/uploads\/2022\/06\/avant-reseau-revelhet-2022.png","type":"image\/png"}],"author":"AACM","twitter_card":"summary_large_image","twitter_title":"Bal-Trad avec REVELHET - Samedi 6 ao\u00fbt 2022 \u00e0 21h","twitter_description":"Venez danser au pied du ch\u00e2teau de Miglos au son de valses, mazurkas, scottishs, polkas, cercles circassiens\u2026","twitter_image":"https:\/\/chateau-miglos.fr\/wordpress-test\/wp-content\/uploads\/2022\/06\/avant-reseau-revelhet-2022.png","twitter_misc":{"\u00c9crit par":"AACM","Dur\u00e9e de lecture estim\u00e9e":"2 minutes"},"schema":{"@context":"https:\/\/schema.org","@graph":[{"@type":"Article","@id":"https:\/\/chateau-miglos.fr\/wordpress-test\/2022\/06\/27\/bal-trad-avec-revelhet-samedi-6-aout-2022-a-21h\/#article","isPartOf":{"@id":"https:\/\/chateau-miglos.fr\/wordpress-test\/2022\/06\/27\/bal-trad-avec-revelhet-samedi-6-aout-2022-a-21h\/"},"author":{"name":"AACM","@id":"https:\/\/chateau-miglos.fr\/wordpress-test\/#\/schema\/person\/c7c9d611967a7bba7db9f7d72154455e"},"headline":"Bal-Trad avec REVELHET &#8211; samedi 6 ao\u00fbt 2022","datePublished":"2022-06-27T13:36:40+00:00","dateModified":"2023-06-29T02:05:05+00:00","mainEntityOfPage":{"@id":"https:\/\/chateau-miglos.fr\/wordpress-test\/2022\/06\/27\/bal-trad-avec-revelhet-samedi-6-aout-2022-a-21h\/"},"wordCount":171,"publisher":{"@id":"https:\/\/chateau-miglos.fr\/wordpress-test\/#organization"},"image":{"@id":"https:\/\/chateau-miglos.fr\/wordpress-test\/2022\/06\/27\/bal-trad-avec-revelhet-samedi-6-aout-2022-a-21h\/#primaryimage"},"thumbnailUrl":"https:\/\/chateau-miglos.fr\/wordpress-test\/wp-content\/uploads\/2022\/06\/avant-revelhet-2022.png","articleSection":["Actualit\u00e9s","BAL TRAD","\u00c9t\u00e9 2022","Veill\u00e9e"],"inLanguage":"fr-FR"},{"@type":"WebPage","@id":"https:\/\/chateau-miglos.fr\/wordpress-test\/2022\/06\/27\/bal-trad-avec-revelhet-samedi-6-aout-2022-a-21h\/","url":"https:\/\/chateau-miglos.fr\/wordpress-test\/2022\/06\/27\/bal-trad-avec-revelhet-samedi-6-aout-2022-a-21h\/","name":"Bal-Trad avec REVELHET - samedi 6 ao\u00fbt 2022 - Ch\u00e2teau de Miglos","isPartOf":{"@id":"https:\/\/chateau-miglos.fr\/wordpress-test\/#website"},"primaryImageOfPage":{"@id":"https:\/\/chateau-miglos.fr\/wordpress-test\/2022\/06\/27\/bal-trad-avec-revelhet-samedi-6-aout-2022-a-21h\/#primaryimage"},"image":{"@id":"https:\/\/chateau-miglos.fr\/wordpress-test\/2022\/06\/27\/bal-trad-avec-revelhet-samedi-6-aout-2022-a-21h\/#primaryimage"},"thumbnailUrl":"https:\/\/chateau-miglos.fr\/wordpress-test\/wp-content\/uploads\/2022\/06\/avant-revelhet-2022.png","datePublished":"2022-06-27T13:36:40+00:00","dateModified":"2023-06-29T02:05:05+00:00","description":"Venez danser au pied du ch\u00e2teau de Miglos au son de valses, mazurkas, scottishs, polkas, cercles circassiens\u2026","breadcrumb":{"@id":"https:\/\/chateau-miglos.fr\/wordpress-test\/2022\/06\/27\/bal-trad-avec-revelhet-samedi-6-aout-2022-a-21h\/#breadcrumb"},"inLanguage":"fr-FR","potentialAction":[{"@type":"ReadAction","target":["https:\/\/chateau-miglos.fr\/wordpress-test\/2022\/06\/27\/bal-trad-avec-revelhet-samedi-6-aout-2022-a-21h\/"]}]},{"@type":"ImageObject","inLanguage":"fr-FR","@id":"https:\/\/chateau-miglos.fr\/wordpress-test\/2022\/06\/27\/bal-trad-avec-revelhet-samedi-6-aout-2022-a-21h\/#primaryimage","url":"https:\/\/chateau-miglos.fr\/wordpress-test\/wp-content\/uploads\/2022\/06\/avant-revelhet-2022.png","contentUrl":"https:\/\/chateau-miglos.fr\/wordpress-test\/wp-content\/uploads\/2022\/06\/avant-revelhet-2022.png","width":300,"height":150},{"@type":"BreadcrumbList","@id":"https:\/\/chateau-miglos.fr\/wordpress-test\/2022\/06\/27\/bal-trad-avec-revelhet-samedi-6-aout-2022-a-21h\/#breadcrumb","itemListElement":[{"@type":"ListItem","position":1,"name":"Accueil","item":"https:\/\/chateau-miglos.fr\/wordpress-test\/"},{"@type":"ListItem","position":2,"name":"Bal-Trad avec REVELHET &#8211; samedi 6 ao\u00fbt 2022"}]},{"@type":"WebSite","@id":"https:\/\/chateau-miglos.fr\/wordpress-test\/#website","url":"https:\/\/chateau-miglos.fr\/wordpress-test\/","name":"Ch\u00e2teau de Miglos","description":"une ch\u00e2teau, une vall\u00e9e","publisher":{"@id":"https:\/\/chateau-miglos.fr\/wordpress-test\/#organization"},"potentialAction":[{"@type":"SearchAction","target":{"@type":"EntryPoint","urlTemplate":"https:\/\/chateau-miglos.fr\/wordpress-test\/?s={search_term_string}"},"query-input":"required name=search_term_string"}],"inLanguage":"fr-FR"},{"@type":"Organization","@id":"https:\/\/chateau-miglos.fr\/wordpress-test\/#organization","name":"Ch\u00e2teau de Miglos","url":"https:\/\/chateau-miglos.fr\/wordpress-test\/","logo":{"@type":"ImageObject","inLanguage":"fr-FR","@id":"https:\/\/chateau-miglos.fr\/wordpress-test\/#\/schema\/logo\/image\/","url":"https:\/\/chateau-miglos.fr\/wordpress-test\/wp-content\/uploads\/2019\/06\/seul.png","contentUrl":"https:\/\/chateau-miglos.fr\/wordpress-test\/wp-content\/uploads\/2019\/06\/seul.png","width":801,"height":705,"caption":"Ch\u00e2teau de Miglos"},"image":{"@id":"https:\/\/chateau-miglos.fr\/wordpress-test\/#\/schema\/logo\/image\/"},"sameAs":["https:\/\/www.facebook.com\/chateaudemiglos\/","https:\/\/www.instagram.com\/chateaudemiglos\/","https:\/\/www.youtube.com\/channel\/UC70FrOmo9xvq8eHCA4YTs9A","https:\/\/fr.wikipedia.org\/wiki\/Ch\u00e2teau_de_Miglos"]},{"@type":"Person","@id":"https:\/\/chateau-miglos.fr\/wordpress-test\/#\/schema\/person\/c7c9d611967a7bba7db9f7d72154455e","name":"AACM","image":{"@type":"ImageObject","inLanguage":"fr-FR","@id":"https:\/\/chateau-miglos.fr\/wordpress-test\/#\/schema\/person\/image\/","url":"https:\/\/secure.gravatar.com\/avatar\/b704daf4c3f56428875cf047b8f9eb25?s=96&d=mm&r=g","contentUrl":"https:\/\/secure.gravatar.com\/avatar\/b704daf4c3f56428875cf047b8f9eb25?s=96&d=mm&r=g","caption":"AACM"}}]}},"jetpack_featured_media_url":"https:\/\/chateau-miglos.fr\/wordpress-test\/wp-content\/uploads\/2022\/06\/avant-revelhet-2022.png","rttpg_featured_image_url":{"full":["https:\/\/chateau-miglos.fr\/wordpress-test\/wp-content\/uploads\/2022\/06\/avant-revelhet-2022.png",300,150,false],"landscape":["https:\/\/chateau-miglos.fr\/wordpress-test\/wp-content\/uploads\/2022\/06\/avant-revelhet-2022.png",300,150,false],"portraits":["https:\/\/chateau-miglos.fr\/wordpress-test\/wp-content\/uploads\/2022\/06\/avant-revelhet-2022.png",300,150,false],"thumbnail":["https:\/\/chateau-miglos.fr\/wordpress-test\/wp-content\/uploads\/2022\/06\/avant-revelhet-2022-150x150.png",150,150,true],"medium":["https:\/\/chateau-miglos.fr\/wordpress-test\/wp-content\/uploads\/2022\/06\/avant-revelhet-2022.png",300,150,false],"large":["https:\/\/chateau-miglos.fr\/wordpress-test\/wp-content\/uploads\/2022\/06\/avant-revelhet-2022.png",300,150,false],"1536x1536":["https:\/\/chateau-miglos.fr\/wordpress-test\/wp-content\/uploads\/2022\/06\/avant-revelhet-2022.png",300,150,false],"2048x2048":["https:\/\/chateau-miglos.fr\/wordpress-test\/wp-content\/uploads\/2022\/06\/avant-revelhet-2022.png",300,150,false],"onepress-blog-small":["https:\/\/chateau-miglos.fr\/wordpress-test\/wp-content\/uploads\/2022\/06\/avant-revelhet-2022-300x150.png",300,150,true],"onepress-small":["https:\/\/chateau-miglos.fr\/wordpress-test\/wp-content\/uploads\/2022\/06\/avant-revelhet-2022.png",300,150,false],"onepress-medium":["https:\/\/chateau-miglos.fr\/wordpress-test\/wp-content\/uploads\/2022\/06\/avant-revelhet-2022.png",300,150,false],"sow-carousel-default":["https:\/\/chateau-miglos.fr\/wordpress-test\/wp-content\/uploads\/2022\/06\/avant-revelhet-2022-272x150.png",272,150,true]},"rttpg_author":{"display_name":"AACM","author_link":"https:\/\/chateau-miglos.fr\/wordpress-test\/author\/aacm\/"},"rttpg_comment":0,"rttpg_category":"<a href=\"https:\/\/chateau-miglos.fr\/wordpress-test\/category\/actualites\/\" rel=\"category tag\">Actualit\u00e9s<\/a> <a href=\"https:\/\/chateau-miglos.fr\/wordpress-test\/category\/bal-trad\/\" rel=\"category tag\">BAL TRAD<\/a> <a href=\"https:\/\/chateau-miglos.fr\/wordpress-test\/category\/ete-2022\/\" rel=\"category tag\">\u00c9t\u00e9 2022<\/a> <a href=\"https:\/\/chateau-miglos.fr\/wordpress-test\/category\/veillee\/\" rel=\"category tag\">Veill\u00e9e<\/a>","rttpg_excerpt":"Samedi 6 ao\u00fbt 2022 \u00e0 21h Venez danser au pied du ch\u00e2teau de Miglos au son des bourr\u00e9es d&#8217;Ari\u00e8ge, valses, mazurkas, cercles circassiens\u2026 REVELHET : c&#8217;est une aubade sous la ...","_links":{"self":[{"href":"https:\/\/chateau-miglos.fr\/wordpress-test\/wp-json\/wp\/v2\/posts\/8172"}],"collection":[{"href":"https:\/\/chateau-miglos.fr\/wordpress-test\/wp-json\/wp\/v2\/posts"}],"about":[{"href":"https:\/\/chateau-miglos.fr\/wordpress-test\/wp-json\/wp\/v2\/types\/post"}],"author":[{"embeddable":true,"href":"https:\/\/chateau-miglos.fr\/wordpress-test\/wp-json\/wp\/v2\/users\/2"}],"replies":[{"embeddable":true,"href":"https:\/\/chateau-miglos.fr\/wordpress-test\/wp-json\/wp\/v2\/comments?post=8172"}],"version-history":[{"count":13,"href":"https:\/\/chateau-miglos.fr\/wordpress-test\/wp-json\/wp\/v2\/posts\/8172\/revisions"}],"predecessor-version":[{"id":8729,"href":"https:\/\/chateau-miglos.fr\/wordpress-test\/wp-json\/wp\/v2\/posts\/8172\/revisions\/8729"}],"wp:featuredmedia":[{"embeddable":true,"href":"https:\/\/chateau-miglos.fr\/wordpress-test\/wp-json\/wp\/v2\/media\/8177"}],"wp:attachment":[{"href":"https:\/\/chateau-miglos.fr\/wordpress-test\/wp-json\/wp\/v2\/media?parent=8172"}],"wp:term":[{"taxonomy":"category","embeddable":true,"href":"https:\/\/chateau-miglos.fr\/wordpress-test\/wp-json\/wp\/v2\/categories?post=8172"},{"taxonomy":"post_tag","embeddable":true,"href":"https:\/\/chateau-miglos.fr\/wordpress-test\/wp-json\/wp\/v2\/tags?post=8172"}],"curies":[{"name":"wp","href":"https:\/\/api.w.org\/{rel}","templated":true}]}}