{"id":8030,"date":"2022-06-27T15:59:00","date_gmt":"2022-06-27T13:59:00","guid":{"rendered":"https:\/\/chateau-miglos.fr\/wordpress-test\/?p=8030"},"modified":"2022-07-20T18:39:19","modified_gmt":"2022-07-20T16:39:19","slug":"la-brigade-du-temps-intervient-au-chateau-de-miglos-20-juillet-10-et-17-aout-2022","status":"publish","type":"post","link":"https:\/\/chateau-miglos.fr\/wordpress-test\/2022\/06\/27\/la-brigade-du-temps-intervient-au-chateau-de-miglos-20-juillet-10-et-17-aout-2022\/","title":{"rendered":"La Brigade du Temps intervient au ch\u00e2teau de Miglos &#8211; 20 juillet, 10 et 17 ao\u00fbt 2022"},"content":{"rendered":"\n<h2 class=\"wp-block-heading\">2 Spectacles \u00e0 14h30 et 16h<\/h2>\n\n\n\n<h2 class=\"wp-block-heading\">et une visite du ch\u00e2teau de Miglos \u00e0 15h15<\/h2>\n\n\n\n<div class=\"wp-block-image\"><figure class=\"aligncenter size-full\"><a href=\"https:\/\/chateau-miglos.fr\/wordpress-test\/wp-content\/uploads\/2022\/07\/BELLIMERCATOR.jpg\" data-rel=\"lightbox-gallery-lGiQOSmk\" data-rl_title=\"BELLIMERCATOR\" data-rl_caption=\"\" title=\"BELLIMERCATOR\"><img loading=\"lazy\" decoding=\"async\" width=\"543\" height=\"768\" src=\"https:\/\/chateau-miglos.fr\/wordpress-test\/wp-content\/uploads\/2022\/07\/BELLIMERCATOR.jpg\" alt=\"\" class=\"wp-image-8293\"\/><\/a><\/figure><\/div>\n\n\n\n<p> Les trois valeureux membres de la <strong>B<\/strong>rigade d<strong>\u2019I<\/strong>ntervention <strong>T<\/strong>emporelle <strong>C<\/strong>ontre les <strong>C<\/strong>lich\u00e9s et pour la <strong>C<\/strong>oh\u00e9rence <strong>H<\/strong>istorique vont vous embarquer dans un voyage au c\u0153ur  du Moyen-\u00e2ge ! <\/p>\n\n\n\n<p><strong>Leur mission : raconter 500 ans d&#8217;Histoire en deux fois 30 minutes !<\/strong><\/p>\n\n\n\n<p>Loufoque, d\u00e9jant\u00e9 mais toujours rigoureusement historique, venez d\u00e9couvrir les deux \u00e9pisodes :<br>&#8220;La croisade s&#8217;amuse&#8221; et &#8220;100 ans de nuance de guerre&#8221; !<\/p>\n\n\n\n<div class=\"wp-block-media-text alignwide is-stacked-on-mobile\" style=\"grid-template-columns:20% auto\"><figure class=\"wp-block-media-text__media\"><a href=\"http:\/\/www.ariege.fr\/\" target=\"_blank\" rel=\"noopener\"><img loading=\"lazy\" decoding=\"async\" width=\"200\" height=\"115\" src=\"https:\/\/chateau-miglos.fr\/wordpress-test\/wp-content\/uploads\/2022\/06\/09_logo-s.png\" alt=\"\" class=\"wp-image-8088 size-full\"\/><\/a><\/figure><div class=\"wp-block-media-text__content\">\n<p class=\"has-text-align-center\"><strong>GRATUIT &#8211; SANS R\u00c9SERVATION<br>D\u00c8S 8 ANS &#8211; DUR\u00c9E : 35 MIN<br>Site de montagne, pr\u00e9voir chaussures adapt\u00e9es<br>Contact : 05 61 02 09 25<\/strong><\/p>\n<\/div><\/div>\n\n\n\n<figure class=\"wp-block-embed aligncenter is-type-video is-provider-youtube wp-block-embed-youtube wp-embed-aspect-16-9 wp-has-aspect-ratio\"><div class=\"wp-block-embed__wrapper\">\n<iframe loading=\"lazy\" title=\"La Brigade du Temps intervient au ch\u00e2teau de Miglos \u2013 20 juillet, 10 et 17 ao\u00fbt 2022\" width=\"800\" height=\"450\" src=\"https:\/\/www.youtube.com\/embed\/TalGcbkOiLc?feature=oembed\" frameborder=\"0\" allow=\"accelerometer; autoplay; clipboard-write; encrypted-media; gyroscope; picture-in-picture\" allowfullscreen><\/iframe>\n<\/div><\/figure>\n\n\n\n<div class=\"wp-block-media-text alignwide is-stacked-on-mobile\" style=\"grid-template-columns:21% auto\"><figure class=\"wp-block-media-text__media\"><a href=\"https:\/\/chateau-miglos.fr\/wordpress-test\/wp-content\/uploads\/2022\/06\/la-croisade-amuse-1.png\" data-rel=\"lightbox-gallery-lGiQOSmk\" data-rl_title=\"Affiche La Croisage s&#8217;Amuse &#8211; Compagnie Belli Mercator\" data-rl_caption=\"\" title=\"Affiche La Croisage s&#8217;Amuse &#8211; Compagnie Belli Mercator\"><img loading=\"lazy\" decoding=\"async\" width=\"1024\" height=\"1472\" src=\"https:\/\/chateau-miglos.fr\/wordpress-test\/wp-content\/uploads\/2022\/06\/la-croisade-amuse-1.png\" alt=\"\" class=\"wp-image-8045 size-full\"\/><\/a><\/figure><div class=\"wp-block-media-text__content\">\n<p class=\"has-normal-font-size\">14h30 : <strong>La Croisade s\u2019amuse (L\u2019\u00e2ge d\u2019or de la f\u00e9odalit\u00e9, les troubadours et les croisades),<\/strong><\/p>\n<\/div><\/div>\n\n\n\n<div class=\"wp-block-media-text alignwide is-stacked-on-mobile\" style=\"grid-template-columns:20% auto\"><figure class=\"wp-block-media-text__media\"><img loading=\"lazy\" decoding=\"async\" width=\"333\" height=\"211\" src=\"https:\/\/chateau-miglos.fr\/wordpress-test\/wp-content\/uploads\/2022\/06\/logo-aacm-2022.png\" alt=\"\" class=\"wp-image-8075 size-full\"\/><\/figure><div class=\"wp-block-media-text__content\">\n<p class=\"has-normal-font-size\">15h15 :<strong> Visite du Ch\u00e2teau de Miglos par les membres de l&#8217;Association des Amis du Ch\u00e2teau de Miglos,<\/strong><\/p>\n<\/div><\/div>\n\n\n\n<div class=\"wp-block-media-text alignwide is-stacked-on-mobile\" style=\"grid-template-columns:20% auto\"><figure class=\"wp-block-media-text__media\"><a href=\"https:\/\/chateau-miglos.fr\/wordpress-test\/wp-content\/uploads\/2022\/06\/100ans-de-nuance-de-guerre-1.png\" data-rel=\"lightbox-gallery-lGiQOSmk\" data-rl_title=\"Affiche 100 ans de Nuances de Guerre &#8211; Compagnie Belli Mercator\" data-rl_caption=\"\" title=\"Affiche 100 ans de Nuances de Guerre &#8211; Compagnie Belli Mercator\"><img loading=\"lazy\" decoding=\"async\" width=\"712\" height=\"1024\" src=\"https:\/\/chateau-miglos.fr\/wordpress-test\/wp-content\/uploads\/2022\/06\/100ans-de-nuance-de-guerre-1-712x1024.png\" alt=\"\" class=\"wp-image-8044 size-full\"\/><\/a><\/figure><div class=\"wp-block-media-text__content\">\n<p class=\"has-normal-font-size\">16h00 : <strong>100 ans de nuances de guerre (du b\u00fbcher des templiers jusqu\u2019\u00e0 Gutenberg).<\/strong><\/p>\n<\/div><\/div>\n\n\n\n<hr class=\"wp-block-separator\"\/>\n\n\n\n<h3 class=\"wp-block-heading\">Compagnie de Th\u00e9\u00e2tre Belli Mercator<\/h3>\n\n\n\n<div class=\"wp-block-image\"><figure class=\"aligncenter size-full is-resized\"><a href=\"https:\/\/www.facebook.com\/BelliMercator\" target=\"_blank\" rel=\"noopener\"><img loading=\"lazy\" decoding=\"async\" src=\"https:\/\/chateau-miglos.fr\/wordpress-test\/wp-content\/uploads\/2022\/06\/facebook-belli-mercator.png\" alt=\"\" class=\"wp-image-8222\" width=\"250\" height=\"107\"\/><\/a><\/figure><\/div>\n\n\n\n<div class=\"wp-block-image\"><figure class=\"aligncenter size-full\"><img loading=\"lazy\" decoding=\"async\" width=\"918\" height=\"300\" src=\"https:\/\/chateau-miglos.fr\/wordpress-test\/wp-content\/uploads\/2022\/06\/bandeau_bellimercator.png\" alt=\"\" class=\"wp-image-8083\"\/><\/figure><\/div>\n\n\n\n<figure class=\"wp-block-gallery columns-3 is-cropped wp-block-gallery-1 is-layout-flex wp-block-gallery-is-layout-flex\"><ul class=\"blocks-gallery-grid\"><li class=\"blocks-gallery-item\"><figure><img loading=\"lazy\" decoding=\"async\" width=\"200\" height=\"167\" src=\"https:\/\/chateau-miglos.fr\/wordpress-test\/wp-content\/uploads\/2022\/06\/vincent1.gif\" alt=\"\" data-id=\"8095\" data-full-url=\"https:\/\/chateau-miglos.fr\/wordpress-test\/wp-content\/uploads\/2022\/06\/vincent1.gif\" data-link=\"https:\/\/chateau-miglos.fr\/wordpress-test\/2021\/06\/23\/la-brigade-du-temps-intervient-au-chateau-de-miglos-20-juillet-10-et-17-aout-2022\/vincent1\/\" class=\"wp-image-8095\"\/><\/figure><\/li><li class=\"blocks-gallery-item\"><figure><img loading=\"lazy\" decoding=\"async\" width=\"200\" height=\"167\" src=\"https:\/\/chateau-miglos.fr\/wordpress-test\/wp-content\/uploads\/2022\/06\/celine1.gif\" alt=\"\" data-id=\"8094\" data-link=\"https:\/\/chateau-miglos.fr\/wordpress-test\/2021\/06\/23\/la-brigade-du-temps-intervient-au-chateau-de-miglos-20-juillet-10-et-17-aout-2022\/celine1\/\" class=\"wp-image-8094\"\/><\/figure><\/li><li class=\"blocks-gallery-item\"><figure><img loading=\"lazy\" decoding=\"async\" width=\"200\" height=\"166\" src=\"https:\/\/chateau-miglos.fr\/wordpress-test\/wp-content\/uploads\/2022\/06\/brice1.gif\" alt=\"\" data-id=\"8092\" data-link=\"https:\/\/chateau-miglos.fr\/wordpress-test\/2021\/06\/23\/la-brigade-du-temps-intervient-au-chateau-de-miglos-20-juillet-10-et-17-aout-2022\/brice1\/\" class=\"wp-image-8092\"\/><\/figure><\/li><\/ul><\/figure>\n\n\n\n<div class=\"wp-block-image\"><figure class=\"aligncenter size-large\"><img decoding=\"async\" src=\"http:\/\/www.bellimercator.fr\/brigadedutemps\/wp-content\/uploads\/2016\/12\/header.png\" alt=\"\"\/><\/figure><\/div>\n\n\n\n<div class=\"wp-block-image\"><figure class=\"aligncenter size-large\"><img decoding=\"async\" src=\"http:\/\/www.bellimercator.fr\/brigadedutemps\/wp-content\/uploads\/2016\/12\/palme.png\" alt=\"\"\/><\/figure><\/div>\n","protected":false},"excerpt":{"rendered":"<p>2 Spectacles \u00e0 14h30 et 16h et une visite du ch\u00e2teau de Miglos \u00e0 15h15 Les trois valeureux membres de la Brigade d\u2019Intervention Temporelle Contre les Clich\u00e9s et pour la &#8230;<\/p>\n","protected":false},"author":2,"featured_media":8042,"comment_status":"closed","ping_status":"closed","sticky":false,"template":"","format":"standard","meta":{"ngg_post_thumbnail":0,"footnotes":""},"categories":[4,53,46],"tags":[],"yoast_head":"<!-- This site is optimized with the Yoast SEO plugin v23.0 - https:\/\/yoast.com\/wordpress\/plugins\/seo\/ -->\n<title>La Brigade du Temps intervient au ch\u00e2teau de Miglos - 20 juillet, 10 et 17 ao\u00fbt 2022 - Ch\u00e2teau de Miglos<\/title>\n<meta name=\"description\" content=\"Les trois valeureux membres de la Brigade d\u2019Intervention Temporelle vont vous embarquer dans un voyage au c\u0153ur du temps.20 juillet, 10 et 17 ao\u00fbt 2022 - \u00e0 14h30 : La Croisade s\u2019amuse (L\u2019\u00e2ge d\u2019or de la f\u00e9odalit\u00e9, les troubadours et les croisades), \u00e0 15h15 : Visite du Ch\u00e2teau de Miglos par les membres de l&#039;Association des Amis du Ch\u00e2teau de Miglos, \u00e0 16h00 : 100 ans de nuances de guerre (du b\u00fbcher des templiers jusqu\u2019\u00e0 Gutenberg).\" \/>\n<meta name=\"robots\" content=\"index, follow, max-snippet:-1, max-image-preview:large, max-video-preview:-1\" \/>\n<link rel=\"canonical\" href=\"https:\/\/chateau-miglos.fr\/wordpress-test\/2022\/06\/27\/la-brigade-du-temps-intervient-au-chateau-de-miglos-20-juillet-10-et-17-aout-2022\/\" \/>\n<meta property=\"og:locale\" content=\"fr_FR\" \/>\n<meta property=\"og:type\" content=\"article\" \/>\n<meta property=\"og:title\" content=\"La Brigade du Temps intervient au ch\u00e2teau de Miglos - 20 juillet, 10 et 17 ao\u00fbt 2022 - Ch\u00e2teau de Miglos\" \/>\n<meta property=\"og:description\" content=\"Les trois valeureux membres de la Brigade d\u2019Intervention Temporelle vont vous embarquer dans un voyage au c\u0153ur du temps.20 juillet, 10 et 17 ao\u00fbt 2022 - \u00e0 14h30 : La Croisade s\u2019amuse (L\u2019\u00e2ge d\u2019or de la f\u00e9odalit\u00e9, les troubadours et les croisades), \u00e0 15h15 : Visite du Ch\u00e2teau de Miglos par les membres de l&#039;Association des Amis du Ch\u00e2teau de Miglos, \u00e0 16h00 : 100 ans de nuances de guerre (du b\u00fbcher des templiers jusqu\u2019\u00e0 Gutenberg).\" \/>\n<meta property=\"og:url\" content=\"https:\/\/chateau-miglos.fr\/wordpress-test\/2022\/06\/27\/la-brigade-du-temps-intervient-au-chateau-de-miglos-20-juillet-10-et-17-aout-2022\/\" \/>\n<meta property=\"og:site_name\" content=\"Ch\u00e2teau de Miglos\" \/>\n<meta property=\"article:publisher\" content=\"https:\/\/www.facebook.com\/chateaudemiglos\/\" \/>\n<meta property=\"article:published_time\" content=\"2022-06-27T13:59:00+00:00\" \/>\n<meta property=\"article:modified_time\" content=\"2022-07-20T16:39:19+00:00\" \/>\n<meta property=\"og:image\" content=\"https:\/\/chateau-miglos.fr\/wordpress-test\/wp-content\/uploads\/2022\/06\/avant-reseau-bellimercator2022.png\" \/>\n\t<meta property=\"og:image:width\" content=\"1000\" \/>\n\t<meta property=\"og:image:height\" content=\"522\" \/>\n\t<meta property=\"og:image:type\" content=\"image\/png\" \/>\n<meta name=\"author\" content=\"AACM\" \/>\n<meta name=\"twitter:card\" content=\"summary_large_image\" \/>\n<meta name=\"twitter:description\" content=\"Les trois valeureux membres de la Brigade d\u2019Intervention Temporelle vont vous embarquer dans un voyage au c\u0153ur du temps.20 juillet, 10 et 17 ao\u00fbt 2022 - \u00e0 14h30 : La Croisade s\u2019amuse (L\u2019\u00e2ge d\u2019or de la f\u00e9odalit\u00e9, les troubadours et les croisades), \u00e0 15h15 : Visite du Ch\u00e2teau de Miglos par les membres de l&#039;Association des Amis du Ch\u00e2teau de Miglos, \u00e0 16h00 : 100 ans de nuances de guerre (du b\u00fbcher des templiers jusqu\u2019\u00e0 Gutenberg).\" \/>\n<meta name=\"twitter:image\" content=\"https:\/\/chateau-miglos.fr\/wordpress-test\/wp-content\/uploads\/2022\/06\/avant-reseau-bellimercator2022.png\" \/>\n<meta name=\"twitter:label1\" content=\"\u00c9crit par\" \/>\n\t<meta name=\"twitter:data1\" content=\"AACM\" \/>\n\t<meta name=\"twitter:label2\" content=\"Dur\u00e9e de lecture estim\u00e9e\" \/>\n\t<meta name=\"twitter:data2\" content=\"4 minutes\" \/>\n<script type=\"application\/ld+json\" class=\"yoast-schema-graph\">{\"@context\":\"https:\/\/schema.org\",\"@graph\":[{\"@type\":\"Article\",\"@id\":\"https:\/\/chateau-miglos.fr\/wordpress-test\/2022\/06\/27\/la-brigade-du-temps-intervient-au-chateau-de-miglos-20-juillet-10-et-17-aout-2022\/#article\",\"isPartOf\":{\"@id\":\"https:\/\/chateau-miglos.fr\/wordpress-test\/2022\/06\/27\/la-brigade-du-temps-intervient-au-chateau-de-miglos-20-juillet-10-et-17-aout-2022\/\"},\"author\":{\"name\":\"AACM\",\"@id\":\"https:\/\/chateau-miglos.fr\/wordpress-test\/#\/schema\/person\/c7c9d611967a7bba7db9f7d72154455e\"},\"headline\":\"La Brigade du Temps intervient au ch\u00e2teau de Miglos &#8211; 20 juillet, 10 et 17 ao\u00fbt 2022\",\"datePublished\":\"2022-06-27T13:59:00+00:00\",\"dateModified\":\"2022-07-20T16:39:19+00:00\",\"mainEntityOfPage\":{\"@id\":\"https:\/\/chateau-miglos.fr\/wordpress-test\/2022\/06\/27\/la-brigade-du-temps-intervient-au-chateau-de-miglos-20-juillet-10-et-17-aout-2022\/\"},\"wordCount\":169,\"publisher\":{\"@id\":\"https:\/\/chateau-miglos.fr\/wordpress-test\/#organization\"},\"image\":{\"@id\":\"https:\/\/chateau-miglos.fr\/wordpress-test\/2022\/06\/27\/la-brigade-du-temps-intervient-au-chateau-de-miglos-20-juillet-10-et-17-aout-2022\/#primaryimage\"},\"thumbnailUrl\":\"https:\/\/chateau-miglos.fr\/wordpress-test\/wp-content\/uploads\/2022\/06\/avant-bellimercator-2022.png\",\"articleSection\":[\"Actualit\u00e9s\",\"\u00c9t\u00e9 2022\",\"Spectacles\"],\"inLanguage\":\"fr-FR\"},{\"@type\":\"WebPage\",\"@id\":\"https:\/\/chateau-miglos.fr\/wordpress-test\/2022\/06\/27\/la-brigade-du-temps-intervient-au-chateau-de-miglos-20-juillet-10-et-17-aout-2022\/\",\"url\":\"https:\/\/chateau-miglos.fr\/wordpress-test\/2022\/06\/27\/la-brigade-du-temps-intervient-au-chateau-de-miglos-20-juillet-10-et-17-aout-2022\/\",\"name\":\"La Brigade du Temps intervient au ch\u00e2teau de Miglos - 20 juillet, 10 et 17 ao\u00fbt 2022 - Ch\u00e2teau de Miglos\",\"isPartOf\":{\"@id\":\"https:\/\/chateau-miglos.fr\/wordpress-test\/#website\"},\"primaryImageOfPage\":{\"@id\":\"https:\/\/chateau-miglos.fr\/wordpress-test\/2022\/06\/27\/la-brigade-du-temps-intervient-au-chateau-de-miglos-20-juillet-10-et-17-aout-2022\/#primaryimage\"},\"image\":{\"@id\":\"https:\/\/chateau-miglos.fr\/wordpress-test\/2022\/06\/27\/la-brigade-du-temps-intervient-au-chateau-de-miglos-20-juillet-10-et-17-aout-2022\/#primaryimage\"},\"thumbnailUrl\":\"https:\/\/chateau-miglos.fr\/wordpress-test\/wp-content\/uploads\/2022\/06\/avant-bellimercator-2022.png\",\"datePublished\":\"2022-06-27T13:59:00+00:00\",\"dateModified\":\"2022-07-20T16:39:19+00:00\",\"description\":\"Les trois valeureux membres de la Brigade d\u2019Intervention Temporelle vont vous embarquer dans un voyage au c\u0153ur du temps.20 juillet, 10 et 17 ao\u00fbt 2022 - \u00e0 14h30 : La Croisade s\u2019amuse (L\u2019\u00e2ge d\u2019or de la f\u00e9odalit\u00e9, les troubadours et les croisades), \u00e0 15h15 : Visite du Ch\u00e2teau de Miglos par les membres de l'Association des Amis du Ch\u00e2teau de Miglos, \u00e0 16h00 : 100 ans de nuances de guerre (du b\u00fbcher des templiers jusqu\u2019\u00e0 Gutenberg).\",\"breadcrumb\":{\"@id\":\"https:\/\/chateau-miglos.fr\/wordpress-test\/2022\/06\/27\/la-brigade-du-temps-intervient-au-chateau-de-miglos-20-juillet-10-et-17-aout-2022\/#breadcrumb\"},\"inLanguage\":\"fr-FR\",\"potentialAction\":[{\"@type\":\"ReadAction\",\"target\":[\"https:\/\/chateau-miglos.fr\/wordpress-test\/2022\/06\/27\/la-brigade-du-temps-intervient-au-chateau-de-miglos-20-juillet-10-et-17-aout-2022\/\"]}]},{\"@type\":\"ImageObject\",\"inLanguage\":\"fr-FR\",\"@id\":\"https:\/\/chateau-miglos.fr\/wordpress-test\/2022\/06\/27\/la-brigade-du-temps-intervient-au-chateau-de-miglos-20-juillet-10-et-17-aout-2022\/#primaryimage\",\"url\":\"https:\/\/chateau-miglos.fr\/wordpress-test\/wp-content\/uploads\/2022\/06\/avant-bellimercator-2022.png\",\"contentUrl\":\"https:\/\/chateau-miglos.fr\/wordpress-test\/wp-content\/uploads\/2022\/06\/avant-bellimercator-2022.png\",\"width\":300,\"height\":150},{\"@type\":\"BreadcrumbList\",\"@id\":\"https:\/\/chateau-miglos.fr\/wordpress-test\/2022\/06\/27\/la-brigade-du-temps-intervient-au-chateau-de-miglos-20-juillet-10-et-17-aout-2022\/#breadcrumb\",\"itemListElement\":[{\"@type\":\"ListItem\",\"position\":1,\"name\":\"Accueil\",\"item\":\"https:\/\/chateau-miglos.fr\/wordpress-test\/\"},{\"@type\":\"ListItem\",\"position\":2,\"name\":\"La Brigade du Temps intervient au ch\u00e2teau de Miglos &#8211; 20 juillet, 10 et 17 ao\u00fbt 2022\"}]},{\"@type\":\"WebSite\",\"@id\":\"https:\/\/chateau-miglos.fr\/wordpress-test\/#website\",\"url\":\"https:\/\/chateau-miglos.fr\/wordpress-test\/\",\"name\":\"Ch\u00e2teau de Miglos\",\"description\":\"une ch\u00e2teau, une vall\u00e9e\",\"publisher\":{\"@id\":\"https:\/\/chateau-miglos.fr\/wordpress-test\/#organization\"},\"potentialAction\":[{\"@type\":\"SearchAction\",\"target\":{\"@type\":\"EntryPoint\",\"urlTemplate\":\"https:\/\/chateau-miglos.fr\/wordpress-test\/?s={search_term_string}\"},\"query-input\":\"required name=search_term_string\"}],\"inLanguage\":\"fr-FR\"},{\"@type\":\"Organization\",\"@id\":\"https:\/\/chateau-miglos.fr\/wordpress-test\/#organization\",\"name\":\"Ch\u00e2teau de Miglos\",\"url\":\"https:\/\/chateau-miglos.fr\/wordpress-test\/\",\"logo\":{\"@type\":\"ImageObject\",\"inLanguage\":\"fr-FR\",\"@id\":\"https:\/\/chateau-miglos.fr\/wordpress-test\/#\/schema\/logo\/image\/\",\"url\":\"https:\/\/chateau-miglos.fr\/wordpress-test\/wp-content\/uploads\/2019\/06\/seul.png\",\"contentUrl\":\"https:\/\/chateau-miglos.fr\/wordpress-test\/wp-content\/uploads\/2019\/06\/seul.png\",\"width\":801,\"height\":705,\"caption\":\"Ch\u00e2teau de Miglos\"},\"image\":{\"@id\":\"https:\/\/chateau-miglos.fr\/wordpress-test\/#\/schema\/logo\/image\/\"},\"sameAs\":[\"https:\/\/www.facebook.com\/chateaudemiglos\/\",\"https:\/\/www.instagram.com\/chateaudemiglos\/\",\"https:\/\/www.youtube.com\/channel\/UC70FrOmo9xvq8eHCA4YTs9A\",\"https:\/\/fr.wikipedia.org\/wiki\/Ch\u00e2teau_de_Miglos\"]},{\"@type\":\"Person\",\"@id\":\"https:\/\/chateau-miglos.fr\/wordpress-test\/#\/schema\/person\/c7c9d611967a7bba7db9f7d72154455e\",\"name\":\"AACM\",\"image\":{\"@type\":\"ImageObject\",\"inLanguage\":\"fr-FR\",\"@id\":\"https:\/\/chateau-miglos.fr\/wordpress-test\/#\/schema\/person\/image\/\",\"url\":\"https:\/\/secure.gravatar.com\/avatar\/b704daf4c3f56428875cf047b8f9eb25?s=96&d=mm&r=g\",\"contentUrl\":\"https:\/\/secure.gravatar.com\/avatar\/b704daf4c3f56428875cf047b8f9eb25?s=96&d=mm&r=g\",\"caption\":\"AACM\"}}]}<\/script>\n<!-- \/ Yoast SEO plugin. -->","yoast_head_json":{"title":"La Brigade du Temps intervient au ch\u00e2teau de Miglos - 20 juillet, 10 et 17 ao\u00fbt 2022 - Ch\u00e2teau de Miglos","description":"Les trois valeureux membres de la Brigade d\u2019Intervention Temporelle vont vous embarquer dans un voyage au c\u0153ur du temps.20 juillet, 10 et 17 ao\u00fbt 2022 - \u00e0 14h30 : La Croisade s\u2019amuse (L\u2019\u00e2ge d\u2019or de la f\u00e9odalit\u00e9, les troubadours et les croisades), \u00e0 15h15 : Visite du Ch\u00e2teau de Miglos par les membres de l'Association des Amis du Ch\u00e2teau de Miglos, \u00e0 16h00 : 100 ans de nuances de guerre (du b\u00fbcher des templiers jusqu\u2019\u00e0 Gutenberg).","robots":{"index":"index","follow":"follow","max-snippet":"max-snippet:-1","max-image-preview":"max-image-preview:large","max-video-preview":"max-video-preview:-1"},"canonical":"https:\/\/chateau-miglos.fr\/wordpress-test\/2022\/06\/27\/la-brigade-du-temps-intervient-au-chateau-de-miglos-20-juillet-10-et-17-aout-2022\/","og_locale":"fr_FR","og_type":"article","og_title":"La Brigade du Temps intervient au ch\u00e2teau de Miglos - 20 juillet, 10 et 17 ao\u00fbt 2022 - Ch\u00e2teau de Miglos","og_description":"Les trois valeureux membres de la Brigade d\u2019Intervention Temporelle vont vous embarquer dans un voyage au c\u0153ur du temps.20 juillet, 10 et 17 ao\u00fbt 2022 - \u00e0 14h30 : La Croisade s\u2019amuse (L\u2019\u00e2ge d\u2019or de la f\u00e9odalit\u00e9, les troubadours et les croisades), \u00e0 15h15 : Visite du Ch\u00e2teau de Miglos par les membres de l'Association des Amis du Ch\u00e2teau de Miglos, \u00e0 16h00 : 100 ans de nuances de guerre (du b\u00fbcher des templiers jusqu\u2019\u00e0 Gutenberg).","og_url":"https:\/\/chateau-miglos.fr\/wordpress-test\/2022\/06\/27\/la-brigade-du-temps-intervient-au-chateau-de-miglos-20-juillet-10-et-17-aout-2022\/","og_site_name":"Ch\u00e2teau de Miglos","article_publisher":"https:\/\/www.facebook.com\/chateaudemiglos\/","article_published_time":"2022-06-27T13:59:00+00:00","article_modified_time":"2022-07-20T16:39:19+00:00","og_image":[{"width":1000,"height":522,"url":"https:\/\/chateau-miglos.fr\/wordpress-test\/wp-content\/uploads\/2022\/06\/avant-reseau-bellimercator2022.png","type":"image\/png"}],"author":"AACM","twitter_card":"summary_large_image","twitter_description":"Les trois valeureux membres de la Brigade d\u2019Intervention Temporelle vont vous embarquer dans un voyage au c\u0153ur du temps.20 juillet, 10 et 17 ao\u00fbt 2022 - \u00e0 14h30 : La Croisade s\u2019amuse (L\u2019\u00e2ge d\u2019or de la f\u00e9odalit\u00e9, les troubadours et les croisades), \u00e0 15h15 : Visite du Ch\u00e2teau de Miglos par les membres de l'Association des Amis du Ch\u00e2teau de Miglos, \u00e0 16h00 : 100 ans de nuances de guerre (du b\u00fbcher des templiers jusqu\u2019\u00e0 Gutenberg).","twitter_image":"https:\/\/chateau-miglos.fr\/wordpress-test\/wp-content\/uploads\/2022\/06\/avant-reseau-bellimercator2022.png","twitter_misc":{"\u00c9crit par":"AACM","Dur\u00e9e de lecture estim\u00e9e":"4 minutes"},"schema":{"@context":"https:\/\/schema.org","@graph":[{"@type":"Article","@id":"https:\/\/chateau-miglos.fr\/wordpress-test\/2022\/06\/27\/la-brigade-du-temps-intervient-au-chateau-de-miglos-20-juillet-10-et-17-aout-2022\/#article","isPartOf":{"@id":"https:\/\/chateau-miglos.fr\/wordpress-test\/2022\/06\/27\/la-brigade-du-temps-intervient-au-chateau-de-miglos-20-juillet-10-et-17-aout-2022\/"},"author":{"name":"AACM","@id":"https:\/\/chateau-miglos.fr\/wordpress-test\/#\/schema\/person\/c7c9d611967a7bba7db9f7d72154455e"},"headline":"La Brigade du Temps intervient au ch\u00e2teau de Miglos &#8211; 20 juillet, 10 et 17 ao\u00fbt 2022","datePublished":"2022-06-27T13:59:00+00:00","dateModified":"2022-07-20T16:39:19+00:00","mainEntityOfPage":{"@id":"https:\/\/chateau-miglos.fr\/wordpress-test\/2022\/06\/27\/la-brigade-du-temps-intervient-au-chateau-de-miglos-20-juillet-10-et-17-aout-2022\/"},"wordCount":169,"publisher":{"@id":"https:\/\/chateau-miglos.fr\/wordpress-test\/#organization"},"image":{"@id":"https:\/\/chateau-miglos.fr\/wordpress-test\/2022\/06\/27\/la-brigade-du-temps-intervient-au-chateau-de-miglos-20-juillet-10-et-17-aout-2022\/#primaryimage"},"thumbnailUrl":"https:\/\/chateau-miglos.fr\/wordpress-test\/wp-content\/uploads\/2022\/06\/avant-bellimercator-2022.png","articleSection":["Actualit\u00e9s","\u00c9t\u00e9 2022","Spectacles"],"inLanguage":"fr-FR"},{"@type":"WebPage","@id":"https:\/\/chateau-miglos.fr\/wordpress-test\/2022\/06\/27\/la-brigade-du-temps-intervient-au-chateau-de-miglos-20-juillet-10-et-17-aout-2022\/","url":"https:\/\/chateau-miglos.fr\/wordpress-test\/2022\/06\/27\/la-brigade-du-temps-intervient-au-chateau-de-miglos-20-juillet-10-et-17-aout-2022\/","name":"La Brigade du Temps intervient au ch\u00e2teau de Miglos - 20 juillet, 10 et 17 ao\u00fbt 2022 - Ch\u00e2teau de Miglos","isPartOf":{"@id":"https:\/\/chateau-miglos.fr\/wordpress-test\/#website"},"primaryImageOfPage":{"@id":"https:\/\/chateau-miglos.fr\/wordpress-test\/2022\/06\/27\/la-brigade-du-temps-intervient-au-chateau-de-miglos-20-juillet-10-et-17-aout-2022\/#primaryimage"},"image":{"@id":"https:\/\/chateau-miglos.fr\/wordpress-test\/2022\/06\/27\/la-brigade-du-temps-intervient-au-chateau-de-miglos-20-juillet-10-et-17-aout-2022\/#primaryimage"},"thumbnailUrl":"https:\/\/chateau-miglos.fr\/wordpress-test\/wp-content\/uploads\/2022\/06\/avant-bellimercator-2022.png","datePublished":"2022-06-27T13:59:00+00:00","dateModified":"2022-07-20T16:39:19+00:00","description":"Les trois valeureux membres de la Brigade d\u2019Intervention Temporelle vont vous embarquer dans un voyage au c\u0153ur du temps.20 juillet, 10 et 17 ao\u00fbt 2022 - \u00e0 14h30 : La Croisade s\u2019amuse (L\u2019\u00e2ge d\u2019or de la f\u00e9odalit\u00e9, les troubadours et les croisades), \u00e0 15h15 : Visite du Ch\u00e2teau de Miglos par les membres de l'Association des Amis du Ch\u00e2teau de Miglos, \u00e0 16h00 : 100 ans de nuances de guerre (du b\u00fbcher des templiers jusqu\u2019\u00e0 Gutenberg).","breadcrumb":{"@id":"https:\/\/chateau-miglos.fr\/wordpress-test\/2022\/06\/27\/la-brigade-du-temps-intervient-au-chateau-de-miglos-20-juillet-10-et-17-aout-2022\/#breadcrumb"},"inLanguage":"fr-FR","potentialAction":[{"@type":"ReadAction","target":["https:\/\/chateau-miglos.fr\/wordpress-test\/2022\/06\/27\/la-brigade-du-temps-intervient-au-chateau-de-miglos-20-juillet-10-et-17-aout-2022\/"]}]},{"@type":"ImageObject","inLanguage":"fr-FR","@id":"https:\/\/chateau-miglos.fr\/wordpress-test\/2022\/06\/27\/la-brigade-du-temps-intervient-au-chateau-de-miglos-20-juillet-10-et-17-aout-2022\/#primaryimage","url":"https:\/\/chateau-miglos.fr\/wordpress-test\/wp-content\/uploads\/2022\/06\/avant-bellimercator-2022.png","contentUrl":"https:\/\/chateau-miglos.fr\/wordpress-test\/wp-content\/uploads\/2022\/06\/avant-bellimercator-2022.png","width":300,"height":150},{"@type":"BreadcrumbList","@id":"https:\/\/chateau-miglos.fr\/wordpress-test\/2022\/06\/27\/la-brigade-du-temps-intervient-au-chateau-de-miglos-20-juillet-10-et-17-aout-2022\/#breadcrumb","itemListElement":[{"@type":"ListItem","position":1,"name":"Accueil","item":"https:\/\/chateau-miglos.fr\/wordpress-test\/"},{"@type":"ListItem","position":2,"name":"La Brigade du Temps intervient au ch\u00e2teau de Miglos &#8211; 20 juillet, 10 et 17 ao\u00fbt 2022"}]},{"@type":"WebSite","@id":"https:\/\/chateau-miglos.fr\/wordpress-test\/#website","url":"https:\/\/chateau-miglos.fr\/wordpress-test\/","name":"Ch\u00e2teau de Miglos","description":"une ch\u00e2teau, une vall\u00e9e","publisher":{"@id":"https:\/\/chateau-miglos.fr\/wordpress-test\/#organization"},"potentialAction":[{"@type":"SearchAction","target":{"@type":"EntryPoint","urlTemplate":"https:\/\/chateau-miglos.fr\/wordpress-test\/?s={search_term_string}"},"query-input":"required name=search_term_string"}],"inLanguage":"fr-FR"},{"@type":"Organization","@id":"https:\/\/chateau-miglos.fr\/wordpress-test\/#organization","name":"Ch\u00e2teau de Miglos","url":"https:\/\/chateau-miglos.fr\/wordpress-test\/","logo":{"@type":"ImageObject","inLanguage":"fr-FR","@id":"https:\/\/chateau-miglos.fr\/wordpress-test\/#\/schema\/logo\/image\/","url":"https:\/\/chateau-miglos.fr\/wordpress-test\/wp-content\/uploads\/2019\/06\/seul.png","contentUrl":"https:\/\/chateau-miglos.fr\/wordpress-test\/wp-content\/uploads\/2019\/06\/seul.png","width":801,"height":705,"caption":"Ch\u00e2teau de Miglos"},"image":{"@id":"https:\/\/chateau-miglos.fr\/wordpress-test\/#\/schema\/logo\/image\/"},"sameAs":["https:\/\/www.facebook.com\/chateaudemiglos\/","https:\/\/www.instagram.com\/chateaudemiglos\/","https:\/\/www.youtube.com\/channel\/UC70FrOmo9xvq8eHCA4YTs9A","https:\/\/fr.wikipedia.org\/wiki\/Ch\u00e2teau_de_Miglos"]},{"@type":"Person","@id":"https:\/\/chateau-miglos.fr\/wordpress-test\/#\/schema\/person\/c7c9d611967a7bba7db9f7d72154455e","name":"AACM","image":{"@type":"ImageObject","inLanguage":"fr-FR","@id":"https:\/\/chateau-miglos.fr\/wordpress-test\/#\/schema\/person\/image\/","url":"https:\/\/secure.gravatar.com\/avatar\/b704daf4c3f56428875cf047b8f9eb25?s=96&d=mm&r=g","contentUrl":"https:\/\/secure.gravatar.com\/avatar\/b704daf4c3f56428875cf047b8f9eb25?s=96&d=mm&r=g","caption":"AACM"}}]}},"jetpack_featured_media_url":"https:\/\/chateau-miglos.fr\/wordpress-test\/wp-content\/uploads\/2022\/06\/avant-bellimercator-2022.png","rttpg_featured_image_url":{"full":["https:\/\/chateau-miglos.fr\/wordpress-test\/wp-content\/uploads\/2022\/06\/avant-bellimercator-2022.png",300,150,false],"landscape":["https:\/\/chateau-miglos.fr\/wordpress-test\/wp-content\/uploads\/2022\/06\/avant-bellimercator-2022.png",300,150,false],"portraits":["https:\/\/chateau-miglos.fr\/wordpress-test\/wp-content\/uploads\/2022\/06\/avant-bellimercator-2022.png",300,150,false],"thumbnail":["https:\/\/chateau-miglos.fr\/wordpress-test\/wp-content\/uploads\/2022\/06\/avant-bellimercator-2022-150x150.png",150,150,true],"medium":["https:\/\/chateau-miglos.fr\/wordpress-test\/wp-content\/uploads\/2022\/06\/avant-bellimercator-2022.png",300,150,false],"large":["https:\/\/chateau-miglos.fr\/wordpress-test\/wp-content\/uploads\/2022\/06\/avant-bellimercator-2022.png",300,150,false],"1536x1536":["https:\/\/chateau-miglos.fr\/wordpress-test\/wp-content\/uploads\/2022\/06\/avant-bellimercator-2022.png",300,150,false],"2048x2048":["https:\/\/chateau-miglos.fr\/wordpress-test\/wp-content\/uploads\/2022\/06\/avant-bellimercator-2022.png",300,150,false],"onepress-blog-small":["https:\/\/chateau-miglos.fr\/wordpress-test\/wp-content\/uploads\/2022\/06\/avant-bellimercator-2022-300x150.png",300,150,true],"onepress-small":["https:\/\/chateau-miglos.fr\/wordpress-test\/wp-content\/uploads\/2022\/06\/avant-bellimercator-2022.png",300,150,false],"onepress-medium":["https:\/\/chateau-miglos.fr\/wordpress-test\/wp-content\/uploads\/2022\/06\/avant-bellimercator-2022.png",300,150,false],"sow-carousel-default":["https:\/\/chateau-miglos.fr\/wordpress-test\/wp-content\/uploads\/2022\/06\/avant-bellimercator-2022-272x150.png",272,150,true]},"rttpg_author":{"display_name":"AACM","author_link":"https:\/\/chateau-miglos.fr\/wordpress-test\/author\/aacm\/"},"rttpg_comment":0,"rttpg_category":"<a href=\"https:\/\/chateau-miglos.fr\/wordpress-test\/category\/actualites\/\" rel=\"category tag\">Actualit\u00e9s<\/a> <a href=\"https:\/\/chateau-miglos.fr\/wordpress-test\/category\/ete-2022\/\" rel=\"category tag\">\u00c9t\u00e9 2022<\/a> <a href=\"https:\/\/chateau-miglos.fr\/wordpress-test\/category\/spectacles\/\" rel=\"category tag\">Spectacles<\/a>","rttpg_excerpt":"2 Spectacles \u00e0 14h30 et 16h et une visite du ch\u00e2teau de Miglos \u00e0 15h15 Les trois valeureux membres de la Brigade d\u2019Intervention Temporelle Contre les Clich\u00e9s et pour la ...","_links":{"self":[{"href":"https:\/\/chateau-miglos.fr\/wordpress-test\/wp-json\/wp\/v2\/posts\/8030"}],"collection":[{"href":"https:\/\/chateau-miglos.fr\/wordpress-test\/wp-json\/wp\/v2\/posts"}],"about":[{"href":"https:\/\/chateau-miglos.fr\/wordpress-test\/wp-json\/wp\/v2\/types\/post"}],"author":[{"embeddable":true,"href":"https:\/\/chateau-miglos.fr\/wordpress-test\/wp-json\/wp\/v2\/users\/2"}],"replies":[{"embeddable":true,"href":"https:\/\/chateau-miglos.fr\/wordpress-test\/wp-json\/wp\/v2\/comments?post=8030"}],"version-history":[{"count":47,"href":"https:\/\/chateau-miglos.fr\/wordpress-test\/wp-json\/wp\/v2\/posts\/8030\/revisions"}],"predecessor-version":[{"id":8294,"href":"https:\/\/chateau-miglos.fr\/wordpress-test\/wp-json\/wp\/v2\/posts\/8030\/revisions\/8294"}],"wp:featuredmedia":[{"embeddable":true,"href":"https:\/\/chateau-miglos.fr\/wordpress-test\/wp-json\/wp\/v2\/media\/8042"}],"wp:attachment":[{"href":"https:\/\/chateau-miglos.fr\/wordpress-test\/wp-json\/wp\/v2\/media?parent=8030"}],"wp:term":[{"taxonomy":"category","embeddable":true,"href":"https:\/\/chateau-miglos.fr\/wordpress-test\/wp-json\/wp\/v2\/categories?post=8030"},{"taxonomy":"post_tag","embeddable":true,"href":"https:\/\/chateau-miglos.fr\/wordpress-test\/wp-json\/wp\/v2\/tags?post=8030"}],"curies":[{"name":"wp","href":"https:\/\/api.w.org\/{rel}","templated":true}]}}