{"id":8016,"date":"2022-06-27T15:56:00","date_gmt":"2022-06-27T13:56:00","guid":{"rendered":"https:\/\/chateau-miglos.fr\/wordpress-test\/?p=8016"},"modified":"2023-06-14T17:01:51","modified_gmt":"2023-06-14T15:01:51","slug":"jazz-voyageur-au-chateau-de-miglos-2022","status":"publish","type":"post","link":"https:\/\/chateau-miglos.fr\/wordpress-test\/2022\/06\/27\/jazz-voyageur-au-chateau-de-miglos-2022\/","title":{"rendered":"Jazz In Miglos 2022 &#8211; Jazz Voyageur &#8211; 1 ao\u00fbt 2022"},"content":{"rendered":"\n<h3 class=\"wp-block-heading\"> Nous aurons le tr\u00e8s grand plaisir d&#8217;accueillir &#8220;Jazz Voyageur&#8221; au ch\u00e2teau de Miglos. <\/h3>\n\n\n\n<div class=\"wp-block-media-text alignwide has-media-on-the-right is-stacked-on-mobile\"><div class=\"wp-block-media-text__content\">\n<h2 class=\"wp-block-heading\">Lundi 1 ao\u00fbt 2022 \u00e0 19h<\/h2>\n\n\n\n<h2 class=\"wp-block-heading\">Concert<\/h2>\n\n\n\n<p>Pendant 28 jours, (du 4 juillet au 1er ao\u00fbt 2022) le collectif Jazz Voyageur affrontera les cols et les n\u00e9v\u00e9s, instruments sur le dos, pour apporter chaque soir de la joie et de la bonne humeur dans les refuges et les g\u00eetes !<\/p>\n\n\n\n<p class=\"has-text-align-center has-normal-font-size\"><strong>Le Quatuor cl\u00f4turera son p\u00e9riple le soir du 1ao\u00fbt au ch\u00e2teau de Miglos.<\/strong><\/p>\n\n\n\n<p>Avec :<\/p>\n\n\n\n<ul>\n<li><strong>Julien Dubois Dubellay<\/strong> au saxophone,<\/li>\n\n\n\n<li><strong>Hugo Jarry<\/strong> \u00e0 la guitare,<\/li>\n\n\n\n<li><strong>Alexandra Lanciaux<\/strong> \u00e0 la contrebasse,<\/li>\n\n\n\n<li><strong>Fr\u00e9d\u00e9ric Simon<\/strong> \u00e0 la guitare.<\/li>\n<\/ul>\n\n\n\n<p>Avec du jazz bien s\u00fbr, mais aussi de la chanson, des musiques russes ou klezmer\u2026<\/p>\n\n\n\n<hr class=\"wp-block-separator has-css-opacity\"\/>\n\n\n\n<p>Vous pouvez retrouver toutes leurs dates sur :<\/p>\n\n\n\n<ul>\n<li>leur page <a href=\"https:\/\/www.facebook.com\/jazzvoyageur\" rel=\"noreferrer noopener\" target=\"_blank\"><strong>Facebook<\/strong><\/a>,<\/li>\n\n\n\n<li>la <strong><a href=\"https:\/\/www.google.com\/maps\/d\/viewer?mid=1cRrpmaEOhCb9S89KGba7QumFOaYuRco4&amp;ll=42.78271148117156%2C1.7244792538628984&amp;z=11\" target=\"_blank\" rel=\"noreferrer noopener\">carte<\/a><\/strong>.<\/li>\n<\/ul>\n\n\n\n<figure class=\"wp-block-image size-large\"><img decoding=\"async\" src=\"https:\/\/chateau-miglos.fr\/wordpress-test\/wp-content\/uploads\/2022\/06\/logo-jazz-2022.png\" alt=\"\"\/><\/figure>\n\n\n\n<p class=\"has-text-align-center\"><a href=\"http:\/\/jazzvoyageur.mozello.com\/\" target=\"_blank\" rel=\"noreferrer noopener\"><strong>www.jazzvoyageur.mozello.com<\/strong><\/a><\/p>\n<\/div><figure class=\"wp-block-media-text__media\"><a href=\"https:\/\/chateau-miglos.fr\/wordpress-test\/wp-content\/uploads\/2022\/06\/affiche-miglos-jazz-voyageur-2048-1.png\" target=\"_blank\" rel=\"noopener\" data-rel=\"lightbox-gallery-DSjJ5rHX\" data-rl_title=\"Affiche Ch\u00e2teau de Miglos &#8211; Jazz Voyageur 2022\" data-rl_caption=\"\" title=\"Affiche Ch\u00e2teau de Miglos &#8211; Jazz Voyageur 2022\"><img loading=\"lazy\" decoding=\"async\" width=\"724\" height=\"1024\" src=\"https:\/\/chateau-miglos.fr\/wordpress-test\/wp-content\/uploads\/2022\/06\/affiche-miglos-jazz-voyageur-2048-1-724x1024.png\" alt=\"\" class=\"wp-image-8021 size-medium\"\/><\/a><\/figure><\/div>\n\n\n\n<div class=\"wp-block-file aligncenter\"><a id=\"wp-block-file--media-19cf1a61-d75e-4436-aa4d-171925b08d11\" href=\"https:\/\/chateau-miglos.fr\/wordpress-test\/wp-content\/uploads\/2022\/06\/affiche-chateau-miglos-jazz-voyageur-2022.pdf\">affiche-chateau-miglos-jazz-voyageur-2022<\/a><a href=\"https:\/\/chateau-miglos.fr\/wordpress-test\/wp-content\/uploads\/2022\/06\/affiche-chateau-miglos-jazz-voyageur-2022.pdf\" class=\"wp-block-file__button wp-element-button\" download aria-describedby=\"wp-block-file--media-19cf1a61-d75e-4436-aa4d-171925b08d11\">T\u00e9l\u00e9charger<\/a><\/div>\n\n\n\n<hr class=\"wp-block-separator has-css-opacity alignwide is-style-wide\"\/>\n\n\n\n<h4 class=\"wp-block-heading\">L&#8217;affiche de la 4\u00e8me \u00e9dition &#8220;Jazz Voyageur&#8221;<\/h4>\n\n\n<div class=\"wp-block-image\">\n<figure class=\"aligncenter size-large is-resized\"><a href=\"https:\/\/chateau-miglos.fr\/wordpress-test\/wp-content\/uploads\/2022\/06\/affiche-jazz-voyageur-2048.png\" data-rel=\"lightbox-gallery-DSjJ5rHX\" data-rl_title=\"Affiche Jazz Voyageur 2022\" data-rl_caption=\"\" title=\"Affiche Jazz Voyageur 2022\"><img loading=\"lazy\" decoding=\"async\" src=\"https:\/\/chateau-miglos.fr\/wordpress-test\/wp-content\/uploads\/2022\/06\/affiche-jazz-voyageur-2048-724x1024.png\" alt=\"\" class=\"wp-image-8018\" width=\"362\" height=\"512\"\/><\/a><\/figure><\/div>\n\n\n<div class=\"wp-block-file aligncenter\"><a id=\"wp-block-file--media-6c6b9adc-2f7a-44ef-be20-888557fbc651\" href=\"https:\/\/chateau-miglos.fr\/wordpress-test\/wp-content\/uploads\/2022\/06\/affiche-jazz-voyageur-2022.pdf\">affiche-jazz-voyageur-2022<\/a><a href=\"https:\/\/chateau-miglos.fr\/wordpress-test\/wp-content\/uploads\/2022\/06\/affiche-jazz-voyageur-2022.pdf\" class=\"wp-block-file__button wp-element-button\" download aria-describedby=\"wp-block-file--media-6c6b9adc-2f7a-44ef-be20-888557fbc651\">T\u00e9l\u00e9charger<\/a><\/div>\n\n\n\n<hr class=\"wp-block-separator has-css-opacity is-style-wide\"\/>\n\n\n<div class=\"wp-block-image\">\n<figure class=\"aligncenter size-full is-resized\"><a href=\"https:\/\/www.facebook.com\/jazzvoyageur\" target=\"_blank\" rel=\"noopener\"><img loading=\"lazy\" decoding=\"async\" src=\"https:\/\/chateau-miglos.fr\/wordpress-test\/wp-content\/uploads\/2022\/06\/facebook-jazz-voyageur.png\" alt=\"\" class=\"wp-image-8211\" width=\"250\" height=\"104\"\/><\/a><\/figure><\/div>\n\n\n<figure class=\"wp-block-gallery has-nested-images columns-default is-cropped wp-block-gallery-1 is-layout-flex wp-block-gallery-is-layout-flex\">\n<figure class=\"wp-block-image size-large\"><a href=\"https:\/\/chateau-miglos.fr\/wordpress-test\/wp-content\/uploads\/2021\/06\/1-jazz-voyageur.jpg\" data-rel=\"lightbox-gallery-DSjJ5rHX\" data-rl_title=\"Jazz Voyageur\" data-rl_caption=\"\" title=\"Jazz Voyageur\"><img loading=\"lazy\" decoding=\"async\" width=\"1024\" height=\"768\" data-id=\"6923\" src=\"https:\/\/chateau-miglos.fr\/wordpress-test\/wp-content\/uploads\/2021\/06\/1-jazz-voyageur.jpg\" alt=\"\" class=\"wp-image-6923\"\/><\/a><\/figure>\n\n\n\n<figure class=\"wp-block-image size-large\"><a href=\"https:\/\/chateau-miglos.fr\/wordpress-test\/wp-content\/uploads\/2021\/06\/3-jazz-voyageur.jpg\" data-rel=\"lightbox-gallery-DSjJ5rHX\" data-rl_title=\"Jazz Voyageur\" data-rl_caption=\"\" title=\"Jazz Voyageur\"><img loading=\"lazy\" decoding=\"async\" width=\"1024\" height=\"768\" data-id=\"6925\" src=\"https:\/\/chateau-miglos.fr\/wordpress-test\/wp-content\/uploads\/2021\/06\/3-jazz-voyageur.jpg\" alt=\"\" class=\"wp-image-6925\"\/><\/a><\/figure>\n\n\n\n<figure class=\"wp-block-image size-large\"><a href=\"https:\/\/chateau-miglos.fr\/wordpress-test\/wp-content\/uploads\/2021\/06\/Le-depart-du-refuge-des-Oulettes-sous-une-petite-pluie-fine-1.jpg\" data-rel=\"lightbox-gallery-DSjJ5rHX\" data-rl_title=\"Le d\u00e9part du refuge des Oulettes sous une petite pluie fine\" data-rl_caption=\"\" title=\"Le d\u00e9part du refuge des Oulettes sous une petite pluie fine\"><img loading=\"lazy\" decoding=\"async\" width=\"1024\" height=\"768\" data-id=\"6937\" src=\"https:\/\/chateau-miglos.fr\/wordpress-test\/wp-content\/uploads\/2021\/06\/Le-depart-du-refuge-des-Oulettes-sous-une-petite-pluie-fine-1.jpg\" alt=\"\" class=\"wp-image-6937\"\/><\/a><\/figure>\n\n\n\n<figure class=\"wp-block-image size-large\"><a href=\"https:\/\/chateau-miglos.fr\/wordpress-test\/wp-content\/uploads\/2021\/06\/Petite-jam-session-de-Hugo-et-Marcello-devant-le-refuge-de-Bayssellance-1.jpg\" data-rel=\"lightbox-gallery-DSjJ5rHX\" data-rl_title=\"Petite jam session de Hugo et Marcello devant le refuge de Bayssellance\" data-rl_caption=\"\" title=\"Petite jam session de Hugo et Marcello devant le refuge de Bayssellance\"><img loading=\"lazy\" decoding=\"async\" width=\"1024\" height=\"768\" data-id=\"6938\" src=\"https:\/\/chateau-miglos.fr\/wordpress-test\/wp-content\/uploads\/2021\/06\/Petite-jam-session-de-Hugo-et-Marcello-devant-le-refuge-de-Bayssellance-1.jpg\" alt=\"\" class=\"wp-image-6938\"\/><\/a><\/figure>\n\n\n\n<figure class=\"wp-block-image size-large\"><a href=\"https:\/\/chateau-miglos.fr\/wordpress-test\/wp-content\/uploads\/2021\/06\/Alexandra-profite-de-la-vue-sur-le-cirque-de-Gavarnie-depuis-le-refuge-de-Bayssellance.jpg\" data-rel=\"lightbox-gallery-DSjJ5rHX\" data-rl_title=\"Alexandra profite de la vue sur le cirque de Gavarnie depuis le refuge de Bayssellance\" data-rl_caption=\"\" title=\"Alexandra profite de la vue sur le cirque de Gavarnie depuis le refuge de Bayssellance\"><img loading=\"lazy\" decoding=\"async\" width=\"1024\" height=\"768\" data-id=\"6926\" src=\"https:\/\/chateau-miglos.fr\/wordpress-test\/wp-content\/uploads\/2021\/06\/Alexandra-profite-de-la-vue-sur-le-cirque-de-Gavarnie-depuis-le-refuge-de-Bayssellance.jpg\" alt=\"\" class=\"wp-image-6926\"\/><\/a><\/figure>\n\n\n\n<figure class=\"wp-block-image size-large\"><a href=\"https:\/\/chateau-miglos.fr\/wordpress-test\/wp-content\/uploads\/2021\/06\/concert-a-bayssellance.jpg\" data-rel=\"lightbox-gallery-DSjJ5rHX\" data-rl_title=\"concert \u00e0 Bayssellance\" data-rl_caption=\"\" title=\"concert \u00e0 Bayssellance\"><img loading=\"lazy\" decoding=\"async\" width=\"1024\" height=\"768\" data-id=\"6928\" src=\"https:\/\/chateau-miglos.fr\/wordpress-test\/wp-content\/uploads\/2021\/06\/concert-a-bayssellance.jpg\" alt=\"\" class=\"wp-image-6928\"\/><\/a><\/figure>\n\n\n\n<figure class=\"wp-block-image size-large\"><a href=\"https:\/\/chateau-miglos.fr\/wordpress-test\/wp-content\/uploads\/2021\/06\/Concert-devant-le-refuge-dArremoulit.jpg\" data-rel=\"lightbox-gallery-DSjJ5rHX\" data-rl_title=\"Concert devant le refuge d&#8217;Arremoulit\" data-rl_caption=\"\" title=\"Concert devant le refuge d&#8217;Arremoulit\"><img loading=\"lazy\" decoding=\"async\" width=\"1024\" height=\"768\" data-id=\"6930\" src=\"https:\/\/chateau-miglos.fr\/wordpress-test\/wp-content\/uploads\/2021\/06\/Concert-devant-le-refuge-dArremoulit.jpg\" alt=\"\" class=\"wp-image-6930\"\/><\/a><\/figure>\n\n\n\n<figure class=\"wp-block-image size-large\"><a href=\"https:\/\/chateau-miglos.fr\/wordpress-test\/wp-content\/uploads\/2021\/06\/La-traversee-des-neve-du-Col-de-Cambales.jpg\" data-rel=\"lightbox-gallery-DSjJ5rHX\" data-rl_title=\"La travers\u00e9e des n\u00e9v\u00e9s du Col de Cambal\u00e8s\" data-rl_caption=\"\" title=\"La travers\u00e9e des n\u00e9v\u00e9s du Col de Cambal\u00e8s\"><img loading=\"lazy\" decoding=\"async\" width=\"1024\" height=\"768\" data-id=\"6932\" src=\"https:\/\/chateau-miglos.fr\/wordpress-test\/wp-content\/uploads\/2021\/06\/La-traversee-des-neve-du-Col-de-Cambales.jpg\" alt=\"\" class=\"wp-image-6932\"\/><\/a><\/figure>\n\n\n\n<figure class=\"wp-block-image size-large\"><a href=\"https:\/\/chateau-miglos.fr\/wordpress-test\/wp-content\/uploads\/2021\/06\/Le-depart-du-refuge-de-Wallon-Marcadau-dans-la-vallee-du-Cambales.jpg\" data-rel=\"lightbox-gallery-DSjJ5rHX\" data-rl_title=\"Le d\u00e9part du refuge de Wallon Marcadau dans la vall\u00e9e du Cambal\u00e8s\" data-rl_caption=\"\" title=\"Le d\u00e9part du refuge de Wallon Marcadau dans la vall\u00e9e du Cambal\u00e8s\"><img loading=\"lazy\" decoding=\"async\" width=\"1024\" height=\"768\" data-id=\"6933\" src=\"https:\/\/chateau-miglos.fr\/wordpress-test\/wp-content\/uploads\/2021\/06\/Le-depart-du-refuge-de-Wallon-Marcadau-dans-la-vallee-du-Cambales.jpg\" alt=\"\" class=\"wp-image-6933\"\/><\/a><\/figure>\n\n\n\n<figure class=\"wp-block-image size-large\"><a href=\"https:\/\/chateau-miglos.fr\/wordpress-test\/wp-content\/uploads\/2021\/06\/escalade-pour-arriver-au-Port-de-Lavedan-1.jpg\" data-rel=\"lightbox-gallery-DSjJ5rHX\" data-rl_title=\"Escalade pour arriver au Port de Lavedan\" data-rl_caption=\"\" title=\"Escalade pour arriver au Port de Lavedan\"><img loading=\"lazy\" decoding=\"async\" width=\"768\" height=\"1024\" data-id=\"6931\" src=\"https:\/\/chateau-miglos.fr\/wordpress-test\/wp-content\/uploads\/2021\/06\/escalade-pour-arriver-au-Port-de-Lavedan-1.jpg\" alt=\"\" class=\"wp-image-6931\"\/><\/a><\/figure>\n\n\n\n<figure class=\"wp-block-image size-large\"><a href=\"https:\/\/chateau-miglos.fr\/wordpress-test\/wp-content\/uploads\/2021\/06\/concert-devant-le-Pic-du-Midi-au-refuge-dAyous.jpg\" data-rel=\"lightbox-gallery-DSjJ5rHX\" data-rl_title=\"Concert devant le Pic du Midi au refuge d&#8217;Ayous\" data-rl_caption=\"\" title=\"Concert devant le Pic du Midi au refuge d&#8217;Ayous\"><img loading=\"lazy\" decoding=\"async\" width=\"768\" height=\"1024\" data-id=\"6929\" src=\"https:\/\/chateau-miglos.fr\/wordpress-test\/wp-content\/uploads\/2021\/06\/concert-devant-le-Pic-du-Midi-au-refuge-dAyous.jpg\" alt=\"\" class=\"wp-image-6929\"\/><\/a><\/figure>\n\n\n\n<figure class=\"wp-block-image size-large\"><a href=\"https:\/\/chateau-miglos.fr\/wordpress-test\/wp-content\/uploads\/2021\/06\/2-jazz-voyageur.jpg\" data-rel=\"lightbox-gallery-DSjJ5rHX\" data-rl_title=\"Jazz Voyageur\" data-rl_caption=\"\" title=\"Jazz Voyageur\"><img loading=\"lazy\" decoding=\"async\" width=\"768\" height=\"1024\" data-id=\"6924\" src=\"https:\/\/chateau-miglos.fr\/wordpress-test\/wp-content\/uploads\/2021\/06\/2-jazz-voyageur.jpg\" alt=\"\" class=\"wp-image-6924\"\/><\/a><\/figure>\n<\/figure>\n\n\n\n<figure class=\"wp-block-embed is-type-video is-provider-youtube wp-block-embed-youtube wp-embed-aspect-16-9 wp-has-aspect-ratio\"><div class=\"wp-block-embed__wrapper\">\n<iframe loading=\"lazy\" title=\"On the Sunny Side Of The Street - Jazz Voyageur\" width=\"800\" height=\"450\" src=\"https:\/\/www.youtube.com\/embed\/YRDTgGaA_tY?feature=oembed\" frameborder=\"0\" allow=\"accelerometer; autoplay; clipboard-write; encrypted-media; gyroscope; picture-in-picture; web-share\" allowfullscreen><\/iframe>\n<\/div><\/figure>\n\n\n\n<p> <strong>Le Collectif Jazz Voyageur partait pendant l&#8217;\u00e9t\u00e9 2021 en tourn\u00e9e dans les Pyr\u00e9n\u00e9es.<\/strong> 20 jours de rando les instrus sur le dos, 20 concerts dans des refuges et des g\u00eetes d&#8217;\u00e9tape.<br>Retour en image sur notre version de On The Sunny Side Of The Street, vieux standard de jazz ! <\/p>\n","protected":false},"excerpt":{"rendered":"<p>Nous aurons le tr\u00e8s grand plaisir d&#8217;accueillir &#8220;Jazz Voyageur&#8221; au ch\u00e2teau de Miglos. L&#8217;affiche de la 4\u00e8me \u00e9dition &#8220;Jazz Voyageur&#8221; Le Collectif Jazz Voyageur partait pendant l&#8217;\u00e9t\u00e9 2021 en tourn\u00e9e &#8230;<\/p>\n","protected":false},"author":2,"featured_media":8028,"comment_status":"closed","ping_status":"closed","sticky":false,"template":"","format":"standard","meta":{"ngg_post_thumbnail":0,"footnotes":""},"categories":[4,53,46],"tags":[],"yoast_head":"<!-- This site is optimized with the Yoast SEO plugin v23.0 - https:\/\/yoast.com\/wordpress\/plugins\/seo\/ -->\n<title>Jazz In Miglos 2022 - Jazz Voyageur - 1 ao\u00fbt 2022 - Ch\u00e2teau de Miglos<\/title>\n<meta name=\"description\" content=\"Lundi 1 ao\u00fbt 2022 \u00e0 19h - Le Quatuor &quot;Jazz Voyageur&quot; cl\u00f4turera son p\u00e9riple le soir du 1ao\u00fbt au ch\u00e2teau de Miglos.\" \/>\n<meta name=\"robots\" content=\"index, follow, max-snippet:-1, max-image-preview:large, max-video-preview:-1\" \/>\n<link rel=\"canonical\" href=\"https:\/\/chateau-miglos.fr\/wordpress-test\/2022\/06\/27\/jazz-voyageur-au-chateau-de-miglos-2022\/\" \/>\n<meta property=\"og:locale\" content=\"fr_FR\" \/>\n<meta property=\"og:type\" content=\"article\" \/>\n<meta property=\"og:title\" content=\"Nous aurons le tr\u00e8s grand plaisir d&#039;accueillir &quot;Jazz Voyageur&quot; au ch\u00e2teau de Miglos\" \/>\n<meta property=\"og:description\" content=\"Lundi 1 ao\u00fbt 2022 \u00e0 19h - Le Quatuor &quot;Jazz Voyageur&quot; cl\u00f4turera son p\u00e9riple le soir du 1ao\u00fbt au ch\u00e2teau de Miglos.\" \/>\n<meta property=\"og:url\" content=\"https:\/\/chateau-miglos.fr\/wordpress-test\/2022\/06\/27\/jazz-voyageur-au-chateau-de-miglos-2022\/\" \/>\n<meta property=\"og:site_name\" content=\"Ch\u00e2teau de Miglos\" \/>\n<meta property=\"article:publisher\" content=\"https:\/\/www.facebook.com\/chateaudemiglos\/\" \/>\n<meta property=\"article:published_time\" content=\"2022-06-27T13:56:00+00:00\" \/>\n<meta property=\"article:modified_time\" content=\"2023-06-14T15:01:51+00:00\" \/>\n<meta property=\"og:image\" content=\"https:\/\/chateau-miglos.fr\/wordpress-test\/wp-content\/uploads\/2022\/06\/avant-reseau-jazz-in-miglos-2022.png\" \/>\n\t<meta property=\"og:image:width\" content=\"1000\" \/>\n\t<meta property=\"og:image:height\" content=\"522\" \/>\n\t<meta property=\"og:image:type\" content=\"image\/png\" \/>\n<meta name=\"author\" content=\"AACM\" \/>\n<meta name=\"twitter:card\" content=\"summary_large_image\" \/>\n<meta name=\"twitter:title\" content=\"Nous aurons le tr\u00e8s grand plaisir d&#039;accueillir &quot;Jazz Voyageur&quot; au ch\u00e2teau de Miglos\" \/>\n<meta name=\"twitter:description\" content=\"Lundi 1 ao\u00fbt 2022 \u00e0 19h - Le Quatuor &quot;Jazz Voyageur&quot; cl\u00f4turera son p\u00e9riple le soir du 1ao\u00fbt au ch\u00e2teau de Miglos.\" \/>\n<meta name=\"twitter:image\" content=\"https:\/\/chateau-miglos.fr\/wordpress-test\/wp-content\/uploads\/2022\/06\/avant-reseau-jazz-in-miglos-2022.png\" \/>\n<meta name=\"twitter:label1\" content=\"\u00c9crit par\" \/>\n\t<meta name=\"twitter:data1\" content=\"AACM\" \/>\n\t<meta name=\"twitter:label2\" content=\"Dur\u00e9e de lecture estim\u00e9e\" \/>\n\t<meta name=\"twitter:data2\" content=\"5 minutes\" \/>\n<script type=\"application\/ld+json\" class=\"yoast-schema-graph\">{\"@context\":\"https:\/\/schema.org\",\"@graph\":[{\"@type\":\"Article\",\"@id\":\"https:\/\/chateau-miglos.fr\/wordpress-test\/2022\/06\/27\/jazz-voyageur-au-chateau-de-miglos-2022\/#article\",\"isPartOf\":{\"@id\":\"https:\/\/chateau-miglos.fr\/wordpress-test\/2022\/06\/27\/jazz-voyageur-au-chateau-de-miglos-2022\/\"},\"author\":{\"name\":\"AACM\",\"@id\":\"https:\/\/chateau-miglos.fr\/wordpress-test\/#\/schema\/person\/c7c9d611967a7bba7db9f7d72154455e\"},\"headline\":\"Jazz In Miglos 2022 &#8211; Jazz Voyageur &#8211; 1 ao\u00fbt 2022\",\"datePublished\":\"2022-06-27T13:56:00+00:00\",\"dateModified\":\"2023-06-14T15:01:51+00:00\",\"mainEntityOfPage\":{\"@id\":\"https:\/\/chateau-miglos.fr\/wordpress-test\/2022\/06\/27\/jazz-voyageur-au-chateau-de-miglos-2022\/\"},\"wordCount\":213,\"publisher\":{\"@id\":\"https:\/\/chateau-miglos.fr\/wordpress-test\/#organization\"},\"image\":{\"@id\":\"https:\/\/chateau-miglos.fr\/wordpress-test\/2022\/06\/27\/jazz-voyageur-au-chateau-de-miglos-2022\/#primaryimage\"},\"thumbnailUrl\":\"https:\/\/chateau-miglos.fr\/wordpress-test\/wp-content\/uploads\/2022\/06\/avant-jazz-in-miglos-2022.png\",\"articleSection\":[\"Actualit\u00e9s\",\"\u00c9t\u00e9 2022\",\"Spectacles\"],\"inLanguage\":\"fr-FR\"},{\"@type\":\"WebPage\",\"@id\":\"https:\/\/chateau-miglos.fr\/wordpress-test\/2022\/06\/27\/jazz-voyageur-au-chateau-de-miglos-2022\/\",\"url\":\"https:\/\/chateau-miglos.fr\/wordpress-test\/2022\/06\/27\/jazz-voyageur-au-chateau-de-miglos-2022\/\",\"name\":\"Jazz In Miglos 2022 - Jazz Voyageur - 1 ao\u00fbt 2022 - Ch\u00e2teau de Miglos\",\"isPartOf\":{\"@id\":\"https:\/\/chateau-miglos.fr\/wordpress-test\/#website\"},\"primaryImageOfPage\":{\"@id\":\"https:\/\/chateau-miglos.fr\/wordpress-test\/2022\/06\/27\/jazz-voyageur-au-chateau-de-miglos-2022\/#primaryimage\"},\"image\":{\"@id\":\"https:\/\/chateau-miglos.fr\/wordpress-test\/2022\/06\/27\/jazz-voyageur-au-chateau-de-miglos-2022\/#primaryimage\"},\"thumbnailUrl\":\"https:\/\/chateau-miglos.fr\/wordpress-test\/wp-content\/uploads\/2022\/06\/avant-jazz-in-miglos-2022.png\",\"datePublished\":\"2022-06-27T13:56:00+00:00\",\"dateModified\":\"2023-06-14T15:01:51+00:00\",\"description\":\"Lundi 1 ao\u00fbt 2022 \u00e0 19h - Le Quatuor \\\"Jazz Voyageur\\\" cl\u00f4turera son p\u00e9riple le soir du 1ao\u00fbt au ch\u00e2teau de Miglos.\",\"breadcrumb\":{\"@id\":\"https:\/\/chateau-miglos.fr\/wordpress-test\/2022\/06\/27\/jazz-voyageur-au-chateau-de-miglos-2022\/#breadcrumb\"},\"inLanguage\":\"fr-FR\",\"potentialAction\":[{\"@type\":\"ReadAction\",\"target\":[\"https:\/\/chateau-miglos.fr\/wordpress-test\/2022\/06\/27\/jazz-voyageur-au-chateau-de-miglos-2022\/\"]}]},{\"@type\":\"ImageObject\",\"inLanguage\":\"fr-FR\",\"@id\":\"https:\/\/chateau-miglos.fr\/wordpress-test\/2022\/06\/27\/jazz-voyageur-au-chateau-de-miglos-2022\/#primaryimage\",\"url\":\"https:\/\/chateau-miglos.fr\/wordpress-test\/wp-content\/uploads\/2022\/06\/avant-jazz-in-miglos-2022.png\",\"contentUrl\":\"https:\/\/chateau-miglos.fr\/wordpress-test\/wp-content\/uploads\/2022\/06\/avant-jazz-in-miglos-2022.png\",\"width\":300,\"height\":150},{\"@type\":\"BreadcrumbList\",\"@id\":\"https:\/\/chateau-miglos.fr\/wordpress-test\/2022\/06\/27\/jazz-voyageur-au-chateau-de-miglos-2022\/#breadcrumb\",\"itemListElement\":[{\"@type\":\"ListItem\",\"position\":1,\"name\":\"Accueil\",\"item\":\"https:\/\/chateau-miglos.fr\/wordpress-test\/\"},{\"@type\":\"ListItem\",\"position\":2,\"name\":\"Jazz In Miglos 2022 &#8211; Jazz Voyageur &#8211; 1 ao\u00fbt 2022\"}]},{\"@type\":\"WebSite\",\"@id\":\"https:\/\/chateau-miglos.fr\/wordpress-test\/#website\",\"url\":\"https:\/\/chateau-miglos.fr\/wordpress-test\/\",\"name\":\"Ch\u00e2teau de Miglos\",\"description\":\"une ch\u00e2teau, une vall\u00e9e\",\"publisher\":{\"@id\":\"https:\/\/chateau-miglos.fr\/wordpress-test\/#organization\"},\"potentialAction\":[{\"@type\":\"SearchAction\",\"target\":{\"@type\":\"EntryPoint\",\"urlTemplate\":\"https:\/\/chateau-miglos.fr\/wordpress-test\/?s={search_term_string}\"},\"query-input\":\"required name=search_term_string\"}],\"inLanguage\":\"fr-FR\"},{\"@type\":\"Organization\",\"@id\":\"https:\/\/chateau-miglos.fr\/wordpress-test\/#organization\",\"name\":\"Ch\u00e2teau de Miglos\",\"url\":\"https:\/\/chateau-miglos.fr\/wordpress-test\/\",\"logo\":{\"@type\":\"ImageObject\",\"inLanguage\":\"fr-FR\",\"@id\":\"https:\/\/chateau-miglos.fr\/wordpress-test\/#\/schema\/logo\/image\/\",\"url\":\"https:\/\/chateau-miglos.fr\/wordpress-test\/wp-content\/uploads\/2019\/06\/seul.png\",\"contentUrl\":\"https:\/\/chateau-miglos.fr\/wordpress-test\/wp-content\/uploads\/2019\/06\/seul.png\",\"width\":801,\"height\":705,\"caption\":\"Ch\u00e2teau de Miglos\"},\"image\":{\"@id\":\"https:\/\/chateau-miglos.fr\/wordpress-test\/#\/schema\/logo\/image\/\"},\"sameAs\":[\"https:\/\/www.facebook.com\/chateaudemiglos\/\",\"https:\/\/www.instagram.com\/chateaudemiglos\/\",\"https:\/\/www.youtube.com\/channel\/UC70FrOmo9xvq8eHCA4YTs9A\",\"https:\/\/fr.wikipedia.org\/wiki\/Ch\u00e2teau_de_Miglos\"]},{\"@type\":\"Person\",\"@id\":\"https:\/\/chateau-miglos.fr\/wordpress-test\/#\/schema\/person\/c7c9d611967a7bba7db9f7d72154455e\",\"name\":\"AACM\",\"image\":{\"@type\":\"ImageObject\",\"inLanguage\":\"fr-FR\",\"@id\":\"https:\/\/chateau-miglos.fr\/wordpress-test\/#\/schema\/person\/image\/\",\"url\":\"https:\/\/secure.gravatar.com\/avatar\/b704daf4c3f56428875cf047b8f9eb25?s=96&d=mm&r=g\",\"contentUrl\":\"https:\/\/secure.gravatar.com\/avatar\/b704daf4c3f56428875cf047b8f9eb25?s=96&d=mm&r=g\",\"caption\":\"AACM\"}}]}<\/script>\n<!-- \/ Yoast SEO plugin. -->","yoast_head_json":{"title":"Jazz In Miglos 2022 - Jazz Voyageur - 1 ao\u00fbt 2022 - Ch\u00e2teau de Miglos","description":"Lundi 1 ao\u00fbt 2022 \u00e0 19h - Le Quatuor \"Jazz Voyageur\" cl\u00f4turera son p\u00e9riple le soir du 1ao\u00fbt au ch\u00e2teau de Miglos.","robots":{"index":"index","follow":"follow","max-snippet":"max-snippet:-1","max-image-preview":"max-image-preview:large","max-video-preview":"max-video-preview:-1"},"canonical":"https:\/\/chateau-miglos.fr\/wordpress-test\/2022\/06\/27\/jazz-voyageur-au-chateau-de-miglos-2022\/","og_locale":"fr_FR","og_type":"article","og_title":"Nous aurons le tr\u00e8s grand plaisir d'accueillir \"Jazz Voyageur\" au ch\u00e2teau de Miglos","og_description":"Lundi 1 ao\u00fbt 2022 \u00e0 19h - Le Quatuor \"Jazz Voyageur\" cl\u00f4turera son p\u00e9riple le soir du 1ao\u00fbt au ch\u00e2teau de Miglos.","og_url":"https:\/\/chateau-miglos.fr\/wordpress-test\/2022\/06\/27\/jazz-voyageur-au-chateau-de-miglos-2022\/","og_site_name":"Ch\u00e2teau de Miglos","article_publisher":"https:\/\/www.facebook.com\/chateaudemiglos\/","article_published_time":"2022-06-27T13:56:00+00:00","article_modified_time":"2023-06-14T15:01:51+00:00","og_image":[{"width":1000,"height":522,"url":"https:\/\/chateau-miglos.fr\/wordpress-test\/wp-content\/uploads\/2022\/06\/avant-reseau-jazz-in-miglos-2022.png","type":"image\/png"}],"author":"AACM","twitter_card":"summary_large_image","twitter_title":"Nous aurons le tr\u00e8s grand plaisir d'accueillir \"Jazz Voyageur\" au ch\u00e2teau de Miglos","twitter_description":"Lundi 1 ao\u00fbt 2022 \u00e0 19h - Le Quatuor \"Jazz Voyageur\" cl\u00f4turera son p\u00e9riple le soir du 1ao\u00fbt au ch\u00e2teau de Miglos.","twitter_image":"https:\/\/chateau-miglos.fr\/wordpress-test\/wp-content\/uploads\/2022\/06\/avant-reseau-jazz-in-miglos-2022.png","twitter_misc":{"\u00c9crit par":"AACM","Dur\u00e9e de lecture estim\u00e9e":"5 minutes"},"schema":{"@context":"https:\/\/schema.org","@graph":[{"@type":"Article","@id":"https:\/\/chateau-miglos.fr\/wordpress-test\/2022\/06\/27\/jazz-voyageur-au-chateau-de-miglos-2022\/#article","isPartOf":{"@id":"https:\/\/chateau-miglos.fr\/wordpress-test\/2022\/06\/27\/jazz-voyageur-au-chateau-de-miglos-2022\/"},"author":{"name":"AACM","@id":"https:\/\/chateau-miglos.fr\/wordpress-test\/#\/schema\/person\/c7c9d611967a7bba7db9f7d72154455e"},"headline":"Jazz In Miglos 2022 &#8211; Jazz Voyageur &#8211; 1 ao\u00fbt 2022","datePublished":"2022-06-27T13:56:00+00:00","dateModified":"2023-06-14T15:01:51+00:00","mainEntityOfPage":{"@id":"https:\/\/chateau-miglos.fr\/wordpress-test\/2022\/06\/27\/jazz-voyageur-au-chateau-de-miglos-2022\/"},"wordCount":213,"publisher":{"@id":"https:\/\/chateau-miglos.fr\/wordpress-test\/#organization"},"image":{"@id":"https:\/\/chateau-miglos.fr\/wordpress-test\/2022\/06\/27\/jazz-voyageur-au-chateau-de-miglos-2022\/#primaryimage"},"thumbnailUrl":"https:\/\/chateau-miglos.fr\/wordpress-test\/wp-content\/uploads\/2022\/06\/avant-jazz-in-miglos-2022.png","articleSection":["Actualit\u00e9s","\u00c9t\u00e9 2022","Spectacles"],"inLanguage":"fr-FR"},{"@type":"WebPage","@id":"https:\/\/chateau-miglos.fr\/wordpress-test\/2022\/06\/27\/jazz-voyageur-au-chateau-de-miglos-2022\/","url":"https:\/\/chateau-miglos.fr\/wordpress-test\/2022\/06\/27\/jazz-voyageur-au-chateau-de-miglos-2022\/","name":"Jazz In Miglos 2022 - Jazz Voyageur - 1 ao\u00fbt 2022 - Ch\u00e2teau de Miglos","isPartOf":{"@id":"https:\/\/chateau-miglos.fr\/wordpress-test\/#website"},"primaryImageOfPage":{"@id":"https:\/\/chateau-miglos.fr\/wordpress-test\/2022\/06\/27\/jazz-voyageur-au-chateau-de-miglos-2022\/#primaryimage"},"image":{"@id":"https:\/\/chateau-miglos.fr\/wordpress-test\/2022\/06\/27\/jazz-voyageur-au-chateau-de-miglos-2022\/#primaryimage"},"thumbnailUrl":"https:\/\/chateau-miglos.fr\/wordpress-test\/wp-content\/uploads\/2022\/06\/avant-jazz-in-miglos-2022.png","datePublished":"2022-06-27T13:56:00+00:00","dateModified":"2023-06-14T15:01:51+00:00","description":"Lundi 1 ao\u00fbt 2022 \u00e0 19h - Le Quatuor \"Jazz Voyageur\" cl\u00f4turera son p\u00e9riple le soir du 1ao\u00fbt au ch\u00e2teau de Miglos.","breadcrumb":{"@id":"https:\/\/chateau-miglos.fr\/wordpress-test\/2022\/06\/27\/jazz-voyageur-au-chateau-de-miglos-2022\/#breadcrumb"},"inLanguage":"fr-FR","potentialAction":[{"@type":"ReadAction","target":["https:\/\/chateau-miglos.fr\/wordpress-test\/2022\/06\/27\/jazz-voyageur-au-chateau-de-miglos-2022\/"]}]},{"@type":"ImageObject","inLanguage":"fr-FR","@id":"https:\/\/chateau-miglos.fr\/wordpress-test\/2022\/06\/27\/jazz-voyageur-au-chateau-de-miglos-2022\/#primaryimage","url":"https:\/\/chateau-miglos.fr\/wordpress-test\/wp-content\/uploads\/2022\/06\/avant-jazz-in-miglos-2022.png","contentUrl":"https:\/\/chateau-miglos.fr\/wordpress-test\/wp-content\/uploads\/2022\/06\/avant-jazz-in-miglos-2022.png","width":300,"height":150},{"@type":"BreadcrumbList","@id":"https:\/\/chateau-miglos.fr\/wordpress-test\/2022\/06\/27\/jazz-voyageur-au-chateau-de-miglos-2022\/#breadcrumb","itemListElement":[{"@type":"ListItem","position":1,"name":"Accueil","item":"https:\/\/chateau-miglos.fr\/wordpress-test\/"},{"@type":"ListItem","position":2,"name":"Jazz In Miglos 2022 &#8211; Jazz Voyageur &#8211; 1 ao\u00fbt 2022"}]},{"@type":"WebSite","@id":"https:\/\/chateau-miglos.fr\/wordpress-test\/#website","url":"https:\/\/chateau-miglos.fr\/wordpress-test\/","name":"Ch\u00e2teau de Miglos","description":"une ch\u00e2teau, une vall\u00e9e","publisher":{"@id":"https:\/\/chateau-miglos.fr\/wordpress-test\/#organization"},"potentialAction":[{"@type":"SearchAction","target":{"@type":"EntryPoint","urlTemplate":"https:\/\/chateau-miglos.fr\/wordpress-test\/?s={search_term_string}"},"query-input":"required name=search_term_string"}],"inLanguage":"fr-FR"},{"@type":"Organization","@id":"https:\/\/chateau-miglos.fr\/wordpress-test\/#organization","name":"Ch\u00e2teau de Miglos","url":"https:\/\/chateau-miglos.fr\/wordpress-test\/","logo":{"@type":"ImageObject","inLanguage":"fr-FR","@id":"https:\/\/chateau-miglos.fr\/wordpress-test\/#\/schema\/logo\/image\/","url":"https:\/\/chateau-miglos.fr\/wordpress-test\/wp-content\/uploads\/2019\/06\/seul.png","contentUrl":"https:\/\/chateau-miglos.fr\/wordpress-test\/wp-content\/uploads\/2019\/06\/seul.png","width":801,"height":705,"caption":"Ch\u00e2teau de Miglos"},"image":{"@id":"https:\/\/chateau-miglos.fr\/wordpress-test\/#\/schema\/logo\/image\/"},"sameAs":["https:\/\/www.facebook.com\/chateaudemiglos\/","https:\/\/www.instagram.com\/chateaudemiglos\/","https:\/\/www.youtube.com\/channel\/UC70FrOmo9xvq8eHCA4YTs9A","https:\/\/fr.wikipedia.org\/wiki\/Ch\u00e2teau_de_Miglos"]},{"@type":"Person","@id":"https:\/\/chateau-miglos.fr\/wordpress-test\/#\/schema\/person\/c7c9d611967a7bba7db9f7d72154455e","name":"AACM","image":{"@type":"ImageObject","inLanguage":"fr-FR","@id":"https:\/\/chateau-miglos.fr\/wordpress-test\/#\/schema\/person\/image\/","url":"https:\/\/secure.gravatar.com\/avatar\/b704daf4c3f56428875cf047b8f9eb25?s=96&d=mm&r=g","contentUrl":"https:\/\/secure.gravatar.com\/avatar\/b704daf4c3f56428875cf047b8f9eb25?s=96&d=mm&r=g","caption":"AACM"}}]}},"jetpack_featured_media_url":"https:\/\/chateau-miglos.fr\/wordpress-test\/wp-content\/uploads\/2022\/06\/avant-jazz-in-miglos-2022.png","rttpg_featured_image_url":{"full":["https:\/\/chateau-miglos.fr\/wordpress-test\/wp-content\/uploads\/2022\/06\/avant-jazz-in-miglos-2022.png",300,150,false],"landscape":["https:\/\/chateau-miglos.fr\/wordpress-test\/wp-content\/uploads\/2022\/06\/avant-jazz-in-miglos-2022.png",300,150,false],"portraits":["https:\/\/chateau-miglos.fr\/wordpress-test\/wp-content\/uploads\/2022\/06\/avant-jazz-in-miglos-2022.png",300,150,false],"thumbnail":["https:\/\/chateau-miglos.fr\/wordpress-test\/wp-content\/uploads\/2022\/06\/avant-jazz-in-miglos-2022-150x150.png",150,150,true],"medium":["https:\/\/chateau-miglos.fr\/wordpress-test\/wp-content\/uploads\/2022\/06\/avant-jazz-in-miglos-2022.png",300,150,false],"large":["https:\/\/chateau-miglos.fr\/wordpress-test\/wp-content\/uploads\/2022\/06\/avant-jazz-in-miglos-2022.png",300,150,false],"1536x1536":["https:\/\/chateau-miglos.fr\/wordpress-test\/wp-content\/uploads\/2022\/06\/avant-jazz-in-miglos-2022.png",300,150,false],"2048x2048":["https:\/\/chateau-miglos.fr\/wordpress-test\/wp-content\/uploads\/2022\/06\/avant-jazz-in-miglos-2022.png",300,150,false],"onepress-blog-small":["https:\/\/chateau-miglos.fr\/wordpress-test\/wp-content\/uploads\/2022\/06\/avant-jazz-in-miglos-2022-300x150.png",300,150,true],"onepress-small":["https:\/\/chateau-miglos.fr\/wordpress-test\/wp-content\/uploads\/2022\/06\/avant-jazz-in-miglos-2022.png",300,150,false],"onepress-medium":["https:\/\/chateau-miglos.fr\/wordpress-test\/wp-content\/uploads\/2022\/06\/avant-jazz-in-miglos-2022.png",300,150,false],"sow-carousel-default":["https:\/\/chateau-miglos.fr\/wordpress-test\/wp-content\/uploads\/2022\/06\/avant-jazz-in-miglos-2022-272x150.png",272,150,true]},"rttpg_author":{"display_name":"AACM","author_link":"https:\/\/chateau-miglos.fr\/wordpress-test\/author\/aacm\/"},"rttpg_comment":0,"rttpg_category":"<a href=\"https:\/\/chateau-miglos.fr\/wordpress-test\/category\/actualites\/\" rel=\"category tag\">Actualit\u00e9s<\/a> <a href=\"https:\/\/chateau-miglos.fr\/wordpress-test\/category\/ete-2022\/\" rel=\"category tag\">\u00c9t\u00e9 2022<\/a> <a href=\"https:\/\/chateau-miglos.fr\/wordpress-test\/category\/spectacles\/\" rel=\"category tag\">Spectacles<\/a>","rttpg_excerpt":"Nous aurons le tr\u00e8s grand plaisir d&#8217;accueillir &#8220;Jazz Voyageur&#8221; au ch\u00e2teau de Miglos. L&#8217;affiche de la 4\u00e8me \u00e9dition &#8220;Jazz Voyageur&#8221; Le Collectif Jazz Voyageur partait pendant l&#8217;\u00e9t\u00e9 2021 en tourn\u00e9e ...","_links":{"self":[{"href":"https:\/\/chateau-miglos.fr\/wordpress-test\/wp-json\/wp\/v2\/posts\/8016"}],"collection":[{"href":"https:\/\/chateau-miglos.fr\/wordpress-test\/wp-json\/wp\/v2\/posts"}],"about":[{"href":"https:\/\/chateau-miglos.fr\/wordpress-test\/wp-json\/wp\/v2\/types\/post"}],"author":[{"embeddable":true,"href":"https:\/\/chateau-miglos.fr\/wordpress-test\/wp-json\/wp\/v2\/users\/2"}],"replies":[{"embeddable":true,"href":"https:\/\/chateau-miglos.fr\/wordpress-test\/wp-json\/wp\/v2\/comments?post=8016"}],"version-history":[{"count":8,"href":"https:\/\/chateau-miglos.fr\/wordpress-test\/wp-json\/wp\/v2\/posts\/8016\/revisions"}],"predecessor-version":[{"id":8543,"href":"https:\/\/chateau-miglos.fr\/wordpress-test\/wp-json\/wp\/v2\/posts\/8016\/revisions\/8543"}],"wp:featuredmedia":[{"embeddable":true,"href":"https:\/\/chateau-miglos.fr\/wordpress-test\/wp-json\/wp\/v2\/media\/8028"}],"wp:attachment":[{"href":"https:\/\/chateau-miglos.fr\/wordpress-test\/wp-json\/wp\/v2\/media?parent=8016"}],"wp:term":[{"taxonomy":"category","embeddable":true,"href":"https:\/\/chateau-miglos.fr\/wordpress-test\/wp-json\/wp\/v2\/categories?post=8016"},{"taxonomy":"post_tag","embeddable":true,"href":"https:\/\/chateau-miglos.fr\/wordpress-test\/wp-json\/wp\/v2\/tags?post=8016"}],"curies":[{"name":"wp","href":"https:\/\/api.w.org\/{rel}","templated":true}]}}