{"id":7189,"date":"2021-06-29T01:04:39","date_gmt":"2021-06-28T23:04:39","guid":{"rendered":"https:\/\/chateau-miglos.fr\/wordpress-test\/?p=7189"},"modified":"2021-08-02T02:54:07","modified_gmt":"2021-08-02T00:54:07","slug":"exposition-2021-au-pied-du-chateau-de-miglos-8-aout-2021-de-10h-a-17h","status":"publish","type":"post","link":"https:\/\/chateau-miglos.fr\/wordpress-test\/2021\/06\/29\/exposition-2021-au-pied-du-chateau-de-miglos-8-aout-2021-de-10h-a-17h\/","title":{"rendered":"Exposition tableaux &#8211; aquarelles &#8211; 8 ao\u00fbt 2021"},"content":{"rendered":"\n<h2 class=\"wp-block-heading\"><strong><strong>8 ao\u00fbt 2021<\/strong> \u2013 <strong>au pied du ch\u00e2teau de Miglos<\/strong><\/strong> <\/h2>\n\n\n\n<h3 class=\"wp-block-heading\"><strong>de 10h \u00e0 17h<\/strong> \u2013 Sous chapiteau \u2013 Buvette<\/h3>\n\n\n\n<p>Jauge &#8211; 50 personnes &#8211; Port du masque obligatoire<\/p>\n\n\n\n<div class=\"wp-block-image\"><figure class=\"aligncenter size-large is-resized\"><a href=\"https:\/\/chateau-miglos.fr\/wordpress-test\/wp-content\/uploads\/2021\/06\/expo-tableau-2021.png\" data-rel=\"lightbox-gallery-x47qG5m7\" data-rl_title=\"Exposition avec : Bernard GUILHAUMON, Michel RALUY, Gisela SCHAICH, Didier VIEUBLED\" data-rl_caption=\"\" title=\"Exposition avec : Bernard GUILHAUMON, Michel RALUY, Gisela SCHAICH, Didier VIEUBLED\"><img loading=\"lazy\" decoding=\"async\" src=\"https:\/\/chateau-miglos.fr\/wordpress-test\/wp-content\/uploads\/2021\/06\/expo-tableau-2021-724x1024.png\" alt=\"\" class=\"wp-image-7190\" width=\"543\" height=\"768\"\/><\/a><\/figure><\/div>\n\n\n\n<p class=\"has-medium-font-size\">Nous aurons le tr\u00e8s grand plaisir de pouvoir admirer les tableaux de :<\/p>\n\n\n\n<ul class=\"has-black-color has-text-color has-medium-font-size\"><li><strong>Bernard GUILHAUMON<\/strong> <\/li><li><strong>Michel RALUY<\/strong><\/li><li><strong>Gisela SCHAICH<\/strong><\/li><li><strong>Didier VIEUBLED<\/strong><\/li><\/ul>\n\n\n\n<div class=\"wp-block-image is-style-rounded\"><figure class=\"aligncenter is-resized\"><a href=\"https:\/\/chateau-miglos.fr\/wordpress-test\/wp-content\/uploads\/2021\/06\/affiche-expo-8-aout-2021-miglos.pdf\" target=\"_blank\" rel=\"noreferrer noopener\"><img loading=\"lazy\" decoding=\"async\" src=\"http:\/\/chateau-miglos.fr\/wordpress-test\/wp-content\/uploads\/2018\/08\/pdf.jpg\" alt=\"pdf\" class=\"wp-image-1502\" width=\"50\" height=\"50\"\/><\/a><\/figure><\/div>\n\n\n\n<p class=\"has-text-align-center\"> Affiche Aquarelles &#8211; Peintures 2021<\/p>\n","protected":false},"excerpt":{"rendered":"<p>8 ao\u00fbt 2021 \u2013 au pied du ch\u00e2teau de Miglos de 10h \u00e0 17h \u2013 Sous chapiteau \u2013 Buvette Jauge &#8211; 50 personnes &#8211; Port du masque obligatoire Nous aurons &#8230;<\/p>\n","protected":false},"author":2,"featured_media":7193,"comment_status":"closed","ping_status":"closed","sticky":false,"template":"","format":"standard","meta":{"ngg_post_thumbnail":0,"footnotes":""},"categories":[4,51,52],"tags":[],"yoast_head":"<!-- This site is optimized with the Yoast SEO plugin v23.0 - https:\/\/yoast.com\/wordpress\/plugins\/seo\/ -->\n<title>Exposition tableaux - aquarelles - 8 ao\u00fbt 2021 - Ch\u00e2teau de Miglos<\/title>\n<meta name=\"description\" content=\"Nous aurons le tr\u00e8s grand plaisir de pouvoir admirer les tableaux de : Bernard GUILHAUMON, Michel RALUY, Gisela SCHAICH, Didier VIEUBLED\" \/>\n<meta name=\"robots\" content=\"index, follow, max-snippet:-1, max-image-preview:large, max-video-preview:-1\" \/>\n<link rel=\"canonical\" href=\"https:\/\/chateau-miglos.fr\/wordpress-test\/2021\/06\/29\/exposition-2021-au-pied-du-chateau-de-miglos-8-aout-2021-de-10h-a-17h\/\" \/>\n<meta property=\"og:locale\" content=\"fr_FR\" \/>\n<meta property=\"og:type\" content=\"article\" \/>\n<meta property=\"og:title\" content=\"Exposition 2021 au pied du ch\u00e2teau de Miglos - 8 ao\u00fbt 2021 de 10h \u00e0 17h\" \/>\n<meta property=\"og:description\" content=\"Nous aurons le tr\u00e8s grand plaisir de pouvoir admirer les tableaux de : Bernard GUILHAUMON, Michel RALUY, Gisela SCHAICH, Didier VIEUBLED\" \/>\n<meta property=\"og:url\" content=\"https:\/\/chateau-miglos.fr\/wordpress-test\/2021\/06\/29\/exposition-2021-au-pied-du-chateau-de-miglos-8-aout-2021-de-10h-a-17h\/\" \/>\n<meta property=\"og:site_name\" content=\"Ch\u00e2teau de Miglos\" \/>\n<meta property=\"article:publisher\" content=\"https:\/\/www.facebook.com\/chateaudemiglos\/\" \/>\n<meta property=\"article:published_time\" content=\"2021-06-28T23:04:39+00:00\" \/>\n<meta property=\"article:modified_time\" content=\"2021-08-02T00:54:07+00:00\" \/>\n<meta property=\"og:image\" content=\"https:\/\/chateau-miglos.fr\/wordpress-test\/wp-content\/uploads\/2021\/06\/avant-reseau-expo-2021.png\" \/>\n\t<meta property=\"og:image:width\" content=\"500\" \/>\n\t<meta property=\"og:image:height\" content=\"261\" \/>\n\t<meta property=\"og:image:type\" content=\"image\/png\" \/>\n<meta name=\"author\" content=\"AACM\" \/>\n<meta name=\"twitter:card\" content=\"summary_large_image\" \/>\n<meta name=\"twitter:title\" content=\"Exposition 2021 au pied du ch\u00e2teau de Miglos - 8 ao\u00fbt 2021 de 10h \u00e0 17h\" \/>\n<meta name=\"twitter:description\" content=\"Nous aurons le tr\u00e8s grand plaisir de pouvoir admirer les tableaux de : Bernard GUILHAUMON, Michel RALUY, Gisela SCHAICH, Didier VIEUBLED\" \/>\n<meta name=\"twitter:image\" content=\"https:\/\/chateau-miglos.fr\/wordpress-test\/wp-content\/uploads\/2021\/06\/avant-reseau-expo-2021.png\" \/>\n<meta name=\"twitter:label1\" content=\"\u00c9crit par\" \/>\n\t<meta name=\"twitter:data1\" content=\"AACM\" \/>\n\t<meta name=\"twitter:label2\" content=\"Dur\u00e9e de lecture estim\u00e9e\" \/>\n\t<meta name=\"twitter:data2\" content=\"1 minute\" \/>\n<script type=\"application\/ld+json\" class=\"yoast-schema-graph\">{\"@context\":\"https:\/\/schema.org\",\"@graph\":[{\"@type\":\"Article\",\"@id\":\"https:\/\/chateau-miglos.fr\/wordpress-test\/2021\/06\/29\/exposition-2021-au-pied-du-chateau-de-miglos-8-aout-2021-de-10h-a-17h\/#article\",\"isPartOf\":{\"@id\":\"https:\/\/chateau-miglos.fr\/wordpress-test\/2021\/06\/29\/exposition-2021-au-pied-du-chateau-de-miglos-8-aout-2021-de-10h-a-17h\/\"},\"author\":{\"name\":\"AACM\",\"@id\":\"https:\/\/chateau-miglos.fr\/wordpress-test\/#\/schema\/person\/c7c9d611967a7bba7db9f7d72154455e\"},\"headline\":\"Exposition tableaux &#8211; aquarelles &#8211; 8 ao\u00fbt 2021\",\"datePublished\":\"2021-06-28T23:04:39+00:00\",\"dateModified\":\"2021-08-02T00:54:07+00:00\",\"mainEntityOfPage\":{\"@id\":\"https:\/\/chateau-miglos.fr\/wordpress-test\/2021\/06\/29\/exposition-2021-au-pied-du-chateau-de-miglos-8-aout-2021-de-10h-a-17h\/\"},\"wordCount\":55,\"publisher\":{\"@id\":\"https:\/\/chateau-miglos.fr\/wordpress-test\/#organization\"},\"image\":{\"@id\":\"https:\/\/chateau-miglos.fr\/wordpress-test\/2021\/06\/29\/exposition-2021-au-pied-du-chateau-de-miglos-8-aout-2021-de-10h-a-17h\/#primaryimage\"},\"thumbnailUrl\":\"https:\/\/chateau-miglos.fr\/wordpress-test\/wp-content\/uploads\/2021\/06\/avant-expo-2021.png\",\"articleSection\":[\"Actualit\u00e9s\",\"\u00c9t\u00e9 2021\",\"Exposition\"],\"inLanguage\":\"fr-FR\"},{\"@type\":\"WebPage\",\"@id\":\"https:\/\/chateau-miglos.fr\/wordpress-test\/2021\/06\/29\/exposition-2021-au-pied-du-chateau-de-miglos-8-aout-2021-de-10h-a-17h\/\",\"url\":\"https:\/\/chateau-miglos.fr\/wordpress-test\/2021\/06\/29\/exposition-2021-au-pied-du-chateau-de-miglos-8-aout-2021-de-10h-a-17h\/\",\"name\":\"Exposition tableaux - aquarelles - 8 ao\u00fbt 2021 - Ch\u00e2teau de Miglos\",\"isPartOf\":{\"@id\":\"https:\/\/chateau-miglos.fr\/wordpress-test\/#website\"},\"primaryImageOfPage\":{\"@id\":\"https:\/\/chateau-miglos.fr\/wordpress-test\/2021\/06\/29\/exposition-2021-au-pied-du-chateau-de-miglos-8-aout-2021-de-10h-a-17h\/#primaryimage\"},\"image\":{\"@id\":\"https:\/\/chateau-miglos.fr\/wordpress-test\/2021\/06\/29\/exposition-2021-au-pied-du-chateau-de-miglos-8-aout-2021-de-10h-a-17h\/#primaryimage\"},\"thumbnailUrl\":\"https:\/\/chateau-miglos.fr\/wordpress-test\/wp-content\/uploads\/2021\/06\/avant-expo-2021.png\",\"datePublished\":\"2021-06-28T23:04:39+00:00\",\"dateModified\":\"2021-08-02T00:54:07+00:00\",\"description\":\"Nous aurons le tr\u00e8s grand plaisir de pouvoir admirer les tableaux de : Bernard GUILHAUMON, Michel RALUY, Gisela SCHAICH, Didier VIEUBLED\",\"breadcrumb\":{\"@id\":\"https:\/\/chateau-miglos.fr\/wordpress-test\/2021\/06\/29\/exposition-2021-au-pied-du-chateau-de-miglos-8-aout-2021-de-10h-a-17h\/#breadcrumb\"},\"inLanguage\":\"fr-FR\",\"potentialAction\":[{\"@type\":\"ReadAction\",\"target\":[\"https:\/\/chateau-miglos.fr\/wordpress-test\/2021\/06\/29\/exposition-2021-au-pied-du-chateau-de-miglos-8-aout-2021-de-10h-a-17h\/\"]}]},{\"@type\":\"ImageObject\",\"inLanguage\":\"fr-FR\",\"@id\":\"https:\/\/chateau-miglos.fr\/wordpress-test\/2021\/06\/29\/exposition-2021-au-pied-du-chateau-de-miglos-8-aout-2021-de-10h-a-17h\/#primaryimage\",\"url\":\"https:\/\/chateau-miglos.fr\/wordpress-test\/wp-content\/uploads\/2021\/06\/avant-expo-2021.png\",\"contentUrl\":\"https:\/\/chateau-miglos.fr\/wordpress-test\/wp-content\/uploads\/2021\/06\/avant-expo-2021.png\",\"width\":300,\"height\":150},{\"@type\":\"BreadcrumbList\",\"@id\":\"https:\/\/chateau-miglos.fr\/wordpress-test\/2021\/06\/29\/exposition-2021-au-pied-du-chateau-de-miglos-8-aout-2021-de-10h-a-17h\/#breadcrumb\",\"itemListElement\":[{\"@type\":\"ListItem\",\"position\":1,\"name\":\"Accueil\",\"item\":\"https:\/\/chateau-miglos.fr\/wordpress-test\/\"},{\"@type\":\"ListItem\",\"position\":2,\"name\":\"Exposition tableaux &#8211; aquarelles &#8211; 8 ao\u00fbt 2021\"}]},{\"@type\":\"WebSite\",\"@id\":\"https:\/\/chateau-miglos.fr\/wordpress-test\/#website\",\"url\":\"https:\/\/chateau-miglos.fr\/wordpress-test\/\",\"name\":\"Ch\u00e2teau de Miglos\",\"description\":\"une ch\u00e2teau, une vall\u00e9e\",\"publisher\":{\"@id\":\"https:\/\/chateau-miglos.fr\/wordpress-test\/#organization\"},\"potentialAction\":[{\"@type\":\"SearchAction\",\"target\":{\"@type\":\"EntryPoint\",\"urlTemplate\":\"https:\/\/chateau-miglos.fr\/wordpress-test\/?s={search_term_string}\"},\"query-input\":\"required name=search_term_string\"}],\"inLanguage\":\"fr-FR\"},{\"@type\":\"Organization\",\"@id\":\"https:\/\/chateau-miglos.fr\/wordpress-test\/#organization\",\"name\":\"Ch\u00e2teau de Miglos\",\"url\":\"https:\/\/chateau-miglos.fr\/wordpress-test\/\",\"logo\":{\"@type\":\"ImageObject\",\"inLanguage\":\"fr-FR\",\"@id\":\"https:\/\/chateau-miglos.fr\/wordpress-test\/#\/schema\/logo\/image\/\",\"url\":\"https:\/\/chateau-miglos.fr\/wordpress-test\/wp-content\/uploads\/2019\/06\/seul.png\",\"contentUrl\":\"https:\/\/chateau-miglos.fr\/wordpress-test\/wp-content\/uploads\/2019\/06\/seul.png\",\"width\":801,\"height\":705,\"caption\":\"Ch\u00e2teau de Miglos\"},\"image\":{\"@id\":\"https:\/\/chateau-miglos.fr\/wordpress-test\/#\/schema\/logo\/image\/\"},\"sameAs\":[\"https:\/\/www.facebook.com\/chateaudemiglos\/\",\"https:\/\/www.instagram.com\/chateaudemiglos\/\",\"https:\/\/www.youtube.com\/channel\/UC70FrOmo9xvq8eHCA4YTs9A\",\"https:\/\/fr.wikipedia.org\/wiki\/Ch\u00e2teau_de_Miglos\"]},{\"@type\":\"Person\",\"@id\":\"https:\/\/chateau-miglos.fr\/wordpress-test\/#\/schema\/person\/c7c9d611967a7bba7db9f7d72154455e\",\"name\":\"AACM\",\"image\":{\"@type\":\"ImageObject\",\"inLanguage\":\"fr-FR\",\"@id\":\"https:\/\/chateau-miglos.fr\/wordpress-test\/#\/schema\/person\/image\/\",\"url\":\"https:\/\/secure.gravatar.com\/avatar\/b704daf4c3f56428875cf047b8f9eb25?s=96&d=mm&r=g\",\"contentUrl\":\"https:\/\/secure.gravatar.com\/avatar\/b704daf4c3f56428875cf047b8f9eb25?s=96&d=mm&r=g\",\"caption\":\"AACM\"}}]}<\/script>\n<!-- \/ Yoast SEO plugin. -->","yoast_head_json":{"title":"Exposition tableaux - aquarelles - 8 ao\u00fbt 2021 - Ch\u00e2teau de Miglos","description":"Nous aurons le tr\u00e8s grand plaisir de pouvoir admirer les tableaux de : Bernard GUILHAUMON, Michel RALUY, Gisela SCHAICH, Didier VIEUBLED","robots":{"index":"index","follow":"follow","max-snippet":"max-snippet:-1","max-image-preview":"max-image-preview:large","max-video-preview":"max-video-preview:-1"},"canonical":"https:\/\/chateau-miglos.fr\/wordpress-test\/2021\/06\/29\/exposition-2021-au-pied-du-chateau-de-miglos-8-aout-2021-de-10h-a-17h\/","og_locale":"fr_FR","og_type":"article","og_title":"Exposition 2021 au pied du ch\u00e2teau de Miglos - 8 ao\u00fbt 2021 de 10h \u00e0 17h","og_description":"Nous aurons le tr\u00e8s grand plaisir de pouvoir admirer les tableaux de : Bernard GUILHAUMON, Michel RALUY, Gisela SCHAICH, Didier VIEUBLED","og_url":"https:\/\/chateau-miglos.fr\/wordpress-test\/2021\/06\/29\/exposition-2021-au-pied-du-chateau-de-miglos-8-aout-2021-de-10h-a-17h\/","og_site_name":"Ch\u00e2teau de Miglos","article_publisher":"https:\/\/www.facebook.com\/chateaudemiglos\/","article_published_time":"2021-06-28T23:04:39+00:00","article_modified_time":"2021-08-02T00:54:07+00:00","og_image":[{"width":500,"height":261,"url":"https:\/\/chateau-miglos.fr\/wordpress-test\/wp-content\/uploads\/2021\/06\/avant-reseau-expo-2021.png","type":"image\/png"}],"author":"AACM","twitter_card":"summary_large_image","twitter_title":"Exposition 2021 au pied du ch\u00e2teau de Miglos - 8 ao\u00fbt 2021 de 10h \u00e0 17h","twitter_description":"Nous aurons le tr\u00e8s grand plaisir de pouvoir admirer les tableaux de : Bernard GUILHAUMON, Michel RALUY, Gisela SCHAICH, Didier VIEUBLED","twitter_image":"https:\/\/chateau-miglos.fr\/wordpress-test\/wp-content\/uploads\/2021\/06\/avant-reseau-expo-2021.png","twitter_misc":{"\u00c9crit par":"AACM","Dur\u00e9e de lecture estim\u00e9e":"1 minute"},"schema":{"@context":"https:\/\/schema.org","@graph":[{"@type":"Article","@id":"https:\/\/chateau-miglos.fr\/wordpress-test\/2021\/06\/29\/exposition-2021-au-pied-du-chateau-de-miglos-8-aout-2021-de-10h-a-17h\/#article","isPartOf":{"@id":"https:\/\/chateau-miglos.fr\/wordpress-test\/2021\/06\/29\/exposition-2021-au-pied-du-chateau-de-miglos-8-aout-2021-de-10h-a-17h\/"},"author":{"name":"AACM","@id":"https:\/\/chateau-miglos.fr\/wordpress-test\/#\/schema\/person\/c7c9d611967a7bba7db9f7d72154455e"},"headline":"Exposition tableaux &#8211; aquarelles &#8211; 8 ao\u00fbt 2021","datePublished":"2021-06-28T23:04:39+00:00","dateModified":"2021-08-02T00:54:07+00:00","mainEntityOfPage":{"@id":"https:\/\/chateau-miglos.fr\/wordpress-test\/2021\/06\/29\/exposition-2021-au-pied-du-chateau-de-miglos-8-aout-2021-de-10h-a-17h\/"},"wordCount":55,"publisher":{"@id":"https:\/\/chateau-miglos.fr\/wordpress-test\/#organization"},"image":{"@id":"https:\/\/chateau-miglos.fr\/wordpress-test\/2021\/06\/29\/exposition-2021-au-pied-du-chateau-de-miglos-8-aout-2021-de-10h-a-17h\/#primaryimage"},"thumbnailUrl":"https:\/\/chateau-miglos.fr\/wordpress-test\/wp-content\/uploads\/2021\/06\/avant-expo-2021.png","articleSection":["Actualit\u00e9s","\u00c9t\u00e9 2021","Exposition"],"inLanguage":"fr-FR"},{"@type":"WebPage","@id":"https:\/\/chateau-miglos.fr\/wordpress-test\/2021\/06\/29\/exposition-2021-au-pied-du-chateau-de-miglos-8-aout-2021-de-10h-a-17h\/","url":"https:\/\/chateau-miglos.fr\/wordpress-test\/2021\/06\/29\/exposition-2021-au-pied-du-chateau-de-miglos-8-aout-2021-de-10h-a-17h\/","name":"Exposition tableaux - aquarelles - 8 ao\u00fbt 2021 - Ch\u00e2teau de Miglos","isPartOf":{"@id":"https:\/\/chateau-miglos.fr\/wordpress-test\/#website"},"primaryImageOfPage":{"@id":"https:\/\/chateau-miglos.fr\/wordpress-test\/2021\/06\/29\/exposition-2021-au-pied-du-chateau-de-miglos-8-aout-2021-de-10h-a-17h\/#primaryimage"},"image":{"@id":"https:\/\/chateau-miglos.fr\/wordpress-test\/2021\/06\/29\/exposition-2021-au-pied-du-chateau-de-miglos-8-aout-2021-de-10h-a-17h\/#primaryimage"},"thumbnailUrl":"https:\/\/chateau-miglos.fr\/wordpress-test\/wp-content\/uploads\/2021\/06\/avant-expo-2021.png","datePublished":"2021-06-28T23:04:39+00:00","dateModified":"2021-08-02T00:54:07+00:00","description":"Nous aurons le tr\u00e8s grand plaisir de pouvoir admirer les tableaux de : Bernard GUILHAUMON, Michel RALUY, Gisela SCHAICH, Didier VIEUBLED","breadcrumb":{"@id":"https:\/\/chateau-miglos.fr\/wordpress-test\/2021\/06\/29\/exposition-2021-au-pied-du-chateau-de-miglos-8-aout-2021-de-10h-a-17h\/#breadcrumb"},"inLanguage":"fr-FR","potentialAction":[{"@type":"ReadAction","target":["https:\/\/chateau-miglos.fr\/wordpress-test\/2021\/06\/29\/exposition-2021-au-pied-du-chateau-de-miglos-8-aout-2021-de-10h-a-17h\/"]}]},{"@type":"ImageObject","inLanguage":"fr-FR","@id":"https:\/\/chateau-miglos.fr\/wordpress-test\/2021\/06\/29\/exposition-2021-au-pied-du-chateau-de-miglos-8-aout-2021-de-10h-a-17h\/#primaryimage","url":"https:\/\/chateau-miglos.fr\/wordpress-test\/wp-content\/uploads\/2021\/06\/avant-expo-2021.png","contentUrl":"https:\/\/chateau-miglos.fr\/wordpress-test\/wp-content\/uploads\/2021\/06\/avant-expo-2021.png","width":300,"height":150},{"@type":"BreadcrumbList","@id":"https:\/\/chateau-miglos.fr\/wordpress-test\/2021\/06\/29\/exposition-2021-au-pied-du-chateau-de-miglos-8-aout-2021-de-10h-a-17h\/#breadcrumb","itemListElement":[{"@type":"ListItem","position":1,"name":"Accueil","item":"https:\/\/chateau-miglos.fr\/wordpress-test\/"},{"@type":"ListItem","position":2,"name":"Exposition tableaux &#8211; aquarelles &#8211; 8 ao\u00fbt 2021"}]},{"@type":"WebSite","@id":"https:\/\/chateau-miglos.fr\/wordpress-test\/#website","url":"https:\/\/chateau-miglos.fr\/wordpress-test\/","name":"Ch\u00e2teau de Miglos","description":"une ch\u00e2teau, une vall\u00e9e","publisher":{"@id":"https:\/\/chateau-miglos.fr\/wordpress-test\/#organization"},"potentialAction":[{"@type":"SearchAction","target":{"@type":"EntryPoint","urlTemplate":"https:\/\/chateau-miglos.fr\/wordpress-test\/?s={search_term_string}"},"query-input":"required name=search_term_string"}],"inLanguage":"fr-FR"},{"@type":"Organization","@id":"https:\/\/chateau-miglos.fr\/wordpress-test\/#organization","name":"Ch\u00e2teau de Miglos","url":"https:\/\/chateau-miglos.fr\/wordpress-test\/","logo":{"@type":"ImageObject","inLanguage":"fr-FR","@id":"https:\/\/chateau-miglos.fr\/wordpress-test\/#\/schema\/logo\/image\/","url":"https:\/\/chateau-miglos.fr\/wordpress-test\/wp-content\/uploads\/2019\/06\/seul.png","contentUrl":"https:\/\/chateau-miglos.fr\/wordpress-test\/wp-content\/uploads\/2019\/06\/seul.png","width":801,"height":705,"caption":"Ch\u00e2teau de Miglos"},"image":{"@id":"https:\/\/chateau-miglos.fr\/wordpress-test\/#\/schema\/logo\/image\/"},"sameAs":["https:\/\/www.facebook.com\/chateaudemiglos\/","https:\/\/www.instagram.com\/chateaudemiglos\/","https:\/\/www.youtube.com\/channel\/UC70FrOmo9xvq8eHCA4YTs9A","https:\/\/fr.wikipedia.org\/wiki\/Ch\u00e2teau_de_Miglos"]},{"@type":"Person","@id":"https:\/\/chateau-miglos.fr\/wordpress-test\/#\/schema\/person\/c7c9d611967a7bba7db9f7d72154455e","name":"AACM","image":{"@type":"ImageObject","inLanguage":"fr-FR","@id":"https:\/\/chateau-miglos.fr\/wordpress-test\/#\/schema\/person\/image\/","url":"https:\/\/secure.gravatar.com\/avatar\/b704daf4c3f56428875cf047b8f9eb25?s=96&d=mm&r=g","contentUrl":"https:\/\/secure.gravatar.com\/avatar\/b704daf4c3f56428875cf047b8f9eb25?s=96&d=mm&r=g","caption":"AACM"}}]}},"jetpack_featured_media_url":"https:\/\/chateau-miglos.fr\/wordpress-test\/wp-content\/uploads\/2021\/06\/avant-expo-2021.png","rttpg_featured_image_url":{"full":["https:\/\/chateau-miglos.fr\/wordpress-test\/wp-content\/uploads\/2021\/06\/avant-expo-2021.png",300,150,false],"landscape":["https:\/\/chateau-miglos.fr\/wordpress-test\/wp-content\/uploads\/2021\/06\/avant-expo-2021.png",300,150,false],"portraits":["https:\/\/chateau-miglos.fr\/wordpress-test\/wp-content\/uploads\/2021\/06\/avant-expo-2021.png",300,150,false],"thumbnail":["https:\/\/chateau-miglos.fr\/wordpress-test\/wp-content\/uploads\/2021\/06\/avant-expo-2021-150x150.png",150,150,true],"medium":["https:\/\/chateau-miglos.fr\/wordpress-test\/wp-content\/uploads\/2021\/06\/avant-expo-2021.png",300,150,false],"large":["https:\/\/chateau-miglos.fr\/wordpress-test\/wp-content\/uploads\/2021\/06\/avant-expo-2021.png",300,150,false],"1536x1536":["https:\/\/chateau-miglos.fr\/wordpress-test\/wp-content\/uploads\/2021\/06\/avant-expo-2021.png",300,150,false],"2048x2048":["https:\/\/chateau-miglos.fr\/wordpress-test\/wp-content\/uploads\/2021\/06\/avant-expo-2021.png",300,150,false],"onepress-blog-small":["https:\/\/chateau-miglos.fr\/wordpress-test\/wp-content\/uploads\/2021\/06\/avant-expo-2021-300x150.png",300,150,true],"onepress-small":["https:\/\/chateau-miglos.fr\/wordpress-test\/wp-content\/uploads\/2021\/06\/avant-expo-2021.png",300,150,false],"onepress-medium":["https:\/\/chateau-miglos.fr\/wordpress-test\/wp-content\/uploads\/2021\/06\/avant-expo-2021.png",300,150,false],"sow-carousel-default":["https:\/\/chateau-miglos.fr\/wordpress-test\/wp-content\/uploads\/2021\/06\/avant-expo-2021-272x150.png",272,150,true]},"rttpg_author":{"display_name":"AACM","author_link":"https:\/\/chateau-miglos.fr\/wordpress-test\/author\/aacm\/"},"rttpg_comment":0,"rttpg_category":"<a href=\"https:\/\/chateau-miglos.fr\/wordpress-test\/category\/actualites\/\" rel=\"category tag\">Actualit\u00e9s<\/a> <a href=\"https:\/\/chateau-miglos.fr\/wordpress-test\/category\/ete-2021\/\" rel=\"category tag\">\u00c9t\u00e9 2021<\/a> <a href=\"https:\/\/chateau-miglos.fr\/wordpress-test\/category\/exposition\/\" rel=\"category tag\">Exposition<\/a>","rttpg_excerpt":"8 ao\u00fbt 2021 \u2013 au pied du ch\u00e2teau de Miglos de 10h \u00e0 17h \u2013 Sous chapiteau \u2013 Buvette Jauge &#8211; 50 personnes &#8211; Port du masque obligatoire Nous aurons ...","_links":{"self":[{"href":"https:\/\/chateau-miglos.fr\/wordpress-test\/wp-json\/wp\/v2\/posts\/7189"}],"collection":[{"href":"https:\/\/chateau-miglos.fr\/wordpress-test\/wp-json\/wp\/v2\/posts"}],"about":[{"href":"https:\/\/chateau-miglos.fr\/wordpress-test\/wp-json\/wp\/v2\/types\/post"}],"author":[{"embeddable":true,"href":"https:\/\/chateau-miglos.fr\/wordpress-test\/wp-json\/wp\/v2\/users\/2"}],"replies":[{"embeddable":true,"href":"https:\/\/chateau-miglos.fr\/wordpress-test\/wp-json\/wp\/v2\/comments?post=7189"}],"version-history":[{"count":8,"href":"https:\/\/chateau-miglos.fr\/wordpress-test\/wp-json\/wp\/v2\/posts\/7189\/revisions"}],"predecessor-version":[{"id":7779,"href":"https:\/\/chateau-miglos.fr\/wordpress-test\/wp-json\/wp\/v2\/posts\/7189\/revisions\/7779"}],"wp:featuredmedia":[{"embeddable":true,"href":"https:\/\/chateau-miglos.fr\/wordpress-test\/wp-json\/wp\/v2\/media\/7193"}],"wp:attachment":[{"href":"https:\/\/chateau-miglos.fr\/wordpress-test\/wp-json\/wp\/v2\/media?parent=7189"}],"wp:term":[{"taxonomy":"category","embeddable":true,"href":"https:\/\/chateau-miglos.fr\/wordpress-test\/wp-json\/wp\/v2\/categories?post=7189"},{"taxonomy":"post_tag","embeddable":true,"href":"https:\/\/chateau-miglos.fr\/wordpress-test\/wp-json\/wp\/v2\/tags?post=7189"}],"curies":[{"name":"wp","href":"https:\/\/api.w.org\/{rel}","templated":true}]}}