{"id":7158,"date":"2021-06-22T01:34:53","date_gmt":"2021-06-21T23:34:53","guid":{"rendered":"https:\/\/chateau-miglos.fr\/wordpress-test\/?p=7158"},"modified":"2023-06-29T04:05:46","modified_gmt":"2023-06-29T02:05:46","slug":"le-programme-de-lete-2021-au-chateau-de-miglos","status":"publish","type":"post","link":"https:\/\/chateau-miglos.fr\/wordpress-test\/2021\/06\/22\/le-programme-de-lete-2021-au-chateau-de-miglos\/","title":{"rendered":"Le programme de l&#8217;\u00e9t\u00e9 2021 au ch\u00e2teau de Miglos"},"content":{"rendered":"\n<h2 class=\"wp-block-heading\">Programme complet de l&#8217;\u00e9t\u00e9 2021<\/h2>\n\n\n\n<h3 class=\"wp-block-heading\">15 juillet &#8211; 31 juillet &#8211; 7 ao\u00fbt 2021<\/h3>\n\n\n\n<figure class=\"wp-block-table aligncenter is-style-stripes\"><table><tbody><tr><td class=\"has-text-align-left\" data-align=\"left\"><strong>Jeudi 15 juillet 2021 \u00e0 19h<\/strong>: <strong>Concert Jazz<\/strong> au pied du ch\u00e2teau par les musiciens du Collectif de jazz itin\u00e9rant &#8220;<strong>JAZZ VOYAGEUR<\/strong>&#8220;<br>(si pluie: salle polyvalente de Norgeat, 09400 Miglos)<br><br><strong>Le Trio fera \u00e9tape le soir du 15 juillet au ch\u00e2teau de Miglos.<\/strong><br>Pendant 26 jours, (du 2 au 26 juillet 2021) le c\u00e9l\u00e8bre trio affrontera les cols et les n\u00e9v\u00e9s, instruments sur le dos, pour apporter chaque soir de la joie et de la bonne humeur dans les refuges et les g\u00eetes !<br>La musique et les chants, distill\u00e9s par les Bouilleurs de sons sont si finement alambiqu\u00e9s qu\u2019ils semblent couler de source.<br><strong>CONCERT GRATUIT &#8211; BUVETTE<\/strong><br><br>Nous vous accueillons dans le respect des gestes barri\u00e8re et des r\u00e8gles de distanciation.<\/td><td><a href=\"https:\/\/chateau-miglos.fr\/wordpress-test\/2021\/06\/12\/concert-jazz-au-chateau-de-miglos-jeudi-15-juillet-2021-a-19h\/\"><img decoding=\"async\" src=\"https:\/\/chateau-miglos.fr\/wordpress-test\/wp-content\/uploads\/2021\/07\/annule.png\" alt=\"L\u2019attribut alt de cette image est vide, son nom de fichier est annule.png.\"><\/a><\/td><\/tr><tr><td class=\"has-text-align-left\" data-align=\"left\"><strong>Dimanche 25 juillet \u00e0 15h30 : Com\u00e9die historique \u201cSacr\u00e9s Cathares, personne n\u2019est parfait !\u201d<\/strong><br>Par la Corporation des Crieurs de Corps et Vins.<br><strong>Organis\u00e9 par le D\u00e9partement de l\u2019Ari\u00e8ge<\/strong><br>Accessible sur r\u00e9servation uniquement, dans la <strong>limite de 50 visiteurs<\/strong> et donc sans obligation de pr\u00e9sentation du \u201cpass sanitaire\u201d.<br>GRATUIT \u2013 <strong>R\u00c9SERVATION OBLIGATOIRE 05 61 02 09 25<\/strong><\/td><td><a href=\"https:\/\/chateau-miglos.fr\/wordpress-test\/2021\/07\/17\/comedie-historique-sacres-cathares-personne-nest-parfait\/\"><img decoding=\"async\" src=\"https:\/\/chateau-miglos.fr\/wordpress-test\/wp-content\/uploads\/2021\/07\/affiche25juillet.png\" alt=\"L\u2019attribut alt de cette image est vide, son nom de fichier est affiche25juillet.png.\"><\/a><\/td><\/tr><tr><td class=\"has-text-align-left\" data-align=\"left\"><strong>Samedi 31 juillet 2021:<\/strong> <strong>Balade cont\u00e9e autour du ch\u00e2teau de Miglos<\/strong> par la guide conf\u00e9renci\u00e8re <strong>M\u00e9lanie SAVES<\/strong>.<br><br><strong>Mademoiselle Eug\u00e9nie<\/strong>, institutrice en 1913, au d\u00e9tour de l\u2019\u00e9glise, d\u2019un roc, d\u2019un point de vue, du ch\u00e2teau, vous raconte les histoires secr\u00e8tes d\u00e9nich\u00e9es dans les registres des archives au cours de recherches avec sa cousine. Parfois, Mademoiselle Eug\u00e9nie s\u2019\u00e9gare\u2026 <br><strong>3 balades cont\u00e9es : \u00e0 10 heures, 14 heures et 16 heures<\/strong> &#8211; <strong>Groupe de 25 personnes maximum<\/strong><br><br><strong><a href=\"https:\/\/chateau-miglos.fr\/wordpress-test\/formulaire-dinscription-balades-contees-31-juillet-2021\/\" rel=\"nofollow\">R\u00e9servation nominative obligatoire &#8211; formulaire en ligne<\/a><\/strong><br>ou par <strong>t\u00e9l\u00e9phone au : 06 52 88 73 53<\/strong><br><strong>GRATUIT &#8211; SUR R\u00c9SERVATION UNIQUEMENT<\/strong><br><br>Nous vous accueillons dans le respect des gestes barri\u00e8re et des r\u00e8gles de distanciation.<\/td><td><a href=\"https:\/\/chateau-miglos.fr\/wordpress-test\/2021\/06\/21\/balade-contee-autour-du-chateau-de-miglos-2\/\"><img decoding=\"async\" src=\"https:\/\/chateau-miglos.fr\/wordpress-test\/wp-content\/uploads\/2021\/06\/balade-contee-2021.png\" alt=\"L\u2019attribut alt de cette image est vide, son nom de fichier est balade-contee-2021.png.\"><\/a><\/td><\/tr><tr><td class=\"has-text-align-left\" data-align=\"left\"><strong>Samedi 7 ao\u00fbt 2021 \u00e0 21h : Bal-Trad <\/strong>avec le groupe <strong>&#8220;Bouilleur de Sons&#8221;<\/strong>. Nous danserons au pied du ch\u00e2teau de Miglos, au son de valses, mazurkas, scottishs, polkas, cercles circassiens\u2026<br><br>La musique et les chants, distill\u00e9s par les Bouilleurs de sons sont si finement alambiqu\u00e9s qu\u2019ils semblent couler de source.<br><br><strong><strong>GRATUIT &#8211; SOUS CHAPITEAU &#8211; BUVETTE<\/strong><\/strong><br><br>Nous vous accueillons dans le respect des gestes barri\u00e8re et des r\u00e8gles de distanciation.<\/td><td><a href=\"https:\/\/chateau-miglos.fr\/wordpress-test\/wp-content\/uploads\/2021\/06\/repas-2021.pdf\" target=\"_blank\" rel=\"noreferrer noopener nofollow\"><\/a><a href=\"https:\/\/chateau-miglos.fr\/wordpress-test\/bal-trad-avec-bouilleur-de-sons\/\"><img decoding=\"async\" src=\"https:\/\/chateau-miglos.fr\/wordpress-test\/wp-content\/uploads\/2021\/06\/affiche-bal-trad-2021.png\" alt=\"L\u2019attribut alt de cette image est vide, son nom de fichier est affiche-bal-trad-2021.png.\"><\/a><\/td><\/tr><tr><td class=\"has-text-align-left\" data-align=\"left\"><br><strong>Dimanche 8 ao\u00fbt 2021 de 10h \u00e0 17h<\/strong> \u2013 <strong>au pied du ch\u00e2teau de Miglos<\/strong><br><strong>Exposition photos \u2013 Julien Canet<\/strong><br>Sous chapiteau \u2013 Buvette<\/td><td><a href=\"https:\/\/chateau-miglos.fr\/wordpress-test\/2021\/06\/29\/exposition-photos-julien-canet-8-aout-2021\/\"><img loading=\"lazy\" decoding=\"async\" srcset=\"https:\/\/chateau-miglos.fr\/wordpress-test\/wp-content\/uploads\/2021\/06\/expo-faune-paysage-2021-724x1024.png 724w, https:\/\/chateau-miglos.fr\/wordpress-test\/wp-content\/uploads\/2021\/06\/expo-faune-paysage-2021-212x300.png 212w, https:\/\/chateau-miglos.fr\/wordpress-test\/wp-content\/uploads\/2021\/06\/expo-faune-paysage-2021-768x1086.png 768w, https:\/\/chateau-miglos.fr\/wordpress-test\/wp-content\/uploads\/2021\/06\/expo-faune-paysage-2021-1086x1536.png 1086w, https:\/\/chateau-miglos.fr\/wordpress-test\/wp-content\/uploads\/2021\/06\/expo-faune-paysage-2021-1448x2048.png 1448w, https:\/\/chateau-miglos.fr\/wordpress-test\/wp-content\/uploads\/2021\/06\/expo-faune-paysage-2021.png 1712w\" src=\"https:\/\/chateau-miglos.fr\/wordpress-test\/wp-content\/uploads\/2021\/06\/expo-faune-paysage-2021-724x1024.png\" alt=\"\" width=\"543\" height=\"768\"><\/a><\/td><\/tr><tr><td class=\"has-text-align-left\" data-align=\"left\"><strong>Dimanche 8 ao\u00fbt 2021 de 10h \u00e0 17h \u2013 au pied du ch\u00e2teau de Miglos<\/strong><br><strong>Exposition 2021 &#8211; Tableaux<\/strong><br>Sous chapiteau \u2013 Buvette<br><br>Nous aurons le tr\u00e8s grand plaisir de pouvoir admirer les tableaux de :<br>&#8211; <strong>Bernard GUILHAUMON<\/strong><br>&#8211; <strong>Michel RALUY<\/strong><br>&#8211; <strong>Gisela SCHAICH<\/strong><br>&#8211; <strong>Didier VIEUBLED<\/strong><br><\/td><td><a href=\"https:\/\/chateau-miglos.fr\/wordpress-test\/2021\/06\/29\/exposition-2021-au-pied-du-chateau-de-miglos-8-aout-2021-de-10h-a-17h\/\"><img decoding=\"async\" src=\"https:\/\/chateau-miglos.fr\/wordpress-test\/wp-content\/uploads\/2021\/06\/expo-tableau-2021-724x1024.png\" alt=\"\" style=\"width: undefinedpx;\"><\/a><\/td><\/tr><\/tbody><\/table><\/figure>\n\n\n\n<hr class=\"wp-block-separator has-css-opacity\"\/>\n\n\n\n<h3 class=\"wp-block-heading\">Si, vous d\u00e9sirez nous apporter votre soutien&#8230;<\/h3>\n\n\n\n<p><strong>Bulletin d&#8217;adh\u00e9sion 2021<\/strong><\/p>\n\n\n<div class=\"wp-block-image\">\n<figure class=\"aligncenter size-large is-resized\"><a href=\"https:\/\/chateau-miglos.fr\/wordpress-test\/wp-content\/uploads\/2020\/12\/adhesion2021-AACM.pdf\" target=\"_blank\" rel=\"noopener noreferrer\"><img loading=\"lazy\" decoding=\"async\" src=\"https:\/\/chateau-miglos.fr\/wordpress-test\/wp-content\/uploads\/2020\/12\/adhesion2021.png\" alt=\"\" class=\"wp-image-6055\" width=\"300\" height=\"425\"\/><\/a><\/figure><\/div>\n\n\n<hr class=\"wp-block-separator has-css-opacity\"\/>\n","protected":false},"excerpt":{"rendered":"<p>Programme complet de l&#8217;\u00e9t\u00e9 2021 15 juillet &#8211; 31 juillet &#8211; 7 ao\u00fbt 2021 Jeudi 15 juillet 2021 \u00e0 19h: Concert Jazz au pied du ch\u00e2teau par les musiciens du &#8230;<\/p>\n","protected":false},"author":2,"featured_media":7165,"comment_status":"closed","ping_status":"closed","sticky":false,"template":"","format":"standard","meta":{"ngg_post_thumbnail":0,"footnotes":""},"categories":[4,57,51,52,46,35],"tags":[],"yoast_head":"<!-- This site is optimized with the Yoast SEO plugin v23.0 - https:\/\/yoast.com\/wordpress\/plugins\/seo\/ -->\n<title>Le programme de l&#039;\u00e9t\u00e9 2021 au ch\u00e2teau de Miglos - Ch\u00e2teau de Miglos<\/title>\n<meta name=\"robots\" content=\"index, follow, max-snippet:-1, max-image-preview:large, max-video-preview:-1\" \/>\n<link rel=\"canonical\" href=\"https:\/\/chateau-miglos.fr\/wordpress-test\/2021\/06\/22\/le-programme-de-lete-2021-au-chateau-de-miglos\/\" \/>\n<meta property=\"og:locale\" content=\"fr_FR\" \/>\n<meta property=\"og:type\" content=\"article\" \/>\n<meta property=\"og:title\" content=\"Le programme de l&#039;\u00e9t\u00e9 2021 au ch\u00e2teau de Miglos - Ch\u00e2teau de Miglos\" \/>\n<meta property=\"og:description\" content=\"Programme complet de l&#8217;\u00e9t\u00e9 2021 15 juillet &#8211; 31 juillet &#8211; 7 ao\u00fbt 2021 Jeudi 15 juillet 2021 \u00e0 19h: Concert Jazz au pied du ch\u00e2teau par les musiciens du ...\" \/>\n<meta property=\"og:url\" content=\"https:\/\/chateau-miglos.fr\/wordpress-test\/2021\/06\/22\/le-programme-de-lete-2021-au-chateau-de-miglos\/\" \/>\n<meta property=\"og:site_name\" content=\"Ch\u00e2teau de Miglos\" \/>\n<meta property=\"article:publisher\" content=\"https:\/\/www.facebook.com\/chateaudemiglos\/\" \/>\n<meta property=\"article:published_time\" content=\"2021-06-21T23:34:53+00:00\" \/>\n<meta property=\"article:modified_time\" content=\"2023-06-29T02:05:46+00:00\" \/>\n<meta property=\"og:image\" content=\"https:\/\/chateau-miglos.fr\/wordpress-test\/wp-content\/uploads\/2021\/06\/avant-reseau-ete2021.png\" \/>\n\t<meta property=\"og:image:width\" content=\"500\" \/>\n\t<meta property=\"og:image:height\" content=\"261\" \/>\n\t<meta property=\"og:image:type\" content=\"image\/png\" \/>\n<meta name=\"author\" content=\"AACM\" \/>\n<meta name=\"twitter:card\" content=\"summary_large_image\" \/>\n<meta name=\"twitter:image\" content=\"https:\/\/chateau-miglos.fr\/wordpress-test\/wp-content\/uploads\/2021\/06\/avant-reseau-ete2021.png\" \/>\n<meta name=\"twitter:label1\" content=\"\u00c9crit par\" \/>\n\t<meta name=\"twitter:data1\" content=\"AACM\" \/>\n\t<meta name=\"twitter:label2\" content=\"Dur\u00e9e de lecture estim\u00e9e\" \/>\n\t<meta name=\"twitter:data2\" content=\"4 minutes\" \/>\n<script type=\"application\/ld+json\" class=\"yoast-schema-graph\">{\"@context\":\"https:\/\/schema.org\",\"@graph\":[{\"@type\":\"Article\",\"@id\":\"https:\/\/chateau-miglos.fr\/wordpress-test\/2021\/06\/22\/le-programme-de-lete-2021-au-chateau-de-miglos\/#article\",\"isPartOf\":{\"@id\":\"https:\/\/chateau-miglos.fr\/wordpress-test\/2021\/06\/22\/le-programme-de-lete-2021-au-chateau-de-miglos\/\"},\"author\":{\"name\":\"AACM\",\"@id\":\"https:\/\/chateau-miglos.fr\/wordpress-test\/#\/schema\/person\/c7c9d611967a7bba7db9f7d72154455e\"},\"headline\":\"Le programme de l&#8217;\u00e9t\u00e9 2021 au ch\u00e2teau de Miglos\",\"datePublished\":\"2021-06-21T23:34:53+00:00\",\"dateModified\":\"2023-06-29T02:05:46+00:00\",\"mainEntityOfPage\":{\"@id\":\"https:\/\/chateau-miglos.fr\/wordpress-test\/2021\/06\/22\/le-programme-de-lete-2021-au-chateau-de-miglos\/\"},\"wordCount\":467,\"publisher\":{\"@id\":\"https:\/\/chateau-miglos.fr\/wordpress-test\/#organization\"},\"image\":{\"@id\":\"https:\/\/chateau-miglos.fr\/wordpress-test\/2021\/06\/22\/le-programme-de-lete-2021-au-chateau-de-miglos\/#primaryimage\"},\"thumbnailUrl\":\"https:\/\/chateau-miglos.fr\/wordpress-test\/wp-content\/uploads\/2021\/06\/avant-ete2021.png\",\"articleSection\":[\"Actualit\u00e9s\",\"BAL TRAD\",\"\u00c9t\u00e9 2021\",\"Exposition\",\"Spectacles\",\"Veill\u00e9e\"],\"inLanguage\":\"fr-FR\"},{\"@type\":\"WebPage\",\"@id\":\"https:\/\/chateau-miglos.fr\/wordpress-test\/2021\/06\/22\/le-programme-de-lete-2021-au-chateau-de-miglos\/\",\"url\":\"https:\/\/chateau-miglos.fr\/wordpress-test\/2021\/06\/22\/le-programme-de-lete-2021-au-chateau-de-miglos\/\",\"name\":\"Le programme de l'\u00e9t\u00e9 2021 au ch\u00e2teau de Miglos - Ch\u00e2teau de Miglos\",\"isPartOf\":{\"@id\":\"https:\/\/chateau-miglos.fr\/wordpress-test\/#website\"},\"primaryImageOfPage\":{\"@id\":\"https:\/\/chateau-miglos.fr\/wordpress-test\/2021\/06\/22\/le-programme-de-lete-2021-au-chateau-de-miglos\/#primaryimage\"},\"image\":{\"@id\":\"https:\/\/chateau-miglos.fr\/wordpress-test\/2021\/06\/22\/le-programme-de-lete-2021-au-chateau-de-miglos\/#primaryimage\"},\"thumbnailUrl\":\"https:\/\/chateau-miglos.fr\/wordpress-test\/wp-content\/uploads\/2021\/06\/avant-ete2021.png\",\"datePublished\":\"2021-06-21T23:34:53+00:00\",\"dateModified\":\"2023-06-29T02:05:46+00:00\",\"breadcrumb\":{\"@id\":\"https:\/\/chateau-miglos.fr\/wordpress-test\/2021\/06\/22\/le-programme-de-lete-2021-au-chateau-de-miglos\/#breadcrumb\"},\"inLanguage\":\"fr-FR\",\"potentialAction\":[{\"@type\":\"ReadAction\",\"target\":[\"https:\/\/chateau-miglos.fr\/wordpress-test\/2021\/06\/22\/le-programme-de-lete-2021-au-chateau-de-miglos\/\"]}]},{\"@type\":\"ImageObject\",\"inLanguage\":\"fr-FR\",\"@id\":\"https:\/\/chateau-miglos.fr\/wordpress-test\/2021\/06\/22\/le-programme-de-lete-2021-au-chateau-de-miglos\/#primaryimage\",\"url\":\"https:\/\/chateau-miglos.fr\/wordpress-test\/wp-content\/uploads\/2021\/06\/avant-ete2021.png\",\"contentUrl\":\"https:\/\/chateau-miglos.fr\/wordpress-test\/wp-content\/uploads\/2021\/06\/avant-ete2021.png\",\"width\":300,\"height\":150},{\"@type\":\"BreadcrumbList\",\"@id\":\"https:\/\/chateau-miglos.fr\/wordpress-test\/2021\/06\/22\/le-programme-de-lete-2021-au-chateau-de-miglos\/#breadcrumb\",\"itemListElement\":[{\"@type\":\"ListItem\",\"position\":1,\"name\":\"Accueil\",\"item\":\"https:\/\/chateau-miglos.fr\/wordpress-test\/\"},{\"@type\":\"ListItem\",\"position\":2,\"name\":\"Le programme de l&#8217;\u00e9t\u00e9 2021 au ch\u00e2teau de Miglos\"}]},{\"@type\":\"WebSite\",\"@id\":\"https:\/\/chateau-miglos.fr\/wordpress-test\/#website\",\"url\":\"https:\/\/chateau-miglos.fr\/wordpress-test\/\",\"name\":\"Ch\u00e2teau de Miglos\",\"description\":\"une ch\u00e2teau, une vall\u00e9e\",\"publisher\":{\"@id\":\"https:\/\/chateau-miglos.fr\/wordpress-test\/#organization\"},\"potentialAction\":[{\"@type\":\"SearchAction\",\"target\":{\"@type\":\"EntryPoint\",\"urlTemplate\":\"https:\/\/chateau-miglos.fr\/wordpress-test\/?s={search_term_string}\"},\"query-input\":\"required name=search_term_string\"}],\"inLanguage\":\"fr-FR\"},{\"@type\":\"Organization\",\"@id\":\"https:\/\/chateau-miglos.fr\/wordpress-test\/#organization\",\"name\":\"Ch\u00e2teau de Miglos\",\"url\":\"https:\/\/chateau-miglos.fr\/wordpress-test\/\",\"logo\":{\"@type\":\"ImageObject\",\"inLanguage\":\"fr-FR\",\"@id\":\"https:\/\/chateau-miglos.fr\/wordpress-test\/#\/schema\/logo\/image\/\",\"url\":\"https:\/\/chateau-miglos.fr\/wordpress-test\/wp-content\/uploads\/2019\/06\/seul.png\",\"contentUrl\":\"https:\/\/chateau-miglos.fr\/wordpress-test\/wp-content\/uploads\/2019\/06\/seul.png\",\"width\":801,\"height\":705,\"caption\":\"Ch\u00e2teau de Miglos\"},\"image\":{\"@id\":\"https:\/\/chateau-miglos.fr\/wordpress-test\/#\/schema\/logo\/image\/\"},\"sameAs\":[\"https:\/\/www.facebook.com\/chateaudemiglos\/\",\"https:\/\/www.instagram.com\/chateaudemiglos\/\",\"https:\/\/www.youtube.com\/channel\/UC70FrOmo9xvq8eHCA4YTs9A\",\"https:\/\/fr.wikipedia.org\/wiki\/Ch\u00e2teau_de_Miglos\"]},{\"@type\":\"Person\",\"@id\":\"https:\/\/chateau-miglos.fr\/wordpress-test\/#\/schema\/person\/c7c9d611967a7bba7db9f7d72154455e\",\"name\":\"AACM\",\"image\":{\"@type\":\"ImageObject\",\"inLanguage\":\"fr-FR\",\"@id\":\"https:\/\/chateau-miglos.fr\/wordpress-test\/#\/schema\/person\/image\/\",\"url\":\"https:\/\/secure.gravatar.com\/avatar\/b704daf4c3f56428875cf047b8f9eb25?s=96&d=mm&r=g\",\"contentUrl\":\"https:\/\/secure.gravatar.com\/avatar\/b704daf4c3f56428875cf047b8f9eb25?s=96&d=mm&r=g\",\"caption\":\"AACM\"}}]}<\/script>\n<!-- \/ Yoast SEO plugin. -->","yoast_head_json":{"title":"Le programme de l'\u00e9t\u00e9 2021 au ch\u00e2teau de Miglos - Ch\u00e2teau de Miglos","robots":{"index":"index","follow":"follow","max-snippet":"max-snippet:-1","max-image-preview":"max-image-preview:large","max-video-preview":"max-video-preview:-1"},"canonical":"https:\/\/chateau-miglos.fr\/wordpress-test\/2021\/06\/22\/le-programme-de-lete-2021-au-chateau-de-miglos\/","og_locale":"fr_FR","og_type":"article","og_title":"Le programme de l'\u00e9t\u00e9 2021 au ch\u00e2teau de Miglos - Ch\u00e2teau de Miglos","og_description":"Programme complet de l&#8217;\u00e9t\u00e9 2021 15 juillet &#8211; 31 juillet &#8211; 7 ao\u00fbt 2021 Jeudi 15 juillet 2021 \u00e0 19h: Concert Jazz au pied du ch\u00e2teau par les musiciens du ...","og_url":"https:\/\/chateau-miglos.fr\/wordpress-test\/2021\/06\/22\/le-programme-de-lete-2021-au-chateau-de-miglos\/","og_site_name":"Ch\u00e2teau de Miglos","article_publisher":"https:\/\/www.facebook.com\/chateaudemiglos\/","article_published_time":"2021-06-21T23:34:53+00:00","article_modified_time":"2023-06-29T02:05:46+00:00","og_image":[{"width":500,"height":261,"url":"https:\/\/chateau-miglos.fr\/wordpress-test\/wp-content\/uploads\/2021\/06\/avant-reseau-ete2021.png","type":"image\/png"}],"author":"AACM","twitter_card":"summary_large_image","twitter_image":"https:\/\/chateau-miglos.fr\/wordpress-test\/wp-content\/uploads\/2021\/06\/avant-reseau-ete2021.png","twitter_misc":{"\u00c9crit par":"AACM","Dur\u00e9e de lecture estim\u00e9e":"4 minutes"},"schema":{"@context":"https:\/\/schema.org","@graph":[{"@type":"Article","@id":"https:\/\/chateau-miglos.fr\/wordpress-test\/2021\/06\/22\/le-programme-de-lete-2021-au-chateau-de-miglos\/#article","isPartOf":{"@id":"https:\/\/chateau-miglos.fr\/wordpress-test\/2021\/06\/22\/le-programme-de-lete-2021-au-chateau-de-miglos\/"},"author":{"name":"AACM","@id":"https:\/\/chateau-miglos.fr\/wordpress-test\/#\/schema\/person\/c7c9d611967a7bba7db9f7d72154455e"},"headline":"Le programme de l&#8217;\u00e9t\u00e9 2021 au ch\u00e2teau de Miglos","datePublished":"2021-06-21T23:34:53+00:00","dateModified":"2023-06-29T02:05:46+00:00","mainEntityOfPage":{"@id":"https:\/\/chateau-miglos.fr\/wordpress-test\/2021\/06\/22\/le-programme-de-lete-2021-au-chateau-de-miglos\/"},"wordCount":467,"publisher":{"@id":"https:\/\/chateau-miglos.fr\/wordpress-test\/#organization"},"image":{"@id":"https:\/\/chateau-miglos.fr\/wordpress-test\/2021\/06\/22\/le-programme-de-lete-2021-au-chateau-de-miglos\/#primaryimage"},"thumbnailUrl":"https:\/\/chateau-miglos.fr\/wordpress-test\/wp-content\/uploads\/2021\/06\/avant-ete2021.png","articleSection":["Actualit\u00e9s","BAL TRAD","\u00c9t\u00e9 2021","Exposition","Spectacles","Veill\u00e9e"],"inLanguage":"fr-FR"},{"@type":"WebPage","@id":"https:\/\/chateau-miglos.fr\/wordpress-test\/2021\/06\/22\/le-programme-de-lete-2021-au-chateau-de-miglos\/","url":"https:\/\/chateau-miglos.fr\/wordpress-test\/2021\/06\/22\/le-programme-de-lete-2021-au-chateau-de-miglos\/","name":"Le programme de l'\u00e9t\u00e9 2021 au ch\u00e2teau de Miglos - Ch\u00e2teau de Miglos","isPartOf":{"@id":"https:\/\/chateau-miglos.fr\/wordpress-test\/#website"},"primaryImageOfPage":{"@id":"https:\/\/chateau-miglos.fr\/wordpress-test\/2021\/06\/22\/le-programme-de-lete-2021-au-chateau-de-miglos\/#primaryimage"},"image":{"@id":"https:\/\/chateau-miglos.fr\/wordpress-test\/2021\/06\/22\/le-programme-de-lete-2021-au-chateau-de-miglos\/#primaryimage"},"thumbnailUrl":"https:\/\/chateau-miglos.fr\/wordpress-test\/wp-content\/uploads\/2021\/06\/avant-ete2021.png","datePublished":"2021-06-21T23:34:53+00:00","dateModified":"2023-06-29T02:05:46+00:00","breadcrumb":{"@id":"https:\/\/chateau-miglos.fr\/wordpress-test\/2021\/06\/22\/le-programme-de-lete-2021-au-chateau-de-miglos\/#breadcrumb"},"inLanguage":"fr-FR","potentialAction":[{"@type":"ReadAction","target":["https:\/\/chateau-miglos.fr\/wordpress-test\/2021\/06\/22\/le-programme-de-lete-2021-au-chateau-de-miglos\/"]}]},{"@type":"ImageObject","inLanguage":"fr-FR","@id":"https:\/\/chateau-miglos.fr\/wordpress-test\/2021\/06\/22\/le-programme-de-lete-2021-au-chateau-de-miglos\/#primaryimage","url":"https:\/\/chateau-miglos.fr\/wordpress-test\/wp-content\/uploads\/2021\/06\/avant-ete2021.png","contentUrl":"https:\/\/chateau-miglos.fr\/wordpress-test\/wp-content\/uploads\/2021\/06\/avant-ete2021.png","width":300,"height":150},{"@type":"BreadcrumbList","@id":"https:\/\/chateau-miglos.fr\/wordpress-test\/2021\/06\/22\/le-programme-de-lete-2021-au-chateau-de-miglos\/#breadcrumb","itemListElement":[{"@type":"ListItem","position":1,"name":"Accueil","item":"https:\/\/chateau-miglos.fr\/wordpress-test\/"},{"@type":"ListItem","position":2,"name":"Le programme de l&#8217;\u00e9t\u00e9 2021 au ch\u00e2teau de Miglos"}]},{"@type":"WebSite","@id":"https:\/\/chateau-miglos.fr\/wordpress-test\/#website","url":"https:\/\/chateau-miglos.fr\/wordpress-test\/","name":"Ch\u00e2teau de Miglos","description":"une ch\u00e2teau, une vall\u00e9e","publisher":{"@id":"https:\/\/chateau-miglos.fr\/wordpress-test\/#organization"},"potentialAction":[{"@type":"SearchAction","target":{"@type":"EntryPoint","urlTemplate":"https:\/\/chateau-miglos.fr\/wordpress-test\/?s={search_term_string}"},"query-input":"required name=search_term_string"}],"inLanguage":"fr-FR"},{"@type":"Organization","@id":"https:\/\/chateau-miglos.fr\/wordpress-test\/#organization","name":"Ch\u00e2teau de Miglos","url":"https:\/\/chateau-miglos.fr\/wordpress-test\/","logo":{"@type":"ImageObject","inLanguage":"fr-FR","@id":"https:\/\/chateau-miglos.fr\/wordpress-test\/#\/schema\/logo\/image\/","url":"https:\/\/chateau-miglos.fr\/wordpress-test\/wp-content\/uploads\/2019\/06\/seul.png","contentUrl":"https:\/\/chateau-miglos.fr\/wordpress-test\/wp-content\/uploads\/2019\/06\/seul.png","width":801,"height":705,"caption":"Ch\u00e2teau de Miglos"},"image":{"@id":"https:\/\/chateau-miglos.fr\/wordpress-test\/#\/schema\/logo\/image\/"},"sameAs":["https:\/\/www.facebook.com\/chateaudemiglos\/","https:\/\/www.instagram.com\/chateaudemiglos\/","https:\/\/www.youtube.com\/channel\/UC70FrOmo9xvq8eHCA4YTs9A","https:\/\/fr.wikipedia.org\/wiki\/Ch\u00e2teau_de_Miglos"]},{"@type":"Person","@id":"https:\/\/chateau-miglos.fr\/wordpress-test\/#\/schema\/person\/c7c9d611967a7bba7db9f7d72154455e","name":"AACM","image":{"@type":"ImageObject","inLanguage":"fr-FR","@id":"https:\/\/chateau-miglos.fr\/wordpress-test\/#\/schema\/person\/image\/","url":"https:\/\/secure.gravatar.com\/avatar\/b704daf4c3f56428875cf047b8f9eb25?s=96&d=mm&r=g","contentUrl":"https:\/\/secure.gravatar.com\/avatar\/b704daf4c3f56428875cf047b8f9eb25?s=96&d=mm&r=g","caption":"AACM"}}]}},"jetpack_featured_media_url":"https:\/\/chateau-miglos.fr\/wordpress-test\/wp-content\/uploads\/2021\/06\/avant-ete2021.png","rttpg_featured_image_url":{"full":["https:\/\/chateau-miglos.fr\/wordpress-test\/wp-content\/uploads\/2021\/06\/avant-ete2021.png",300,150,false],"landscape":["https:\/\/chateau-miglos.fr\/wordpress-test\/wp-content\/uploads\/2021\/06\/avant-ete2021.png",300,150,false],"portraits":["https:\/\/chateau-miglos.fr\/wordpress-test\/wp-content\/uploads\/2021\/06\/avant-ete2021.png",300,150,false],"thumbnail":["https:\/\/chateau-miglos.fr\/wordpress-test\/wp-content\/uploads\/2021\/06\/avant-ete2021-150x150.png",150,150,true],"medium":["https:\/\/chateau-miglos.fr\/wordpress-test\/wp-content\/uploads\/2021\/06\/avant-ete2021.png",300,150,false],"large":["https:\/\/chateau-miglos.fr\/wordpress-test\/wp-content\/uploads\/2021\/06\/avant-ete2021.png",300,150,false],"1536x1536":["https:\/\/chateau-miglos.fr\/wordpress-test\/wp-content\/uploads\/2021\/06\/avant-ete2021.png",300,150,false],"2048x2048":["https:\/\/chateau-miglos.fr\/wordpress-test\/wp-content\/uploads\/2021\/06\/avant-ete2021.png",300,150,false],"onepress-blog-small":["https:\/\/chateau-miglos.fr\/wordpress-test\/wp-content\/uploads\/2021\/06\/avant-ete2021-300x150.png",300,150,true],"onepress-small":["https:\/\/chateau-miglos.fr\/wordpress-test\/wp-content\/uploads\/2021\/06\/avant-ete2021.png",300,150,false],"onepress-medium":["https:\/\/chateau-miglos.fr\/wordpress-test\/wp-content\/uploads\/2021\/06\/avant-ete2021.png",300,150,false],"sow-carousel-default":["https:\/\/chateau-miglos.fr\/wordpress-test\/wp-content\/uploads\/2021\/06\/avant-ete2021-272x150.png",272,150,true]},"rttpg_author":{"display_name":"AACM","author_link":"https:\/\/chateau-miglos.fr\/wordpress-test\/author\/aacm\/"},"rttpg_comment":0,"rttpg_category":"<a href=\"https:\/\/chateau-miglos.fr\/wordpress-test\/category\/actualites\/\" rel=\"category tag\">Actualit\u00e9s<\/a> <a href=\"https:\/\/chateau-miglos.fr\/wordpress-test\/category\/bal-trad\/\" rel=\"category tag\">BAL TRAD<\/a> <a href=\"https:\/\/chateau-miglos.fr\/wordpress-test\/category\/ete-2021\/\" rel=\"category tag\">\u00c9t\u00e9 2021<\/a> <a href=\"https:\/\/chateau-miglos.fr\/wordpress-test\/category\/exposition\/\" rel=\"category tag\">Exposition<\/a> <a href=\"https:\/\/chateau-miglos.fr\/wordpress-test\/category\/spectacles\/\" rel=\"category tag\">Spectacles<\/a> <a href=\"https:\/\/chateau-miglos.fr\/wordpress-test\/category\/veillee\/\" rel=\"category tag\">Veill\u00e9e<\/a>","rttpg_excerpt":"Programme complet de l&#8217;\u00e9t\u00e9 2021 15 juillet &#8211; 31 juillet &#8211; 7 ao\u00fbt 2021 Jeudi 15 juillet 2021 \u00e0 19h: Concert Jazz au pied du ch\u00e2teau par les musiciens du ...","_links":{"self":[{"href":"https:\/\/chateau-miglos.fr\/wordpress-test\/wp-json\/wp\/v2\/posts\/7158"}],"collection":[{"href":"https:\/\/chateau-miglos.fr\/wordpress-test\/wp-json\/wp\/v2\/posts"}],"about":[{"href":"https:\/\/chateau-miglos.fr\/wordpress-test\/wp-json\/wp\/v2\/types\/post"}],"author":[{"embeddable":true,"href":"https:\/\/chateau-miglos.fr\/wordpress-test\/wp-json\/wp\/v2\/users\/2"}],"replies":[{"embeddable":true,"href":"https:\/\/chateau-miglos.fr\/wordpress-test\/wp-json\/wp\/v2\/comments?post=7158"}],"version-history":[{"count":14,"href":"https:\/\/chateau-miglos.fr\/wordpress-test\/wp-json\/wp\/v2\/posts\/7158\/revisions"}],"predecessor-version":[{"id":8730,"href":"https:\/\/chateau-miglos.fr\/wordpress-test\/wp-json\/wp\/v2\/posts\/7158\/revisions\/8730"}],"wp:featuredmedia":[{"embeddable":true,"href":"https:\/\/chateau-miglos.fr\/wordpress-test\/wp-json\/wp\/v2\/media\/7165"}],"wp:attachment":[{"href":"https:\/\/chateau-miglos.fr\/wordpress-test\/wp-json\/wp\/v2\/media?parent=7158"}],"wp:term":[{"taxonomy":"category","embeddable":true,"href":"https:\/\/chateau-miglos.fr\/wordpress-test\/wp-json\/wp\/v2\/categories?post=7158"},{"taxonomy":"post_tag","embeddable":true,"href":"https:\/\/chateau-miglos.fr\/wordpress-test\/wp-json\/wp\/v2\/tags?post=7158"}],"curies":[{"name":"wp","href":"https:\/\/api.w.org\/{rel}","templated":true}]}}