{"id":7149,"date":"2021-06-21T21:08:18","date_gmt":"2021-06-21T19:08:18","guid":{"rendered":"https:\/\/chateau-miglos.fr\/wordpress-test\/?p=7149"},"modified":"2021-07-28T23:46:20","modified_gmt":"2021-07-28T21:46:20","slug":"balade-contee-autour-du-chateau-de-miglos-2","status":"publish","type":"post","link":"https:\/\/chateau-miglos.fr\/wordpress-test\/2021\/06\/21\/balade-contee-autour-du-chateau-de-miglos-2\/","title":{"rendered":"Balade cont\u00e9e autour du ch\u00e2teau de Miglos &#8211; 31 juillet 2021"},"content":{"rendered":"\n<h2 class=\"wp-block-heading\">Samedi 31 juillet 2021<\/h2>\n\n\n\n<div class=\"wp-block-media-text alignwide has-media-on-the-right is-stacked-on-mobile\"><figure class=\"wp-block-media-text__media\"><a href=\"https:\/\/chateau-miglos.fr\/wordpress-test\/wp-content\/uploads\/2021\/06\/balade-contee-2021.png\" data-rel=\"lightbox-gallery-x3dz0GW3\" data-rl_title=\"Balade cont\u00e9e autour du ch\u00e2teau de Miglos &#8211; 31 juillet 2021\" data-rl_caption=\"\" title=\"Balade cont\u00e9e autour du ch\u00e2teau de Miglos &#8211; 31 juillet 2021\"><img loading=\"lazy\" decoding=\"async\" width=\"724\" height=\"1024\" src=\"https:\/\/chateau-miglos.fr\/wordpress-test\/wp-content\/uploads\/2021\/06\/balade-contee-2021.png\" alt=\"\" class=\"wp-image-7003 size-medium\"\/><\/a><\/figure><div class=\"wp-block-media-text__content\">\n<h3 class=\"wp-block-heading\">Une balade cont\u00e9e et th\u00e9\u00e2tralis\u00e9e pour d\u00e9couvrir le chemin autour du ch\u00e2teau de Miglos<\/h3>\n\n\n\n<p><strong>Mademoiselle Eug\u00e9nie<\/strong>, institutrice en 1913, arrive de Toulouse pour enseigner \u00e0 l\u2019\u00e9cole communale de Miglos, o\u00f9 elle fait sa rentr\u00e9e scolaire.<\/p>\n\n\n\n<p>Soucieuse de r\u00e9pondre aux exigences de l\u2019Inspecteur d\u2019Acad\u00e9mie, elle fait de son mieux pour instruire filles et gar\u00e7ons, alternant l\u2019histoire du village et de son d\u00e9partement. Mais au fil de la promenade, Mademoiselle Eug\u00e9nie s\u2019\u00e9gare\u2026 Au d\u00e9tour de l&#8217;\u00e9glise, d\u2019un roc, d\u2019un point de vue, du ch\u00e2teau elle raconte de vraies l\u00e9gendes et de fausses histoires.<\/p>\n\n\n\n<p>Un peu press\u00e9e par sa prochaine rentr\u00e9e scolaire, elle d\u00e9ambule, s\u2019interroge, s\u2019\u00e9merveille, avec les visiteurs qui la suivent, de sa nouvelle commune d\u2019affectation. L\u2019institutrice s\u2019\u00e9tonne des histoires secr\u00e8tes d\u00e9nich\u00e9es dans les registres des archives au cours de recherches avec sa cousine Henriette. Pr\u00e9textant \u00eatre int\u00e9ress\u00e9e par l&#8217;\u00e9glise, elle \u00e9voque ces \u00e9v\u00e9nements pittoresques qui donnent leurs couleurs au village du d\u00e9but du XXe si\u00e8cle.<\/p>\n\n\n\n<p>la vision tr\u00e8s acad\u00e9mique et stricte qu\u2019elle peut avoir, portant haut les valeurs de la R\u00e9publique, se m\u00ealent les apart\u00e9s sur les scandales divers et les \u00ab coquineries \u00bb de la vie quotidienne.<\/p>\n\n\n\n<h4 class=\"has-text-align-center wp-block-heading\"><strong>R\u00e9servation nominative obligatoire<\/strong><\/h4>\n\n\n\n<h4 class=\"has-text-align-center has-vivid-red-color has-text-color wp-block-heading\"><strong>Formulaire en ligne ci-dessous<\/strong><\/h4>\n\n\n\n<h4 class=\"has-text-align-center has-vivid-red-color has-text-color wp-block-heading\"><strong>ou au : 06 52 88 73 53<\/strong><\/h4>\n\n\n\n<p class=\"has-text-align-center\"><strong>GRATUIT \u2013 SUR R\u00c9SERVATION UNIQUEMENT<\/strong><\/p>\n\n\n\n<p>Formulaire ci-dessus<\/p>\n\n\n\n<p>Nous vous accueillons dans le respect des gestes barri\u00e8re et des r\u00e8gles de distanciation.<\/p>\n<\/div><\/div>\n\n\n\n<div class=\"wp-block-file\"><a href=\"https:\/\/chateau-miglos.fr\/wordpress-test\/wp-content\/uploads\/2021\/06\/Balade-contee-2021.pdf\">Balade-contee-2021<\/a><a href=\"https:\/\/chateau-miglos.fr\/wordpress-test\/wp-content\/uploads\/2021\/06\/Balade-contee-2021.pdf\" class=\"wp-block-file__button\" download>T\u00e9l\u00e9charger<\/a><\/div>\n\n\n\n<p class=\"has-text-align-center has-medium-font-size\"> 3 balades cont\u00e9es : <strong>D\u00e9part Parking entr\u00e9e Arquizat-Miglos (route de Niaux, D156)<\/strong><\/p>\n\n\n\n<ul class=\"has-medium-font-size\"><li><strong>10 heures<\/strong> <strong>(Complet)<\/strong><\/li><li><strong>14 heures<\/strong><\/li><li><strong>16 heures (Complet)<\/strong> <\/li><\/ul>\n\n\n\n<p class=\"has-text-align-center has-vivid-red-color has-text-color has-large-font-size\"><strong>R\u00e9servation nominative obligatoire<\/strong><\/p>\n\n\n\n<p class=\"has-text-align-center has-vivid-red-color has-text-color has-medium-font-size\"><strong>Groupe de 25 personnes maximum<\/strong><\/p>\n\n\n\n<iframe loading=\"lazy\" src=\"https:\/\/docs.google.com\/forms\/d\/e\/1FAIpQLSel9CxJ8pkhQQpPgIxGHutwpxqCUdXHIUUpxv2AZNLLwC5k9Q\/viewform?embedded=true\" marginheight=\"0\" marginwidth=\"0\" width=\"700\" height=\"1200\" frameborder=\"0\">Chargement\u2026<\/iframe>\n\n\n\n<hr class=\"wp-block-separator is-style-wide\"\/>\n\n\n\n<p class=\"has-text-align-center has-normal-font-size\"><strong>D\u00e9part Parking entr\u00e9e Arquizat-Miglos (route de Niaux, D156)<\/strong><\/p>\n\n\n\n<div class=\"wp-block-image\"><figure class=\"aligncenter size-large is-resized\"><a href=\"https:\/\/chateau-miglos.fr\/wordpress-test\/wp-content\/uploads\/2021\/06\/depart.png\" data-rel=\"lightbox-gallery-x3dz0GW3\" data-rl_title=\"D\u00e9part de la balade cont\u00e9e du 31 ullet 2021 &#8211; Parking entr\u00e9e Arquizat\" data-rl_caption=\"\" title=\"D\u00e9part de la balade cont\u00e9e du 31 ullet 2021 &#8211; Parking entr\u00e9e Arquizat\"><img loading=\"lazy\" decoding=\"async\" src=\"https:\/\/chateau-miglos.fr\/wordpress-test\/wp-content\/uploads\/2021\/06\/depart-1024x692.png\" alt=\"\" class=\"wp-image-6707\" width=\"512\" height=\"346\"\/><\/a><\/figure><\/div>\n\n\n\n<hr class=\"wp-block-separator is-style-wide\"\/>\n\n\n\n<div class=\"wp-block-group alignwide\"><div class=\"wp-block-group__inner-container is-layout-flow wp-block-group-is-layout-flow\">\n<div class=\"wp-block-group\"><div class=\"wp-block-group__inner-container is-layout-flow wp-block-group-is-layout-flow\">\n<div class=\"wp-block-columns is-layout-flex wp-container-core-columns-layout-1 wp-block-columns-is-layout-flex\">\n<div class=\"wp-block-column is-layout-flow wp-block-column-is-layout-flow\" style=\"flex-basis:33.33%\">\n<figure class=\"wp-block-image size-large\"><a href=\"http:\/\/visites-occitanie.fr\/\" target=\"_blank\" rel=\"noopener\"><img loading=\"lazy\" decoding=\"async\" width=\"255\" height=\"170\" src=\"https:\/\/chateau-miglos.fr\/wordpress-test\/wp-content\/uploads\/2021\/06\/logo-melanie-SAVES-1.png\" alt=\"\" class=\"wp-image-6674\"\/><\/a><figcaption><strong>www.visites-occitanie.fr<\/strong><\/figcaption><\/figure>\n<\/div>\n\n\n\n<div class=\"wp-block-column is-layout-flow wp-block-column-is-layout-flow\" style=\"flex-basis:66.66%\">\n<h4 class=\"wp-block-heading\"><strong>M\u00e9lanie SAVES<\/strong><\/h4>\n\n\n\n<h4 class=\"wp-block-heading\">Guide Conf\u00e9renci\u00e8re<\/h4>\n\n\n\n<p>Patrimoine, Culture, conf\u00e9rences \u2013 Visites th\u00e9\u00e2tralis\u00e9es, chant\u00e9es cont\u00e9es<\/p>\n<\/div>\n<\/div>\n<\/div><\/div>\n<\/div><\/div>\n","protected":false},"excerpt":{"rendered":"<p>Samedi 31 juillet 2021 Une balade cont\u00e9e et th\u00e9\u00e2tralis\u00e9e pour d\u00e9couvrir le chemin autour du ch\u00e2teau de Miglos Mademoiselle Eug\u00e9nie, institutrice en 1913, arrive de Toulouse pour enseigner \u00e0 l\u2019\u00e9cole &#8230;<\/p>\n","protected":false},"author":2,"featured_media":6729,"comment_status":"closed","ping_status":"closed","sticky":false,"template":"","format":"standard","meta":{"ngg_post_thumbnail":0,"footnotes":""},"categories":[4,51,46],"tags":[],"yoast_head":"<!-- This site is optimized with the Yoast SEO plugin v23.0 - https:\/\/yoast.com\/wordpress\/plugins\/seo\/ -->\n<title>Balade cont\u00e9e autour du ch\u00e2teau de Miglos - 31 juillet 2021 - Ch\u00e2teau de Miglos<\/title>\n<meta name=\"description\" content=\"31 juillet 2021 - Mademoiselle Eug\u00e9nie, institutrice en 1913, arrive de Toulouse pour enseigner \u00e0 l\u2019\u00e9cole communale de Miglos, o\u00f9 elle fait sa rentr\u00e9e scolaire.Soucieuse de r\u00e9pondre aux exigences de l\u2019Inspecteur d\u2019Acad\u00e9mie, elle fait de son mieux pour instruire filles et gar\u00e7ons, alternant l\u2019histoire du village et de son d\u00e9partement. Mais au fil de la promenade, Mademoiselle Eug\u00e9nie s\u2019\u00e9gare\u2026 Au d\u00e9tour de l&#039;\u00e9glise, d\u2019un roc, d\u2019un point de vue, du ch\u00e2teau elle raconte de vraies l\u00e9gendes et de fausses histoires.\" \/>\n<meta name=\"robots\" content=\"index, follow, max-snippet:-1, max-image-preview:large, max-video-preview:-1\" \/>\n<link rel=\"canonical\" href=\"https:\/\/chateau-miglos.fr\/wordpress-test\/2021\/06\/21\/balade-contee-autour-du-chateau-de-miglos-2\/\" \/>\n<meta property=\"og:locale\" content=\"fr_FR\" \/>\n<meta property=\"og:type\" content=\"article\" \/>\n<meta property=\"og:title\" content=\"Une balade cont\u00e9e et th\u00e9\u00e2tralis\u00e9e pour d\u00e9couvrir le chemin autour du ch\u00e2teau de Miglos - 31 juillet 2021\" \/>\n<meta property=\"og:description\" content=\"31 juillet 2021 - Mademoiselle Eug\u00e9nie, institutrice en 1913, arrive de Toulouse pour enseigner \u00e0 l\u2019\u00e9cole communale de Miglos, o\u00f9 elle fait sa rentr\u00e9e scolaire.Soucieuse de r\u00e9pondre aux exigences de l\u2019Inspecteur d\u2019Acad\u00e9mie, elle fait de son mieux pour instruire filles et gar\u00e7ons, alternant l\u2019histoire du village et de son d\u00e9partement. Mais au fil de la promenade, Mademoiselle Eug\u00e9nie s\u2019\u00e9gare\u2026 Au d\u00e9tour de l&#039;\u00e9glise, d\u2019un roc, d\u2019un point de vue, du ch\u00e2teau elle raconte de vraies l\u00e9gendes et de fausses histoires.\" \/>\n<meta property=\"og:url\" content=\"https:\/\/chateau-miglos.fr\/wordpress-test\/2021\/06\/21\/balade-contee-autour-du-chateau-de-miglos-2\/\" \/>\n<meta property=\"og:site_name\" content=\"Ch\u00e2teau de Miglos\" \/>\n<meta property=\"article:publisher\" content=\"https:\/\/www.facebook.com\/chateaudemiglos\/\" \/>\n<meta property=\"article:published_time\" content=\"2021-06-21T19:08:18+00:00\" \/>\n<meta property=\"article:modified_time\" content=\"2021-07-28T21:46:20+00:00\" \/>\n<meta property=\"og:image\" content=\"https:\/\/chateau-miglos.fr\/wordpress-test\/wp-content\/uploads\/2021\/06\/avant-reseau-31juillet2021.png\" \/>\n\t<meta property=\"og:image:width\" content=\"500\" \/>\n\t<meta property=\"og:image:height\" content=\"261\" \/>\n\t<meta property=\"og:image:type\" content=\"image\/png\" \/>\n<meta name=\"author\" content=\"AACM\" \/>\n<meta name=\"twitter:card\" content=\"summary_large_image\" \/>\n<meta name=\"twitter:title\" content=\"Une balade cont\u00e9e et th\u00e9\u00e2tralis\u00e9e pour d\u00e9couvrir le chemin autour du ch\u00e2teau de Miglos - 31 juillet 2021\" \/>\n<meta name=\"twitter:description\" content=\"31 juillet 2021 - Mademoiselle Eug\u00e9nie, institutrice en 1913, arrive de Toulouse pour enseigner \u00e0 l\u2019\u00e9cole communale de Miglos, o\u00f9 elle fait sa rentr\u00e9e scolaire.Soucieuse de r\u00e9pondre aux exigences de l\u2019Inspecteur d\u2019Acad\u00e9mie, elle fait de son mieux pour instruire filles et gar\u00e7ons, alternant l\u2019histoire du village et de son d\u00e9partement. Mais au fil de la promenade, Mademoiselle Eug\u00e9nie s\u2019\u00e9gare\u2026 Au d\u00e9tour de l&#039;\u00e9glise, d\u2019un roc, d\u2019un point de vue, du ch\u00e2teau elle raconte de vraies l\u00e9gendes et de fausses histoires.\" \/>\n<meta name=\"twitter:image\" content=\"https:\/\/chateau-miglos.fr\/wordpress-test\/wp-content\/uploads\/2021\/06\/avant-reseau-31juillet2021.png\" \/>\n<meta name=\"twitter:label1\" content=\"\u00c9crit par\" \/>\n\t<meta name=\"twitter:data1\" content=\"AACM\" \/>\n\t<meta name=\"twitter:label2\" content=\"Dur\u00e9e de lecture estim\u00e9e\" \/>\n\t<meta name=\"twitter:data2\" content=\"2 minutes\" \/>\n<script type=\"application\/ld+json\" class=\"yoast-schema-graph\">{\"@context\":\"https:\/\/schema.org\",\"@graph\":[{\"@type\":\"Article\",\"@id\":\"https:\/\/chateau-miglos.fr\/wordpress-test\/2021\/06\/21\/balade-contee-autour-du-chateau-de-miglos-2\/#article\",\"isPartOf\":{\"@id\":\"https:\/\/chateau-miglos.fr\/wordpress-test\/2021\/06\/21\/balade-contee-autour-du-chateau-de-miglos-2\/\"},\"author\":{\"name\":\"AACM\",\"@id\":\"https:\/\/chateau-miglos.fr\/wordpress-test\/#\/schema\/person\/c7c9d611967a7bba7db9f7d72154455e\"},\"headline\":\"Balade cont\u00e9e autour du ch\u00e2teau de Miglos &#8211; 31 juillet 2021\",\"datePublished\":\"2021-06-21T19:08:18+00:00\",\"dateModified\":\"2021-07-28T21:46:20+00:00\",\"mainEntityOfPage\":{\"@id\":\"https:\/\/chateau-miglos.fr\/wordpress-test\/2021\/06\/21\/balade-contee-autour-du-chateau-de-miglos-2\/\"},\"wordCount\":339,\"publisher\":{\"@id\":\"https:\/\/chateau-miglos.fr\/wordpress-test\/#organization\"},\"image\":{\"@id\":\"https:\/\/chateau-miglos.fr\/wordpress-test\/2021\/06\/21\/balade-contee-autour-du-chateau-de-miglos-2\/#primaryimage\"},\"thumbnailUrl\":\"https:\/\/chateau-miglos.fr\/wordpress-test\/wp-content\/uploads\/2018\/06\/avant-31juillet2021.png\",\"articleSection\":[\"Actualit\u00e9s\",\"\u00c9t\u00e9 2021\",\"Spectacles\"],\"inLanguage\":\"fr-FR\"},{\"@type\":\"WebPage\",\"@id\":\"https:\/\/chateau-miglos.fr\/wordpress-test\/2021\/06\/21\/balade-contee-autour-du-chateau-de-miglos-2\/\",\"url\":\"https:\/\/chateau-miglos.fr\/wordpress-test\/2021\/06\/21\/balade-contee-autour-du-chateau-de-miglos-2\/\",\"name\":\"Balade cont\u00e9e autour du ch\u00e2teau de Miglos - 31 juillet 2021 - Ch\u00e2teau de Miglos\",\"isPartOf\":{\"@id\":\"https:\/\/chateau-miglos.fr\/wordpress-test\/#website\"},\"primaryImageOfPage\":{\"@id\":\"https:\/\/chateau-miglos.fr\/wordpress-test\/2021\/06\/21\/balade-contee-autour-du-chateau-de-miglos-2\/#primaryimage\"},\"image\":{\"@id\":\"https:\/\/chateau-miglos.fr\/wordpress-test\/2021\/06\/21\/balade-contee-autour-du-chateau-de-miglos-2\/#primaryimage\"},\"thumbnailUrl\":\"https:\/\/chateau-miglos.fr\/wordpress-test\/wp-content\/uploads\/2018\/06\/avant-31juillet2021.png\",\"datePublished\":\"2021-06-21T19:08:18+00:00\",\"dateModified\":\"2021-07-28T21:46:20+00:00\",\"description\":\"31 juillet 2021 - Mademoiselle Eug\u00e9nie, institutrice en 1913, arrive de Toulouse pour enseigner \u00e0 l\u2019\u00e9cole communale de Miglos, o\u00f9 elle fait sa rentr\u00e9e scolaire.Soucieuse de r\u00e9pondre aux exigences de l\u2019Inspecteur d\u2019Acad\u00e9mie, elle fait de son mieux pour instruire filles et gar\u00e7ons, alternant l\u2019histoire du village et de son d\u00e9partement. Mais au fil de la promenade, Mademoiselle Eug\u00e9nie s\u2019\u00e9gare\u2026 Au d\u00e9tour de l'\u00e9glise, d\u2019un roc, d\u2019un point de vue, du ch\u00e2teau elle raconte de vraies l\u00e9gendes et de fausses histoires.\",\"breadcrumb\":{\"@id\":\"https:\/\/chateau-miglos.fr\/wordpress-test\/2021\/06\/21\/balade-contee-autour-du-chateau-de-miglos-2\/#breadcrumb\"},\"inLanguage\":\"fr-FR\",\"potentialAction\":[{\"@type\":\"ReadAction\",\"target\":[\"https:\/\/chateau-miglos.fr\/wordpress-test\/2021\/06\/21\/balade-contee-autour-du-chateau-de-miglos-2\/\"]}]},{\"@type\":\"ImageObject\",\"inLanguage\":\"fr-FR\",\"@id\":\"https:\/\/chateau-miglos.fr\/wordpress-test\/2021\/06\/21\/balade-contee-autour-du-chateau-de-miglos-2\/#primaryimage\",\"url\":\"https:\/\/chateau-miglos.fr\/wordpress-test\/wp-content\/uploads\/2018\/06\/avant-31juillet2021.png\",\"contentUrl\":\"https:\/\/chateau-miglos.fr\/wordpress-test\/wp-content\/uploads\/2018\/06\/avant-31juillet2021.png\",\"width\":300,\"height\":150},{\"@type\":\"BreadcrumbList\",\"@id\":\"https:\/\/chateau-miglos.fr\/wordpress-test\/2021\/06\/21\/balade-contee-autour-du-chateau-de-miglos-2\/#breadcrumb\",\"itemListElement\":[{\"@type\":\"ListItem\",\"position\":1,\"name\":\"Accueil\",\"item\":\"https:\/\/chateau-miglos.fr\/wordpress-test\/\"},{\"@type\":\"ListItem\",\"position\":2,\"name\":\"Balade cont\u00e9e autour du ch\u00e2teau de Miglos &#8211; 31 juillet 2021\"}]},{\"@type\":\"WebSite\",\"@id\":\"https:\/\/chateau-miglos.fr\/wordpress-test\/#website\",\"url\":\"https:\/\/chateau-miglos.fr\/wordpress-test\/\",\"name\":\"Ch\u00e2teau de Miglos\",\"description\":\"une ch\u00e2teau, une vall\u00e9e\",\"publisher\":{\"@id\":\"https:\/\/chateau-miglos.fr\/wordpress-test\/#organization\"},\"potentialAction\":[{\"@type\":\"SearchAction\",\"target\":{\"@type\":\"EntryPoint\",\"urlTemplate\":\"https:\/\/chateau-miglos.fr\/wordpress-test\/?s={search_term_string}\"},\"query-input\":\"required name=search_term_string\"}],\"inLanguage\":\"fr-FR\"},{\"@type\":\"Organization\",\"@id\":\"https:\/\/chateau-miglos.fr\/wordpress-test\/#organization\",\"name\":\"Ch\u00e2teau de Miglos\",\"url\":\"https:\/\/chateau-miglos.fr\/wordpress-test\/\",\"logo\":{\"@type\":\"ImageObject\",\"inLanguage\":\"fr-FR\",\"@id\":\"https:\/\/chateau-miglos.fr\/wordpress-test\/#\/schema\/logo\/image\/\",\"url\":\"https:\/\/chateau-miglos.fr\/wordpress-test\/wp-content\/uploads\/2019\/06\/seul.png\",\"contentUrl\":\"https:\/\/chateau-miglos.fr\/wordpress-test\/wp-content\/uploads\/2019\/06\/seul.png\",\"width\":801,\"height\":705,\"caption\":\"Ch\u00e2teau de Miglos\"},\"image\":{\"@id\":\"https:\/\/chateau-miglos.fr\/wordpress-test\/#\/schema\/logo\/image\/\"},\"sameAs\":[\"https:\/\/www.facebook.com\/chateaudemiglos\/\",\"https:\/\/www.instagram.com\/chateaudemiglos\/\",\"https:\/\/www.youtube.com\/channel\/UC70FrOmo9xvq8eHCA4YTs9A\",\"https:\/\/fr.wikipedia.org\/wiki\/Ch\u00e2teau_de_Miglos\"]},{\"@type\":\"Person\",\"@id\":\"https:\/\/chateau-miglos.fr\/wordpress-test\/#\/schema\/person\/c7c9d611967a7bba7db9f7d72154455e\",\"name\":\"AACM\",\"image\":{\"@type\":\"ImageObject\",\"inLanguage\":\"fr-FR\",\"@id\":\"https:\/\/chateau-miglos.fr\/wordpress-test\/#\/schema\/person\/image\/\",\"url\":\"https:\/\/secure.gravatar.com\/avatar\/b704daf4c3f56428875cf047b8f9eb25?s=96&d=mm&r=g\",\"contentUrl\":\"https:\/\/secure.gravatar.com\/avatar\/b704daf4c3f56428875cf047b8f9eb25?s=96&d=mm&r=g\",\"caption\":\"AACM\"}}]}<\/script>\n<!-- \/ Yoast SEO plugin. -->","yoast_head_json":{"title":"Balade cont\u00e9e autour du ch\u00e2teau de Miglos - 31 juillet 2021 - Ch\u00e2teau de Miglos","description":"31 juillet 2021 - Mademoiselle Eug\u00e9nie, institutrice en 1913, arrive de Toulouse pour enseigner \u00e0 l\u2019\u00e9cole communale de Miglos, o\u00f9 elle fait sa rentr\u00e9e scolaire.Soucieuse de r\u00e9pondre aux exigences de l\u2019Inspecteur d\u2019Acad\u00e9mie, elle fait de son mieux pour instruire filles et gar\u00e7ons, alternant l\u2019histoire du village et de son d\u00e9partement. Mais au fil de la promenade, Mademoiselle Eug\u00e9nie s\u2019\u00e9gare\u2026 Au d\u00e9tour de l'\u00e9glise, d\u2019un roc, d\u2019un point de vue, du ch\u00e2teau elle raconte de vraies l\u00e9gendes et de fausses histoires.","robots":{"index":"index","follow":"follow","max-snippet":"max-snippet:-1","max-image-preview":"max-image-preview:large","max-video-preview":"max-video-preview:-1"},"canonical":"https:\/\/chateau-miglos.fr\/wordpress-test\/2021\/06\/21\/balade-contee-autour-du-chateau-de-miglos-2\/","og_locale":"fr_FR","og_type":"article","og_title":"Une balade cont\u00e9e et th\u00e9\u00e2tralis\u00e9e pour d\u00e9couvrir le chemin autour du ch\u00e2teau de Miglos - 31 juillet 2021","og_description":"31 juillet 2021 - Mademoiselle Eug\u00e9nie, institutrice en 1913, arrive de Toulouse pour enseigner \u00e0 l\u2019\u00e9cole communale de Miglos, o\u00f9 elle fait sa rentr\u00e9e scolaire.Soucieuse de r\u00e9pondre aux exigences de l\u2019Inspecteur d\u2019Acad\u00e9mie, elle fait de son mieux pour instruire filles et gar\u00e7ons, alternant l\u2019histoire du village et de son d\u00e9partement. Mais au fil de la promenade, Mademoiselle Eug\u00e9nie s\u2019\u00e9gare\u2026 Au d\u00e9tour de l'\u00e9glise, d\u2019un roc, d\u2019un point de vue, du ch\u00e2teau elle raconte de vraies l\u00e9gendes et de fausses histoires.","og_url":"https:\/\/chateau-miglos.fr\/wordpress-test\/2021\/06\/21\/balade-contee-autour-du-chateau-de-miglos-2\/","og_site_name":"Ch\u00e2teau de Miglos","article_publisher":"https:\/\/www.facebook.com\/chateaudemiglos\/","article_published_time":"2021-06-21T19:08:18+00:00","article_modified_time":"2021-07-28T21:46:20+00:00","og_image":[{"width":500,"height":261,"url":"https:\/\/chateau-miglos.fr\/wordpress-test\/wp-content\/uploads\/2021\/06\/avant-reseau-31juillet2021.png","type":"image\/png"}],"author":"AACM","twitter_card":"summary_large_image","twitter_title":"Une balade cont\u00e9e et th\u00e9\u00e2tralis\u00e9e pour d\u00e9couvrir le chemin autour du ch\u00e2teau de Miglos - 31 juillet 2021","twitter_description":"31 juillet 2021 - Mademoiselle Eug\u00e9nie, institutrice en 1913, arrive de Toulouse pour enseigner \u00e0 l\u2019\u00e9cole communale de Miglos, o\u00f9 elle fait sa rentr\u00e9e scolaire.Soucieuse de r\u00e9pondre aux exigences de l\u2019Inspecteur d\u2019Acad\u00e9mie, elle fait de son mieux pour instruire filles et gar\u00e7ons, alternant l\u2019histoire du village et de son d\u00e9partement. Mais au fil de la promenade, Mademoiselle Eug\u00e9nie s\u2019\u00e9gare\u2026 Au d\u00e9tour de l'\u00e9glise, d\u2019un roc, d\u2019un point de vue, du ch\u00e2teau elle raconte de vraies l\u00e9gendes et de fausses histoires.","twitter_image":"https:\/\/chateau-miglos.fr\/wordpress-test\/wp-content\/uploads\/2021\/06\/avant-reseau-31juillet2021.png","twitter_misc":{"\u00c9crit par":"AACM","Dur\u00e9e de lecture estim\u00e9e":"2 minutes"},"schema":{"@context":"https:\/\/schema.org","@graph":[{"@type":"Article","@id":"https:\/\/chateau-miglos.fr\/wordpress-test\/2021\/06\/21\/balade-contee-autour-du-chateau-de-miglos-2\/#article","isPartOf":{"@id":"https:\/\/chateau-miglos.fr\/wordpress-test\/2021\/06\/21\/balade-contee-autour-du-chateau-de-miglos-2\/"},"author":{"name":"AACM","@id":"https:\/\/chateau-miglos.fr\/wordpress-test\/#\/schema\/person\/c7c9d611967a7bba7db9f7d72154455e"},"headline":"Balade cont\u00e9e autour du ch\u00e2teau de Miglos &#8211; 31 juillet 2021","datePublished":"2021-06-21T19:08:18+00:00","dateModified":"2021-07-28T21:46:20+00:00","mainEntityOfPage":{"@id":"https:\/\/chateau-miglos.fr\/wordpress-test\/2021\/06\/21\/balade-contee-autour-du-chateau-de-miglos-2\/"},"wordCount":339,"publisher":{"@id":"https:\/\/chateau-miglos.fr\/wordpress-test\/#organization"},"image":{"@id":"https:\/\/chateau-miglos.fr\/wordpress-test\/2021\/06\/21\/balade-contee-autour-du-chateau-de-miglos-2\/#primaryimage"},"thumbnailUrl":"https:\/\/chateau-miglos.fr\/wordpress-test\/wp-content\/uploads\/2018\/06\/avant-31juillet2021.png","articleSection":["Actualit\u00e9s","\u00c9t\u00e9 2021","Spectacles"],"inLanguage":"fr-FR"},{"@type":"WebPage","@id":"https:\/\/chateau-miglos.fr\/wordpress-test\/2021\/06\/21\/balade-contee-autour-du-chateau-de-miglos-2\/","url":"https:\/\/chateau-miglos.fr\/wordpress-test\/2021\/06\/21\/balade-contee-autour-du-chateau-de-miglos-2\/","name":"Balade cont\u00e9e autour du ch\u00e2teau de Miglos - 31 juillet 2021 - Ch\u00e2teau de Miglos","isPartOf":{"@id":"https:\/\/chateau-miglos.fr\/wordpress-test\/#website"},"primaryImageOfPage":{"@id":"https:\/\/chateau-miglos.fr\/wordpress-test\/2021\/06\/21\/balade-contee-autour-du-chateau-de-miglos-2\/#primaryimage"},"image":{"@id":"https:\/\/chateau-miglos.fr\/wordpress-test\/2021\/06\/21\/balade-contee-autour-du-chateau-de-miglos-2\/#primaryimage"},"thumbnailUrl":"https:\/\/chateau-miglos.fr\/wordpress-test\/wp-content\/uploads\/2018\/06\/avant-31juillet2021.png","datePublished":"2021-06-21T19:08:18+00:00","dateModified":"2021-07-28T21:46:20+00:00","description":"31 juillet 2021 - Mademoiselle Eug\u00e9nie, institutrice en 1913, arrive de Toulouse pour enseigner \u00e0 l\u2019\u00e9cole communale de Miglos, o\u00f9 elle fait sa rentr\u00e9e scolaire.Soucieuse de r\u00e9pondre aux exigences de l\u2019Inspecteur d\u2019Acad\u00e9mie, elle fait de son mieux pour instruire filles et gar\u00e7ons, alternant l\u2019histoire du village et de son d\u00e9partement. Mais au fil de la promenade, Mademoiselle Eug\u00e9nie s\u2019\u00e9gare\u2026 Au d\u00e9tour de l'\u00e9glise, d\u2019un roc, d\u2019un point de vue, du ch\u00e2teau elle raconte de vraies l\u00e9gendes et de fausses histoires.","breadcrumb":{"@id":"https:\/\/chateau-miglos.fr\/wordpress-test\/2021\/06\/21\/balade-contee-autour-du-chateau-de-miglos-2\/#breadcrumb"},"inLanguage":"fr-FR","potentialAction":[{"@type":"ReadAction","target":["https:\/\/chateau-miglos.fr\/wordpress-test\/2021\/06\/21\/balade-contee-autour-du-chateau-de-miglos-2\/"]}]},{"@type":"ImageObject","inLanguage":"fr-FR","@id":"https:\/\/chateau-miglos.fr\/wordpress-test\/2021\/06\/21\/balade-contee-autour-du-chateau-de-miglos-2\/#primaryimage","url":"https:\/\/chateau-miglos.fr\/wordpress-test\/wp-content\/uploads\/2018\/06\/avant-31juillet2021.png","contentUrl":"https:\/\/chateau-miglos.fr\/wordpress-test\/wp-content\/uploads\/2018\/06\/avant-31juillet2021.png","width":300,"height":150},{"@type":"BreadcrumbList","@id":"https:\/\/chateau-miglos.fr\/wordpress-test\/2021\/06\/21\/balade-contee-autour-du-chateau-de-miglos-2\/#breadcrumb","itemListElement":[{"@type":"ListItem","position":1,"name":"Accueil","item":"https:\/\/chateau-miglos.fr\/wordpress-test\/"},{"@type":"ListItem","position":2,"name":"Balade cont\u00e9e autour du ch\u00e2teau de Miglos &#8211; 31 juillet 2021"}]},{"@type":"WebSite","@id":"https:\/\/chateau-miglos.fr\/wordpress-test\/#website","url":"https:\/\/chateau-miglos.fr\/wordpress-test\/","name":"Ch\u00e2teau de Miglos","description":"une ch\u00e2teau, une vall\u00e9e","publisher":{"@id":"https:\/\/chateau-miglos.fr\/wordpress-test\/#organization"},"potentialAction":[{"@type":"SearchAction","target":{"@type":"EntryPoint","urlTemplate":"https:\/\/chateau-miglos.fr\/wordpress-test\/?s={search_term_string}"},"query-input":"required name=search_term_string"}],"inLanguage":"fr-FR"},{"@type":"Organization","@id":"https:\/\/chateau-miglos.fr\/wordpress-test\/#organization","name":"Ch\u00e2teau de Miglos","url":"https:\/\/chateau-miglos.fr\/wordpress-test\/","logo":{"@type":"ImageObject","inLanguage":"fr-FR","@id":"https:\/\/chateau-miglos.fr\/wordpress-test\/#\/schema\/logo\/image\/","url":"https:\/\/chateau-miglos.fr\/wordpress-test\/wp-content\/uploads\/2019\/06\/seul.png","contentUrl":"https:\/\/chateau-miglos.fr\/wordpress-test\/wp-content\/uploads\/2019\/06\/seul.png","width":801,"height":705,"caption":"Ch\u00e2teau de Miglos"},"image":{"@id":"https:\/\/chateau-miglos.fr\/wordpress-test\/#\/schema\/logo\/image\/"},"sameAs":["https:\/\/www.facebook.com\/chateaudemiglos\/","https:\/\/www.instagram.com\/chateaudemiglos\/","https:\/\/www.youtube.com\/channel\/UC70FrOmo9xvq8eHCA4YTs9A","https:\/\/fr.wikipedia.org\/wiki\/Ch\u00e2teau_de_Miglos"]},{"@type":"Person","@id":"https:\/\/chateau-miglos.fr\/wordpress-test\/#\/schema\/person\/c7c9d611967a7bba7db9f7d72154455e","name":"AACM","image":{"@type":"ImageObject","inLanguage":"fr-FR","@id":"https:\/\/chateau-miglos.fr\/wordpress-test\/#\/schema\/person\/image\/","url":"https:\/\/secure.gravatar.com\/avatar\/b704daf4c3f56428875cf047b8f9eb25?s=96&d=mm&r=g","contentUrl":"https:\/\/secure.gravatar.com\/avatar\/b704daf4c3f56428875cf047b8f9eb25?s=96&d=mm&r=g","caption":"AACM"}}]}},"jetpack_featured_media_url":"https:\/\/chateau-miglos.fr\/wordpress-test\/wp-content\/uploads\/2018\/06\/avant-31juillet2021.png","rttpg_featured_image_url":{"full":["https:\/\/chateau-miglos.fr\/wordpress-test\/wp-content\/uploads\/2018\/06\/avant-31juillet2021.png",300,150,false],"landscape":["https:\/\/chateau-miglos.fr\/wordpress-test\/wp-content\/uploads\/2018\/06\/avant-31juillet2021.png",300,150,false],"portraits":["https:\/\/chateau-miglos.fr\/wordpress-test\/wp-content\/uploads\/2018\/06\/avant-31juillet2021.png",300,150,false],"thumbnail":["https:\/\/chateau-miglos.fr\/wordpress-test\/wp-content\/uploads\/2018\/06\/avant-31juillet2021-150x150.png",150,150,true],"medium":["https:\/\/chateau-miglos.fr\/wordpress-test\/wp-content\/uploads\/2018\/06\/avant-31juillet2021.png",300,150,false],"large":["https:\/\/chateau-miglos.fr\/wordpress-test\/wp-content\/uploads\/2018\/06\/avant-31juillet2021.png",300,150,false],"1536x1536":["https:\/\/chateau-miglos.fr\/wordpress-test\/wp-content\/uploads\/2018\/06\/avant-31juillet2021.png",300,150,false],"2048x2048":["https:\/\/chateau-miglos.fr\/wordpress-test\/wp-content\/uploads\/2018\/06\/avant-31juillet2021.png",300,150,false],"onepress-blog-small":["https:\/\/chateau-miglos.fr\/wordpress-test\/wp-content\/uploads\/2018\/06\/avant-31juillet2021-300x150.png",300,150,true],"onepress-small":["https:\/\/chateau-miglos.fr\/wordpress-test\/wp-content\/uploads\/2018\/06\/avant-31juillet2021.png",300,150,false],"onepress-medium":["https:\/\/chateau-miglos.fr\/wordpress-test\/wp-content\/uploads\/2018\/06\/avant-31juillet2021.png",300,150,false],"sow-carousel-default":["https:\/\/chateau-miglos.fr\/wordpress-test\/wp-content\/uploads\/2018\/06\/avant-31juillet2021-272x150.png",272,150,true]},"rttpg_author":{"display_name":"AACM","author_link":"https:\/\/chateau-miglos.fr\/wordpress-test\/author\/aacm\/"},"rttpg_comment":0,"rttpg_category":"<a href=\"https:\/\/chateau-miglos.fr\/wordpress-test\/category\/actualites\/\" rel=\"category tag\">Actualit\u00e9s<\/a> <a href=\"https:\/\/chateau-miglos.fr\/wordpress-test\/category\/ete-2021\/\" rel=\"category tag\">\u00c9t\u00e9 2021<\/a> <a href=\"https:\/\/chateau-miglos.fr\/wordpress-test\/category\/spectacles\/\" rel=\"category tag\">Spectacles<\/a>","rttpg_excerpt":"Samedi 31 juillet 2021 Une balade cont\u00e9e et th\u00e9\u00e2tralis\u00e9e pour d\u00e9couvrir le chemin autour du ch\u00e2teau de Miglos Mademoiselle Eug\u00e9nie, institutrice en 1913, arrive de Toulouse pour enseigner \u00e0 l\u2019\u00e9cole ...","_links":{"self":[{"href":"https:\/\/chateau-miglos.fr\/wordpress-test\/wp-json\/wp\/v2\/posts\/7149"}],"collection":[{"href":"https:\/\/chateau-miglos.fr\/wordpress-test\/wp-json\/wp\/v2\/posts"}],"about":[{"href":"https:\/\/chateau-miglos.fr\/wordpress-test\/wp-json\/wp\/v2\/types\/post"}],"author":[{"embeddable":true,"href":"https:\/\/chateau-miglos.fr\/wordpress-test\/wp-json\/wp\/v2\/users\/2"}],"replies":[{"embeddable":true,"href":"https:\/\/chateau-miglos.fr\/wordpress-test\/wp-json\/wp\/v2\/comments?post=7149"}],"version-history":[{"count":9,"href":"https:\/\/chateau-miglos.fr\/wordpress-test\/wp-json\/wp\/v2\/posts\/7149\/revisions"}],"predecessor-version":[{"id":7767,"href":"https:\/\/chateau-miglos.fr\/wordpress-test\/wp-json\/wp\/v2\/posts\/7149\/revisions\/7767"}],"wp:featuredmedia":[{"embeddable":true,"href":"https:\/\/chateau-miglos.fr\/wordpress-test\/wp-json\/wp\/v2\/media\/6729"}],"wp:attachment":[{"href":"https:\/\/chateau-miglos.fr\/wordpress-test\/wp-json\/wp\/v2\/media?parent=7149"}],"wp:term":[{"taxonomy":"category","embeddable":true,"href":"https:\/\/chateau-miglos.fr\/wordpress-test\/wp-json\/wp\/v2\/categories?post=7149"},{"taxonomy":"post_tag","embeddable":true,"href":"https:\/\/chateau-miglos.fr\/wordpress-test\/wp-json\/wp\/v2\/tags?post=7149"}],"curies":[{"name":"wp","href":"https:\/\/api.w.org\/{rel}","templated":true}]}}