{"id":5496,"date":"2020-04-19T18:34:45","date_gmt":"2020-04-19T16:34:45","guid":{"rendered":"https:\/\/chateau-miglos.fr\/wordpress-test\/?p=5496"},"modified":"2020-04-20T15:20:52","modified_gmt":"2020-04-20T13:20:52","slug":"tableau-deugene-de-malbos-vallee-de-vic-de-sos-1844","status":"publish","type":"post","link":"https:\/\/chateau-miglos.fr\/wordpress-test\/2020\/04\/19\/tableau-deugene-de-malbos-vallee-de-vic-de-sos-1844\/","title":{"rendered":"Tableau d&#8217;Eug\u00e8ne de Malbos   &#8220;Vall\u00e9e de Vic de Sos&#8221; &#8211; 1844"},"content":{"rendered":"\n<div class=\"wp-block-image\"><figure class=\"aligncenter size-large\"><a href=\"https:\/\/chateau-miglos.fr\/wordpress-test\/wp-content\/uploads\/2020\/04\/Vall\u00e9e-de-Vic-de-Sos-malbos-1844.png\" data-rel=\"lightbox-gallery-ENotcfNw\" data-rl_title=\"Tableau d&#8217;Eug\u00e8ne de Malbos &#8220;Vall\u00e9e de Vic de Sos&#8221; 22 Juillet 1844 \u00a9 Mus\u00e9e Paul-Dupuy\" data-rl_caption=\"\" title=\"Tableau d&#8217;Eug\u00e8ne de Malbos &#8220;Vall\u00e9e de Vic de Sos&#8221; 22 Juillet 1844 \u00a9 Mus\u00e9e Paul-Dupuy\"><img loading=\"lazy\" decoding=\"async\" width=\"919\" height=\"650\" src=\"https:\/\/chateau-miglos.fr\/wordpress-test\/wp-content\/uploads\/2020\/04\/Vall\u00e9e-de-Vic-de-Sos-malbos-1844.png\" alt=\"\" class=\"wp-image-5497\"\/><\/a><\/figure><\/div>\n\n\n\n<p class=\"has-text-align-center\"><strong>Tableau d&#8217;Eug\u00e8ne de Malbos  &#8220;Vall\u00e9e de Vic de Sos&#8221; 22 Juillet 1844<br> \u00a9 Mus\u00e9e Paul-Dupuy<\/strong><br> Tous droits r\u00e9serv\u00e9s &#8211; INV. 58.81.4302 Dim 0.317 x 0.404<br> Photographie M. Lefort, mus\u00e9e Paul-Dupuy<\/p>\n\n\n\n<p>Louis Aim\u00e9 Eug\u00e8ne Bastide de Malbos na\u00eet le 21 ao\u00fbt 1811, aux Vans, Ard\u00e8che, dans la famille de sa m\u00e8re ; il est le fils de Jules Bastide de Malbos (1782-1867), savant g\u00e9ologue, anobli par Louis XVIII et de Julie de Lahond\u00e8s Lafig\u00e8re, n\u00e9e protestante, en 1783.<br> Eug\u00e8ne de Malbos est l&#8217;\u00e9l\u00e8ve et l&#8217;ami du peintre toulousain Joseph Latour.<\/p>\n\n\n\n<hr class=\"wp-block-separator\"\/>\n\n\n\n<div class=\"wp-block-image\"><figure class=\"alignleft size-large is-resized\"><a href=\"https:\/\/www.ampdupuy.fr\/\" target=\"_blank\" rel=\"noreferrer noopener\"><img loading=\"lazy\" decoding=\"async\" src=\"https:\/\/chateau-miglos.fr\/wordpress-test\/wp-content\/uploads\/2020\/04\/musee-paul-dupuy.png\" alt=\"\" class=\"wp-image-5504\" width=\"150\" height=\"110\"\/><\/a><figcaption><a rel=\"noreferrer noopener\" aria-label=\" (s\u2019ouvre dans un nouvel onglet)\" href=\"https:\/\/www.ampdupuy.fr\/\" target=\"_blank\">Mus\u00e9e Paul-Dupuy <\/a><\/figcaption><\/figure><\/div>\n\n\n\n<p><strong>Un magnifique mus\u00e9e \u00e0 Toulouse  !<\/strong> <br><strong> Il rouvrira ses portes en 2021\u2026<\/strong><br> Mus\u00e9e Paul-Dupuy<br> 13 rue de la Pleau<br> 31000 Toulouse<\/p>\n\n\n\n<hr class=\"wp-block-separator\"\/>\n\n\n\n<div class=\"wp-block-image\"><figure class=\"alignleft size-large is-resized\"><a href=\"https:\/\/www.facebook.com\/museedupuy\" target=\"_blank\" rel=\"noreferrer noopener\"><img loading=\"lazy\" decoding=\"async\" src=\"https:\/\/chateau-miglos.fr\/wordpress-test\/wp-content\/uploads\/2020\/04\/facebook-dupuy.png\" alt=\"\" class=\"wp-image-5513\" width=\"350\" height=\"118\"\/><\/a><\/figure><\/div>\n\n\n\n<h3 class=\"wp-block-heading\"><strong> <\/strong><\/h3>\n\n\n\n<hr class=\"wp-block-separator\"\/>\n\n\n\n<h3 class=\"wp-block-heading\"><strong>Eug\u00e8ne de Malbos (1811 -1858)<\/strong><\/h3>\n\n\n\n<p>Louis Aim\u00e9 Eug\u00e8ne Bastide de Malbos na\u00eet le 21 ao\u00fbt 1811, aux Vans, Ard\u00e8che, dans la famille de sa m\u00e8re ; il est le fils de Jules Bastide de Malbos (1782-1867), savant g\u00e9ologue, anobli par Louis XVIII et de Julie de Lahond\u00e8s Lafig\u00e8re, n\u00e9e protestante, en 1783. Suzanne (des Hours Calviac) Lahond\u00e8s de Lafig\u00e8re, la grand-m\u00e8re maternelle d&#8217;Eug\u00e8ne, a \u00e9t\u00e9 convertie au catholicisme par un vieux pr\u00eatre, qui comme elle s&#8217;\u00e9tait r\u00e9fugi\u00e9 \u00e0 Pradelles (Hte-Loire), sous la Terreur. Il est donc arri\u00e8re-petit-fils de Anne de Pag\u00e8s Banni\u00e8res soeur de Jean Louis. Il est pr\u00e9nomm\u00e9 Eug\u00e8ne en m\u00e9moire du fr\u00e8re de sa m\u00e8re, Eug\u00e8ne Lahond\u00e8s de Lafig\u00e8re, soldat de Napol\u00e9on tu\u00e9 \u00e0 la bataille de Wagram deux ans auparavant. Il est baptis\u00e9 le 22 ao\u00fbt, son parrain est Jacques Lahond\u00e8s de Lafig\u00e8re son oncle, et sa marraine sa grand-m\u00e8re Marguerite Aubert (de Lamog\u00e8re) la veuve de Louis Bastide de Malbos qui p\u00e9rit dans sa prison de Pont-Saint-Esprit, \u00e9trangl\u00e9 par les r\u00e9volutionnaires pour sa participation au camp de Jal\u00e8s. <\/p>\n\n\n\n<p>Il est l&#8217;a\u00een\u00e9 de quatre enfants. La seconde est Louise, n\u00e9e le 10 janvier 1813, d\u00e9c\u00e9d\u00e9e le 29 mai 1825 \u00e0 l&#8217;\u00e2ge de 12 ans ; le troisi\u00e8me Paulin, n\u00e9 le 10 mai 1814, mort le premier f\u00e9vrier 1900, qui \u00e9pouse Constance de Castillon de Saint Victor d\u00e9c\u00e9d\u00e9e sans enfants, puis Alix de Roussy de Sales, dont nous descendons ; la quatri\u00e8me Am\u00e9lie, n\u00e9e le 5 octobre 1819, po\u00e9tesse (le cardinal de Cabri\u00e8res \u00e9crit : &#8220;on rencontre souvent dans les vers d&#8217;Am\u00e9lie, un style \u00e9l\u00e9gant, des images gracieuses, une suave et touchante harmonie&#8221;. Elle d\u00e9c\u00e8de le 19 juillet 1845 \u00e0 26 ans. Enfin la derni\u00e8re, Eug\u00e9nie, n\u00e9e le 21 octobre 1822, &#8220;morte en odeur de saintet\u00e9&#8221; le 21 janvier 1878. Le Cardinal de Cabri\u00e8res a \u00e9crit sa vie: Lettres et souvenirs, Fran\u00e7oise Eug\u00e9nie de Malbosc, religieuse de l&#8217;Assomption. Montpellier. 1900.<\/p>\n\n\n\n<p>L&#8217;enfance d&#8217;Eug\u00e8ne de Malbos se passe \u00e0 Berrias en Ard\u00e8che. Le Vivarais et sa famille impr\u00e8gnent son esprit. Il s&#8217;int\u00e9resse t\u00f4t \u00e0 Caraman, alors qu&#8217;il fait ses \u00e9tudes de droit et de peinture \u00e0 Toulouse d\u00e8s 1832. Il aide les Tourtoulon \u00e0 g\u00e9rer les m\u00e9tairies de Caraman, mais il ne sera propri\u00e9taire qu&#8217;en 1842 au d\u00e9c\u00e8s de sa tante, et en 1857 apr\u00e8s celui de son oncle usufruitier. Il \u00e9pouse le 30 janvier 1843, \u00e0 Toulouse, Marie Th\u00e9r\u00e8se Louise Philippine de Carayon Talpayrac, fille de Jean Jacques Philippe et de Th\u00e9r\u00e8se Philippine Jeanne Ad\u00e8le Cassaing. Il habite 13 rue Tolosane, et Louise rue du Canard. Son p\u00e8re et son fr\u00e8re Paulin sont venus \u00e0 la noce, ainsi que le vieil oncle C\u00e9sar de Tourtoulon ; ils sont les t\u00e9moins du mari\u00e9. Ceux de la mari\u00e9e sont Martial Aza\u00efs conseiller \u00e0 la cour royale, et Baptiste Rossignol. Signent \u00e9galement le registre les Lahond\u00e8s Lafig\u00e8re Jules et Louise, les Carayon, Felzins, Mathieu de Montal et H. Barru\u00e9, etc\u2026<\/p>\n\n\n\n<p>Eug\u00e8ne d\u00e9c\u00e8de \u00e0 Toulouse, rue du Canard, \u00e0 46 ans, le 29 mai 1858, du cancer \u00e0 la langue des peintres (qui sucent leur pinceau), apr\u00e8s avoir \u00e9t\u00e9 op\u00e9r\u00e9 \u00e0 Paris, l&#8217;ann\u00e9e pr\u00e9c\u00e9dente, par le c\u00e9l\u00e8bre chirurgien Velpeau (1795-1867). Louise, son \u00e9pouse d\u00e9c\u00e8de le 7 mars 1897, au ch\u00e2teau de Terraqueuse, chez les Carayon. Cependant l&#8217;ann\u00e9e r\u00e9c\u00e9dant sa mort, Eug\u00e8ne d\u00e9core sa maison de Caraman de grands tableaux : huit \u00e0 la salle-\u00e0-manger, repr\u00e9sentant des cascades des Pyr\u00e9n\u00e9es, et quatre au grand-salon, repr\u00e9sentant son Vivarais natal, qui justifient le classement de cette maison \u00e0 l&#8217;inventaire suppl\u00e9mentaire des Monuments Historiques, par d\u00e9cision de la commission sup\u00e9rieure des M H le 14 janvier 1991.<\/p>\n\n\n\n<p>Source:<br>\n      <strong>Christian de Seauve CARAMAN 1581 &#8211; 1858<\/strong><br>\n      Chronique d&#8217;une maison, l&#8217;HOTEL de MALBOS<br>\n      son environnement catholique &amp; protestant<br>\n      Pr\u00e9face de Christian Cau Archiviste pal\u00e9ographe<br>\n      Les Collectionneurs Amateurs 31 460 Caraman<br><\/p>\n","protected":false},"excerpt":{"rendered":"<p>Tableau d&#8217;Eug\u00e8ne de Malbos &#8220;Vall\u00e9e de Vic de Sos&#8221; 22 Juillet 1844 \u00a9 Mus\u00e9e Paul-Dupuy Tous droits r\u00e9serv\u00e9s &#8211; INV. 58.81.4302 Dim 0.317 x 0.404 Photographie M. Lefort, mus\u00e9e Paul-Dupuy &#8230;<\/p>\n","protected":false},"author":2,"featured_media":5509,"comment_status":"closed","ping_status":"closed","sticky":false,"template":"","format":"standard","meta":{"ngg_post_thumbnail":0,"footnotes":""},"categories":[4,30],"tags":[],"yoast_head":"<!-- This site is optimized with the Yoast SEO plugin v23.0 - https:\/\/yoast.com\/wordpress\/plugins\/seo\/ -->\n<title>Tableau d&#039;Eug\u00e8ne de Malbos  &quot;Vall\u00e9e de Vic de Sos&quot; - 1844 - Ch\u00e2teau de Miglos<\/title>\n<meta name=\"robots\" content=\"index, follow, max-snippet:-1, max-image-preview:large, max-video-preview:-1\" \/>\n<link rel=\"canonical\" href=\"https:\/\/chateau-miglos.fr\/wordpress-test\/2020\/04\/19\/tableau-deugene-de-malbos-vallee-de-vic-de-sos-1844\/\" \/>\n<meta property=\"og:locale\" content=\"fr_FR\" \/>\n<meta property=\"og:type\" content=\"article\" \/>\n<meta property=\"og:title\" content=\"Tableau d&#039;Eug\u00e8ne de Malbos  &quot;Vall\u00e9e de Vic de Sos&quot; - 1844 - Ch\u00e2teau de Miglos\" \/>\n<meta property=\"og:description\" content=\"Tableau d&#8217;Eug\u00e8ne de Malbos &#8220;Vall\u00e9e de Vic de Sos&#8221; 22 Juillet 1844 \u00a9 Mus\u00e9e Paul-Dupuy Tous droits r\u00e9serv\u00e9s &#8211; INV. 58.81.4302 Dim 0.317 x 0.404 Photographie M. Lefort, mus\u00e9e Paul-Dupuy ...\" \/>\n<meta property=\"og:url\" content=\"https:\/\/chateau-miglos.fr\/wordpress-test\/2020\/04\/19\/tableau-deugene-de-malbos-vallee-de-vic-de-sos-1844\/\" \/>\n<meta property=\"og:site_name\" content=\"Ch\u00e2teau de Miglos\" \/>\n<meta property=\"article:publisher\" content=\"https:\/\/www.facebook.com\/chateaudemiglos\/\" \/>\n<meta property=\"article:published_time\" content=\"2020-04-19T16:34:45+00:00\" \/>\n<meta property=\"article:modified_time\" content=\"2020-04-20T13:20:52+00:00\" \/>\n<meta property=\"og:image\" content=\"https:\/\/chateau-miglos.fr\/wordpress-test\/wp-content\/uploads\/2020\/04\/avant-dupuy.png\" \/>\n\t<meta property=\"og:image:width\" content=\"599\" \/>\n\t<meta property=\"og:image:height\" content=\"300\" \/>\n\t<meta property=\"og:image:type\" content=\"image\/png\" \/>\n<meta name=\"author\" content=\"AACM\" \/>\n<meta name=\"twitter:card\" content=\"summary_large_image\" \/>\n<meta name=\"twitter:label1\" content=\"\u00c9crit par\" \/>\n\t<meta name=\"twitter:data1\" content=\"AACM\" \/>\n\t<meta name=\"twitter:label2\" content=\"Dur\u00e9e de lecture estim\u00e9e\" \/>\n\t<meta name=\"twitter:data2\" content=\"4 minutes\" \/>\n<script type=\"application\/ld+json\" class=\"yoast-schema-graph\">{\"@context\":\"https:\/\/schema.org\",\"@graph\":[{\"@type\":\"Article\",\"@id\":\"https:\/\/chateau-miglos.fr\/wordpress-test\/2020\/04\/19\/tableau-deugene-de-malbos-vallee-de-vic-de-sos-1844\/#article\",\"isPartOf\":{\"@id\":\"https:\/\/chateau-miglos.fr\/wordpress-test\/2020\/04\/19\/tableau-deugene-de-malbos-vallee-de-vic-de-sos-1844\/\"},\"author\":{\"name\":\"AACM\",\"@id\":\"https:\/\/chateau-miglos.fr\/wordpress-test\/#\/schema\/person\/c7c9d611967a7bba7db9f7d72154455e\"},\"headline\":\"Tableau d&#8217;Eug\u00e8ne de Malbos &#8220;Vall\u00e9e de Vic de Sos&#8221; &#8211; 1844\",\"datePublished\":\"2020-04-19T16:34:45+00:00\",\"dateModified\":\"2020-04-20T13:20:52+00:00\",\"mainEntityOfPage\":{\"@id\":\"https:\/\/chateau-miglos.fr\/wordpress-test\/2020\/04\/19\/tableau-deugene-de-malbos-vallee-de-vic-de-sos-1844\/\"},\"wordCount\":804,\"publisher\":{\"@id\":\"https:\/\/chateau-miglos.fr\/wordpress-test\/#organization\"},\"image\":{\"@id\":\"https:\/\/chateau-miglos.fr\/wordpress-test\/2020\/04\/19\/tableau-deugene-de-malbos-vallee-de-vic-de-sos-1844\/#primaryimage\"},\"thumbnailUrl\":\"https:\/\/chateau-miglos.fr\/wordpress-test\/wp-content\/uploads\/2020\/04\/avant-dupuy.png\",\"articleSection\":[\"Actualit\u00e9s\",\"Iconographie\"],\"inLanguage\":\"fr-FR\"},{\"@type\":\"WebPage\",\"@id\":\"https:\/\/chateau-miglos.fr\/wordpress-test\/2020\/04\/19\/tableau-deugene-de-malbos-vallee-de-vic-de-sos-1844\/\",\"url\":\"https:\/\/chateau-miglos.fr\/wordpress-test\/2020\/04\/19\/tableau-deugene-de-malbos-vallee-de-vic-de-sos-1844\/\",\"name\":\"Tableau d'Eug\u00e8ne de Malbos \\\"Vall\u00e9e de Vic de Sos\\\" - 1844 - Ch\u00e2teau de Miglos\",\"isPartOf\":{\"@id\":\"https:\/\/chateau-miglos.fr\/wordpress-test\/#website\"},\"primaryImageOfPage\":{\"@id\":\"https:\/\/chateau-miglos.fr\/wordpress-test\/2020\/04\/19\/tableau-deugene-de-malbos-vallee-de-vic-de-sos-1844\/#primaryimage\"},\"image\":{\"@id\":\"https:\/\/chateau-miglos.fr\/wordpress-test\/2020\/04\/19\/tableau-deugene-de-malbos-vallee-de-vic-de-sos-1844\/#primaryimage\"},\"thumbnailUrl\":\"https:\/\/chateau-miglos.fr\/wordpress-test\/wp-content\/uploads\/2020\/04\/avant-dupuy.png\",\"datePublished\":\"2020-04-19T16:34:45+00:00\",\"dateModified\":\"2020-04-20T13:20:52+00:00\",\"breadcrumb\":{\"@id\":\"https:\/\/chateau-miglos.fr\/wordpress-test\/2020\/04\/19\/tableau-deugene-de-malbos-vallee-de-vic-de-sos-1844\/#breadcrumb\"},\"inLanguage\":\"fr-FR\",\"potentialAction\":[{\"@type\":\"ReadAction\",\"target\":[\"https:\/\/chateau-miglos.fr\/wordpress-test\/2020\/04\/19\/tableau-deugene-de-malbos-vallee-de-vic-de-sos-1844\/\"]}]},{\"@type\":\"ImageObject\",\"inLanguage\":\"fr-FR\",\"@id\":\"https:\/\/chateau-miglos.fr\/wordpress-test\/2020\/04\/19\/tableau-deugene-de-malbos-vallee-de-vic-de-sos-1844\/#primaryimage\",\"url\":\"https:\/\/chateau-miglos.fr\/wordpress-test\/wp-content\/uploads\/2020\/04\/avant-dupuy.png\",\"contentUrl\":\"https:\/\/chateau-miglos.fr\/wordpress-test\/wp-content\/uploads\/2020\/04\/avant-dupuy.png\",\"width\":599,\"height\":300},{\"@type\":\"BreadcrumbList\",\"@id\":\"https:\/\/chateau-miglos.fr\/wordpress-test\/2020\/04\/19\/tableau-deugene-de-malbos-vallee-de-vic-de-sos-1844\/#breadcrumb\",\"itemListElement\":[{\"@type\":\"ListItem\",\"position\":1,\"name\":\"Accueil\",\"item\":\"https:\/\/chateau-miglos.fr\/wordpress-test\/\"},{\"@type\":\"ListItem\",\"position\":2,\"name\":\"Tableau d&#8217;Eug\u00e8ne de Malbos &#8220;Vall\u00e9e de Vic de Sos&#8221; &#8211; 1844\"}]},{\"@type\":\"WebSite\",\"@id\":\"https:\/\/chateau-miglos.fr\/wordpress-test\/#website\",\"url\":\"https:\/\/chateau-miglos.fr\/wordpress-test\/\",\"name\":\"Ch\u00e2teau de Miglos\",\"description\":\"une ch\u00e2teau, une vall\u00e9e\",\"publisher\":{\"@id\":\"https:\/\/chateau-miglos.fr\/wordpress-test\/#organization\"},\"potentialAction\":[{\"@type\":\"SearchAction\",\"target\":{\"@type\":\"EntryPoint\",\"urlTemplate\":\"https:\/\/chateau-miglos.fr\/wordpress-test\/?s={search_term_string}\"},\"query-input\":\"required name=search_term_string\"}],\"inLanguage\":\"fr-FR\"},{\"@type\":\"Organization\",\"@id\":\"https:\/\/chateau-miglos.fr\/wordpress-test\/#organization\",\"name\":\"Ch\u00e2teau de Miglos\",\"url\":\"https:\/\/chateau-miglos.fr\/wordpress-test\/\",\"logo\":{\"@type\":\"ImageObject\",\"inLanguage\":\"fr-FR\",\"@id\":\"https:\/\/chateau-miglos.fr\/wordpress-test\/#\/schema\/logo\/image\/\",\"url\":\"https:\/\/chateau-miglos.fr\/wordpress-test\/wp-content\/uploads\/2019\/06\/seul.png\",\"contentUrl\":\"https:\/\/chateau-miglos.fr\/wordpress-test\/wp-content\/uploads\/2019\/06\/seul.png\",\"width\":801,\"height\":705,\"caption\":\"Ch\u00e2teau de Miglos\"},\"image\":{\"@id\":\"https:\/\/chateau-miglos.fr\/wordpress-test\/#\/schema\/logo\/image\/\"},\"sameAs\":[\"https:\/\/www.facebook.com\/chateaudemiglos\/\",\"https:\/\/www.instagram.com\/chateaudemiglos\/\",\"https:\/\/www.youtube.com\/channel\/UC70FrOmo9xvq8eHCA4YTs9A\",\"https:\/\/fr.wikipedia.org\/wiki\/Ch\u00e2teau_de_Miglos\"]},{\"@type\":\"Person\",\"@id\":\"https:\/\/chateau-miglos.fr\/wordpress-test\/#\/schema\/person\/c7c9d611967a7bba7db9f7d72154455e\",\"name\":\"AACM\",\"image\":{\"@type\":\"ImageObject\",\"inLanguage\":\"fr-FR\",\"@id\":\"https:\/\/chateau-miglos.fr\/wordpress-test\/#\/schema\/person\/image\/\",\"url\":\"https:\/\/secure.gravatar.com\/avatar\/b704daf4c3f56428875cf047b8f9eb25?s=96&d=mm&r=g\",\"contentUrl\":\"https:\/\/secure.gravatar.com\/avatar\/b704daf4c3f56428875cf047b8f9eb25?s=96&d=mm&r=g\",\"caption\":\"AACM\"}}]}<\/script>\n<!-- \/ Yoast SEO plugin. -->","yoast_head_json":{"title":"Tableau d'Eug\u00e8ne de Malbos  \"Vall\u00e9e de Vic de Sos\" - 1844 - Ch\u00e2teau de Miglos","robots":{"index":"index","follow":"follow","max-snippet":"max-snippet:-1","max-image-preview":"max-image-preview:large","max-video-preview":"max-video-preview:-1"},"canonical":"https:\/\/chateau-miglos.fr\/wordpress-test\/2020\/04\/19\/tableau-deugene-de-malbos-vallee-de-vic-de-sos-1844\/","og_locale":"fr_FR","og_type":"article","og_title":"Tableau d'Eug\u00e8ne de Malbos  \"Vall\u00e9e de Vic de Sos\" - 1844 - Ch\u00e2teau de Miglos","og_description":"Tableau d&#8217;Eug\u00e8ne de Malbos &#8220;Vall\u00e9e de Vic de Sos&#8221; 22 Juillet 1844 \u00a9 Mus\u00e9e Paul-Dupuy Tous droits r\u00e9serv\u00e9s &#8211; INV. 58.81.4302 Dim 0.317 x 0.404 Photographie M. Lefort, mus\u00e9e Paul-Dupuy ...","og_url":"https:\/\/chateau-miglos.fr\/wordpress-test\/2020\/04\/19\/tableau-deugene-de-malbos-vallee-de-vic-de-sos-1844\/","og_site_name":"Ch\u00e2teau de Miglos","article_publisher":"https:\/\/www.facebook.com\/chateaudemiglos\/","article_published_time":"2020-04-19T16:34:45+00:00","article_modified_time":"2020-04-20T13:20:52+00:00","og_image":[{"width":599,"height":300,"url":"https:\/\/chateau-miglos.fr\/wordpress-test\/wp-content\/uploads\/2020\/04\/avant-dupuy.png","type":"image\/png"}],"author":"AACM","twitter_card":"summary_large_image","twitter_misc":{"\u00c9crit par":"AACM","Dur\u00e9e de lecture estim\u00e9e":"4 minutes"},"schema":{"@context":"https:\/\/schema.org","@graph":[{"@type":"Article","@id":"https:\/\/chateau-miglos.fr\/wordpress-test\/2020\/04\/19\/tableau-deugene-de-malbos-vallee-de-vic-de-sos-1844\/#article","isPartOf":{"@id":"https:\/\/chateau-miglos.fr\/wordpress-test\/2020\/04\/19\/tableau-deugene-de-malbos-vallee-de-vic-de-sos-1844\/"},"author":{"name":"AACM","@id":"https:\/\/chateau-miglos.fr\/wordpress-test\/#\/schema\/person\/c7c9d611967a7bba7db9f7d72154455e"},"headline":"Tableau d&#8217;Eug\u00e8ne de Malbos &#8220;Vall\u00e9e de Vic de Sos&#8221; &#8211; 1844","datePublished":"2020-04-19T16:34:45+00:00","dateModified":"2020-04-20T13:20:52+00:00","mainEntityOfPage":{"@id":"https:\/\/chateau-miglos.fr\/wordpress-test\/2020\/04\/19\/tableau-deugene-de-malbos-vallee-de-vic-de-sos-1844\/"},"wordCount":804,"publisher":{"@id":"https:\/\/chateau-miglos.fr\/wordpress-test\/#organization"},"image":{"@id":"https:\/\/chateau-miglos.fr\/wordpress-test\/2020\/04\/19\/tableau-deugene-de-malbos-vallee-de-vic-de-sos-1844\/#primaryimage"},"thumbnailUrl":"https:\/\/chateau-miglos.fr\/wordpress-test\/wp-content\/uploads\/2020\/04\/avant-dupuy.png","articleSection":["Actualit\u00e9s","Iconographie"],"inLanguage":"fr-FR"},{"@type":"WebPage","@id":"https:\/\/chateau-miglos.fr\/wordpress-test\/2020\/04\/19\/tableau-deugene-de-malbos-vallee-de-vic-de-sos-1844\/","url":"https:\/\/chateau-miglos.fr\/wordpress-test\/2020\/04\/19\/tableau-deugene-de-malbos-vallee-de-vic-de-sos-1844\/","name":"Tableau d'Eug\u00e8ne de Malbos \"Vall\u00e9e de Vic de Sos\" - 1844 - Ch\u00e2teau de Miglos","isPartOf":{"@id":"https:\/\/chateau-miglos.fr\/wordpress-test\/#website"},"primaryImageOfPage":{"@id":"https:\/\/chateau-miglos.fr\/wordpress-test\/2020\/04\/19\/tableau-deugene-de-malbos-vallee-de-vic-de-sos-1844\/#primaryimage"},"image":{"@id":"https:\/\/chateau-miglos.fr\/wordpress-test\/2020\/04\/19\/tableau-deugene-de-malbos-vallee-de-vic-de-sos-1844\/#primaryimage"},"thumbnailUrl":"https:\/\/chateau-miglos.fr\/wordpress-test\/wp-content\/uploads\/2020\/04\/avant-dupuy.png","datePublished":"2020-04-19T16:34:45+00:00","dateModified":"2020-04-20T13:20:52+00:00","breadcrumb":{"@id":"https:\/\/chateau-miglos.fr\/wordpress-test\/2020\/04\/19\/tableau-deugene-de-malbos-vallee-de-vic-de-sos-1844\/#breadcrumb"},"inLanguage":"fr-FR","potentialAction":[{"@type":"ReadAction","target":["https:\/\/chateau-miglos.fr\/wordpress-test\/2020\/04\/19\/tableau-deugene-de-malbos-vallee-de-vic-de-sos-1844\/"]}]},{"@type":"ImageObject","inLanguage":"fr-FR","@id":"https:\/\/chateau-miglos.fr\/wordpress-test\/2020\/04\/19\/tableau-deugene-de-malbos-vallee-de-vic-de-sos-1844\/#primaryimage","url":"https:\/\/chateau-miglos.fr\/wordpress-test\/wp-content\/uploads\/2020\/04\/avant-dupuy.png","contentUrl":"https:\/\/chateau-miglos.fr\/wordpress-test\/wp-content\/uploads\/2020\/04\/avant-dupuy.png","width":599,"height":300},{"@type":"BreadcrumbList","@id":"https:\/\/chateau-miglos.fr\/wordpress-test\/2020\/04\/19\/tableau-deugene-de-malbos-vallee-de-vic-de-sos-1844\/#breadcrumb","itemListElement":[{"@type":"ListItem","position":1,"name":"Accueil","item":"https:\/\/chateau-miglos.fr\/wordpress-test\/"},{"@type":"ListItem","position":2,"name":"Tableau d&#8217;Eug\u00e8ne de Malbos &#8220;Vall\u00e9e de Vic de Sos&#8221; &#8211; 1844"}]},{"@type":"WebSite","@id":"https:\/\/chateau-miglos.fr\/wordpress-test\/#website","url":"https:\/\/chateau-miglos.fr\/wordpress-test\/","name":"Ch\u00e2teau de Miglos","description":"une ch\u00e2teau, une vall\u00e9e","publisher":{"@id":"https:\/\/chateau-miglos.fr\/wordpress-test\/#organization"},"potentialAction":[{"@type":"SearchAction","target":{"@type":"EntryPoint","urlTemplate":"https:\/\/chateau-miglos.fr\/wordpress-test\/?s={search_term_string}"},"query-input":"required name=search_term_string"}],"inLanguage":"fr-FR"},{"@type":"Organization","@id":"https:\/\/chateau-miglos.fr\/wordpress-test\/#organization","name":"Ch\u00e2teau de Miglos","url":"https:\/\/chateau-miglos.fr\/wordpress-test\/","logo":{"@type":"ImageObject","inLanguage":"fr-FR","@id":"https:\/\/chateau-miglos.fr\/wordpress-test\/#\/schema\/logo\/image\/","url":"https:\/\/chateau-miglos.fr\/wordpress-test\/wp-content\/uploads\/2019\/06\/seul.png","contentUrl":"https:\/\/chateau-miglos.fr\/wordpress-test\/wp-content\/uploads\/2019\/06\/seul.png","width":801,"height":705,"caption":"Ch\u00e2teau de Miglos"},"image":{"@id":"https:\/\/chateau-miglos.fr\/wordpress-test\/#\/schema\/logo\/image\/"},"sameAs":["https:\/\/www.facebook.com\/chateaudemiglos\/","https:\/\/www.instagram.com\/chateaudemiglos\/","https:\/\/www.youtube.com\/channel\/UC70FrOmo9xvq8eHCA4YTs9A","https:\/\/fr.wikipedia.org\/wiki\/Ch\u00e2teau_de_Miglos"]},{"@type":"Person","@id":"https:\/\/chateau-miglos.fr\/wordpress-test\/#\/schema\/person\/c7c9d611967a7bba7db9f7d72154455e","name":"AACM","image":{"@type":"ImageObject","inLanguage":"fr-FR","@id":"https:\/\/chateau-miglos.fr\/wordpress-test\/#\/schema\/person\/image\/","url":"https:\/\/secure.gravatar.com\/avatar\/b704daf4c3f56428875cf047b8f9eb25?s=96&d=mm&r=g","contentUrl":"https:\/\/secure.gravatar.com\/avatar\/b704daf4c3f56428875cf047b8f9eb25?s=96&d=mm&r=g","caption":"AACM"}}]}},"jetpack_featured_media_url":"https:\/\/chateau-miglos.fr\/wordpress-test\/wp-content\/uploads\/2020\/04\/avant-dupuy.png","rttpg_featured_image_url":{"full":["https:\/\/chateau-miglos.fr\/wordpress-test\/wp-content\/uploads\/2020\/04\/avant-dupuy.png",599,300,false],"landscape":["https:\/\/chateau-miglos.fr\/wordpress-test\/wp-content\/uploads\/2020\/04\/avant-dupuy.png",599,300,false],"portraits":["https:\/\/chateau-miglos.fr\/wordpress-test\/wp-content\/uploads\/2020\/04\/avant-dupuy.png",599,300,false],"thumbnail":["https:\/\/chateau-miglos.fr\/wordpress-test\/wp-content\/uploads\/2020\/04\/avant-dupuy-150x150.png",150,150,true],"medium":["https:\/\/chateau-miglos.fr\/wordpress-test\/wp-content\/uploads\/2020\/04\/avant-dupuy-300x150.png",300,150,true],"large":["https:\/\/chateau-miglos.fr\/wordpress-test\/wp-content\/uploads\/2020\/04\/avant-dupuy.png",599,300,false],"1536x1536":["https:\/\/chateau-miglos.fr\/wordpress-test\/wp-content\/uploads\/2020\/04\/avant-dupuy.png",599,300,false],"2048x2048":["https:\/\/chateau-miglos.fr\/wordpress-test\/wp-content\/uploads\/2020\/04\/avant-dupuy.png",599,300,false],"onepress-blog-small":["https:\/\/chateau-miglos.fr\/wordpress-test\/wp-content\/uploads\/2020\/04\/avant-dupuy-300x150.png",300,150,true],"onepress-small":["https:\/\/chateau-miglos.fr\/wordpress-test\/wp-content\/uploads\/2020\/04\/avant-dupuy-480x300.png",480,300,true],"onepress-medium":["https:\/\/chateau-miglos.fr\/wordpress-test\/wp-content\/uploads\/2020\/04\/avant-dupuy.png",599,300,false],"sow-carousel-default":["https:\/\/chateau-miglos.fr\/wordpress-test\/wp-content\/uploads\/2020\/04\/avant-dupuy-272x182.png",272,182,true]},"rttpg_author":{"display_name":"AACM","author_link":"https:\/\/chateau-miglos.fr\/wordpress-test\/author\/aacm\/"},"rttpg_comment":0,"rttpg_category":"<a href=\"https:\/\/chateau-miglos.fr\/wordpress-test\/category\/actualites\/\" rel=\"category tag\">Actualit\u00e9s<\/a> <a href=\"https:\/\/chateau-miglos.fr\/wordpress-test\/category\/iconographie\/\" rel=\"category tag\">Iconographie<\/a>","rttpg_excerpt":"Tableau d&#8217;Eug\u00e8ne de Malbos &#8220;Vall\u00e9e de Vic de Sos&#8221; 22 Juillet 1844 \u00a9 Mus\u00e9e Paul-Dupuy Tous droits r\u00e9serv\u00e9s &#8211; INV. 58.81.4302 Dim 0.317 x 0.404 Photographie M. Lefort, mus\u00e9e Paul-Dupuy ...","_links":{"self":[{"href":"https:\/\/chateau-miglos.fr\/wordpress-test\/wp-json\/wp\/v2\/posts\/5496"}],"collection":[{"href":"https:\/\/chateau-miglos.fr\/wordpress-test\/wp-json\/wp\/v2\/posts"}],"about":[{"href":"https:\/\/chateau-miglos.fr\/wordpress-test\/wp-json\/wp\/v2\/types\/post"}],"author":[{"embeddable":true,"href":"https:\/\/chateau-miglos.fr\/wordpress-test\/wp-json\/wp\/v2\/users\/2"}],"replies":[{"embeddable":true,"href":"https:\/\/chateau-miglos.fr\/wordpress-test\/wp-json\/wp\/v2\/comments?post=5496"}],"version-history":[{"count":21,"href":"https:\/\/chateau-miglos.fr\/wordpress-test\/wp-json\/wp\/v2\/posts\/5496\/revisions"}],"predecessor-version":[{"id":5522,"href":"https:\/\/chateau-miglos.fr\/wordpress-test\/wp-json\/wp\/v2\/posts\/5496\/revisions\/5522"}],"wp:featuredmedia":[{"embeddable":true,"href":"https:\/\/chateau-miglos.fr\/wordpress-test\/wp-json\/wp\/v2\/media\/5509"}],"wp:attachment":[{"href":"https:\/\/chateau-miglos.fr\/wordpress-test\/wp-json\/wp\/v2\/media?parent=5496"}],"wp:term":[{"taxonomy":"category","embeddable":true,"href":"https:\/\/chateau-miglos.fr\/wordpress-test\/wp-json\/wp\/v2\/categories?post=5496"},{"taxonomy":"post_tag","embeddable":true,"href":"https:\/\/chateau-miglos.fr\/wordpress-test\/wp-json\/wp\/v2\/tags?post=5496"}],"curies":[{"name":"wp","href":"https:\/\/api.w.org\/{rel}","templated":true}]}}