{"id":5160,"date":"2020-04-02T22:44:00","date_gmt":"2020-04-02T20:44:00","guid":{"rendered":"https:\/\/chateau-miglos.fr\/wordpress-test\/?p=5160"},"modified":"2020-04-17T00:59:54","modified_gmt":"2020-04-16T22:59:54","slug":"le-chateau-de-miglos-en-couleur-en-1921","status":"publish","type":"post","link":"https:\/\/chateau-miglos.fr\/wordpress-test\/2020\/04\/02\/le-chateau-de-miglos-en-couleur-en-1921\/","title":{"rendered":"Le ch\u00e2teau de Miglos en couleur en 1921."},"content":{"rendered":"\n<h3 class=\"wp-block-heading\">Une s\u00e9rie de photos couleurs &#8220;Autochromes&#8221; de la vall\u00e9e&#8230; Une raret\u00e9 !<\/h3>\n\n\n\n<figure class=\"wp-block-gallery columns-3 is-cropped wp-block-gallery-1 is-layout-flex wp-block-gallery-is-layout-flex\"><ul class=\"blocks-gallery-grid\"><li class=\"blocks-gallery-item\"><figure><a href=\"https:\/\/chateau-miglos.fr\/wordpress-test\/wp-content\/uploads\/2020\/04\/R-A26129-1.png\" data-rel=\"lightbox-gallery-vGRJE5m7\" data-rl_title=\"Vue d&#8217;ensemble du ch\u00e2teau de Miglos &#8211; n\u00b0 d\u2019inventaire A26 129S, \u00a9 Collection Archives de la Plan\u00e8te &#8211; Mus\u00e9e Albert-Kahn\/D\u00e9partement des Hauts-de-Seine\" data-rl_caption=\"\" title=\"Vue d&#8217;ensemble du ch\u00e2teau de Miglos &#8211; n\u00b0 d\u2019inventaire A26 129S, \u00a9 Collection Archives de la Plan\u00e8te &#8211; Mus\u00e9e Albert-Kahn\/D\u00e9partement des Hauts-de-Seine\"><img loading=\"lazy\" decoding=\"async\" width=\"1024\" height=\"760\" src=\"https:\/\/chateau-miglos.fr\/wordpress-test\/wp-content\/uploads\/2020\/04\/R-A26129-1.png\" alt=\"\" data-id=\"5223\" data-full-url=\"https:\/\/chateau-miglos.fr\/wordpress-test\/wp-content\/uploads\/2020\/04\/R-A26129-1.png\" data-link=\"https:\/\/chateau-miglos.fr\/wordpress-test\/2020\/04\/02\/le-chateau-de-miglos-en-couleur-en-1921\/r-a26129-1\/\" class=\"wp-image-5223\"\/><\/a><\/figure><\/li><li class=\"blocks-gallery-item\"><figure><a href=\"https:\/\/chateau-miglos.fr\/wordpress-test\/wp-content\/uploads\/2020\/04\/R-A26130.png\" data-rel=\"lightbox-gallery-vGRJE5m7\" data-rl_title=\"Vue d&#8217;ensemble du ch\u00e2teau de Miglos &#8211; n\u00b0 d\u2019inventaire A26 130S, \u00a9 Collection Archives de la Plan\u00e8te &#8211; Mus\u00e9e Albert-Kahn\/D\u00e9partement des Hauts-de-Seine\" data-rl_caption=\"\" title=\"Vue d&#8217;ensemble du ch\u00e2teau de Miglos &#8211; n\u00b0 d\u2019inventaire A26 130S, \u00a9 Collection Archives de la Plan\u00e8te &#8211; Mus\u00e9e Albert-Kahn\/D\u00e9partement des Hauts-de-Seine\"><img loading=\"lazy\" decoding=\"async\" width=\"1024\" height=\"761\" src=\"https:\/\/chateau-miglos.fr\/wordpress-test\/wp-content\/uploads\/2020\/04\/R-A26130.png\" alt=\"\" data-id=\"5171\" data-full-url=\"https:\/\/chateau-miglos.fr\/wordpress-test\/wp-content\/uploads\/2020\/04\/R-A26130.png\" data-link=\"https:\/\/chateau-miglos.fr\/wordpress-test\/2020\/04\/02\/le-chateau-de-miglos-en-couleur-en-1921\/r-a26130\/\" class=\"wp-image-5171\"\/><\/a><\/figure><\/li><li class=\"blocks-gallery-item\"><figure><a href=\"https:\/\/chateau-miglos.fr\/wordpress-test\/wp-content\/uploads\/2020\/04\/R-A26127-1.png\" data-rel=\"lightbox-gallery-vGRJE5m7\" data-rl_title=\"Le ch\u00e2teau de Miglos et le village de Lap\u00e8ge &#8211; n\u00b0 d\u2019inventaire A26 127, \u00a9 Collection Archives de la Plan\u00e8te &#8211; Mus\u00e9e Albert-Kahn\/D\u00e9partement des Hauts-de-Seine\" data-rl_caption=\"\" title=\"Le ch\u00e2teau de Miglos et le village de Lap\u00e8ge &#8211; n\u00b0 d\u2019inventaire A26 127, \u00a9 Collection Archives de la Plan\u00e8te &#8211; Mus\u00e9e Albert-Kahn\/D\u00e9partement des Hauts-de-Seine\"><img loading=\"lazy\" decoding=\"async\" width=\"1024\" height=\"774\" src=\"https:\/\/chateau-miglos.fr\/wordpress-test\/wp-content\/uploads\/2020\/04\/R-A26127-1.png\" alt=\"\" data-id=\"5227\" data-full-url=\"https:\/\/chateau-miglos.fr\/wordpress-test\/wp-content\/uploads\/2020\/04\/R-A26127-1.png\" data-link=\"https:\/\/chateau-miglos.fr\/wordpress-test\/2020\/04\/02\/le-chateau-de-miglos-en-couleur-en-1921\/r-a26127-1\/\" class=\"wp-image-5227\"\/><\/a><\/figure><\/li><li class=\"blocks-gallery-item\"><figure><a href=\"https:\/\/chateau-miglos.fr\/wordpress-test\/wp-content\/uploads\/2020\/04\/R-A26128.png\" data-rel=\"lightbox-gallery-vGRJE5m7\" data-rl_title=\"Le ch\u00e2teau de Miglos et le village de Lap\u00e8ge &#8211; n\u00b0 d\u2019inventaire A26 128, \u00a9 Collection Archives de la Plan\u00e8te &#8211; Mus\u00e9e Albert-Kahn\/D\u00e9partement des Hauts-de-Seine\" data-rl_caption=\"\" title=\"Le ch\u00e2teau de Miglos et le village de Lap\u00e8ge &#8211; n\u00b0 d\u2019inventaire A26 128, \u00a9 Collection Archives de la Plan\u00e8te &#8211; Mus\u00e9e Albert-Kahn\/D\u00e9partement des Hauts-de-Seine\"><img loading=\"lazy\" decoding=\"async\" width=\"797\" height=\"1024\" src=\"https:\/\/chateau-miglos.fr\/wordpress-test\/wp-content\/uploads\/2020\/04\/R-A26128.png\" alt=\"\" data-id=\"5169\" data-full-url=\"https:\/\/chateau-miglos.fr\/wordpress-test\/wp-content\/uploads\/2020\/04\/R-A26128.png\" data-link=\"https:\/\/chateau-miglos.fr\/wordpress-test\/2020\/04\/02\/le-chateau-de-miglos-en-couleur-en-1921\/r-a26128\/\" class=\"wp-image-5169\"\/><\/a><\/figure><\/li><li class=\"blocks-gallery-item\"><figure><a href=\"https:\/\/chateau-miglos.fr\/wordpress-test\/wp-content\/uploads\/2020\/04\/R-A26131.png\" data-rel=\"lightbox-gallery-vGRJE5m7\" data-rl_title=\"Troupeau de moutons et le vieux ch\u00e2teau de Miglos &#8211; n\u00b0 d\u2019inventaire A26 131, \u00a9 Collection Archives de la Plan\u00e8te &#8211; Mus\u00e9e Albert-Kahn\/D\u00e9partement des Hauts-de-Seine\" data-rl_caption=\"\" title=\"Troupeau de moutons et le vieux ch\u00e2teau de Miglos &#8211; n\u00b0 d\u2019inventaire A26 131, \u00a9 Collection Archives de la Plan\u00e8te &#8211; Mus\u00e9e Albert-Kahn\/D\u00e9partement des Hauts-de-Seine\"><img loading=\"lazy\" decoding=\"async\" width=\"1024\" height=\"767\" src=\"https:\/\/chateau-miglos.fr\/wordpress-test\/wp-content\/uploads\/2020\/04\/R-A26131.png\" alt=\"\" data-id=\"5172\" data-full-url=\"https:\/\/chateau-miglos.fr\/wordpress-test\/wp-content\/uploads\/2020\/04\/R-A26131.png\" data-link=\"https:\/\/chateau-miglos.fr\/wordpress-test\/2020\/04\/02\/le-chateau-de-miglos-en-couleur-en-1921\/r-a26131\/\" class=\"wp-image-5172\"\/><\/a><\/figure><\/li><li class=\"blocks-gallery-item\"><figure><a href=\"https:\/\/chateau-miglos.fr\/wordpress-test\/wp-content\/uploads\/2020\/04\/R-A26132.png\" data-rel=\"lightbox-gallery-vGRJE5m7\" data-rl_title=\"Troupeau de moutons et le vieux ch\u00e2teau de Miglos &#8211; n\u00b0 d\u2019inventaire A26 132, \u00a9 Collection Archives de la Plan\u00e8te &#8211; Mus\u00e9e Albert-Kahn\/D\u00e9partement des Hauts-de-Seine\" data-rl_caption=\"\" title=\"Troupeau de moutons et le vieux ch\u00e2teau de Miglos &#8211; n\u00b0 d\u2019inventaire A26 132, \u00a9 Collection Archives de la Plan\u00e8te &#8211; Mus\u00e9e Albert-Kahn\/D\u00e9partement des Hauts-de-Seine\"><img loading=\"lazy\" decoding=\"async\" width=\"1024\" height=\"759\" src=\"https:\/\/chateau-miglos.fr\/wordpress-test\/wp-content\/uploads\/2020\/04\/R-A26132.png\" alt=\"\" data-id=\"5173\" data-full-url=\"https:\/\/chateau-miglos.fr\/wordpress-test\/wp-content\/uploads\/2020\/04\/R-A26132.png\" data-link=\"https:\/\/chateau-miglos.fr\/wordpress-test\/2020\/04\/02\/le-chateau-de-miglos-en-couleur-en-1921\/r-a26132\/\" class=\"wp-image-5173\"\/><\/a><\/figure><\/li><li class=\"blocks-gallery-item\"><figure><a href=\"https:\/\/chateau-miglos.fr\/wordpress-test\/wp-content\/uploads\/2020\/04\/R-A26118.png\" data-rel=\"lightbox-gallery-vGRJE5m7\" data-rl_title=\"Le vieux ch\u00e2teau de Miglos vu de la route en venant de Tarascon &#8211; n\u00b0 d\u2019inventaire A26 118S, \u00a9 Collection Archives de la Plan\u00e8te &#8211; Mus\u00e9e Albert-Kahn\/D\u00e9partement des Hauts-de-Seine\" data-rl_caption=\"\" title=\"Le vieux ch\u00e2teau de Miglos vu de la route en venant de Tarascon &#8211; n\u00b0 d\u2019inventaire A26 118S, \u00a9 Collection Archives de la Plan\u00e8te &#8211; Mus\u00e9e Albert-Kahn\/D\u00e9partement des Hauts-de-Seine\"><img loading=\"lazy\" decoding=\"async\" width=\"1024\" height=\"778\" src=\"https:\/\/chateau-miglos.fr\/wordpress-test\/wp-content\/uploads\/2020\/04\/R-A26118.png\" alt=\"\" data-id=\"5217\" data-full-url=\"https:\/\/chateau-miglos.fr\/wordpress-test\/wp-content\/uploads\/2020\/04\/R-A26118.png\" data-link=\"https:\/\/chateau-miglos.fr\/wordpress-test\/2020\/04\/02\/le-chateau-de-miglos-en-couleur-en-1921\/r-a26118\/\" class=\"wp-image-5217\"\/><\/a><\/figure><\/li><li class=\"blocks-gallery-item\"><figure><a href=\"https:\/\/chateau-miglos.fr\/wordpress-test\/wp-content\/uploads\/2020\/04\/R-A226119-1.png\" data-rel=\"lightbox-gallery-vGRJE5m7\" data-rl_title=\"Le vieux ch\u00e2teau de Miglos vu de la route en venant de Tarascon &#8211; n\u00b0 d\u2019inventaire A26 119S, \u00a9 Collection Archives de la Plan\u00e8te &#8211; Mus\u00e9e Albert-Kahn\/D\u00e9partement des Hauts-de-Seine\" data-rl_caption=\"\" title=\"Le vieux ch\u00e2teau de Miglos vu de la route en venant de Tarascon &#8211; n\u00b0 d\u2019inventaire A26 119S, \u00a9 Collection Archives de la Plan\u00e8te &#8211; Mus\u00e9e Albert-Kahn\/D\u00e9partement des Hauts-de-Seine\"><img loading=\"lazy\" decoding=\"async\" width=\"1024\" height=\"767\" src=\"https:\/\/chateau-miglos.fr\/wordpress-test\/wp-content\/uploads\/2020\/04\/R-A226119-1.png\" alt=\"\" data-id=\"5176\" data-full-url=\"https:\/\/chateau-miglos.fr\/wordpress-test\/wp-content\/uploads\/2020\/04\/R-A226119-1.png\" data-link=\"https:\/\/chateau-miglos.fr\/wordpress-test\/2020\/04\/02\/le-chateau-de-miglos-en-couleur-en-1921\/r-a226119-1\/\" class=\"wp-image-5176\"\/><\/a><\/figure><\/li><li class=\"blocks-gallery-item\"><figure><a href=\"https:\/\/chateau-miglos.fr\/wordpress-test\/wp-content\/uploads\/2020\/04\/R-A26123.png\" data-rel=\"lightbox-gallery-vGRJE5m7\" data-rl_title=\"La vall\u00e9e du Vicdessos vers l&#8217;amont et le village de Capoulet &#8211; n\u00b0 d\u2019inventaire A26 123S, \u00a9 Collection Archives de la Plan\u00e8te &#8211; Mus\u00e9e Albert-Kahn\/D\u00e9partement des Hauts-de-Seine\" data-rl_caption=\"\" title=\"La vall\u00e9e du Vicdessos vers l&#8217;amont et le village de Capoulet &#8211; n\u00b0 d\u2019inventaire A26 123S, \u00a9 Collection Archives de la Plan\u00e8te &#8211; Mus\u00e9e Albert-Kahn\/D\u00e9partement des Hauts-de-Seine\"><img loading=\"lazy\" decoding=\"async\" width=\"1024\" height=\"766\" src=\"https:\/\/chateau-miglos.fr\/wordpress-test\/wp-content\/uploads\/2020\/04\/R-A26123.png\" alt=\"\" data-id=\"5183\" data-full-url=\"https:\/\/chateau-miglos.fr\/wordpress-test\/wp-content\/uploads\/2020\/04\/R-A26123.png\" data-link=\"https:\/\/chateau-miglos.fr\/wordpress-test\/2020\/04\/02\/le-chateau-de-miglos-en-couleur-en-1921\/r-a26123\/\" class=\"wp-image-5183\"\/><\/a><\/figure><\/li><li class=\"blocks-gallery-item\"><figure><a href=\"https:\/\/chateau-miglos.fr\/wordpress-test\/wp-content\/uploads\/2020\/04\/R-A26124-1.png\" data-rel=\"lightbox-gallery-vGRJE5m7\" data-rl_title=\"La vall\u00e9e du Vicdessos vers l&#8217;amont et le village de Capoulet &#8211; n\u00b0 d\u2019inventaire A26 124S, \u00a9 Collection Archives de la Plan\u00e8te &#8211; Mus\u00e9e Albert-Kahn\/D\u00e9partement des Hauts-de-Seine\" data-rl_caption=\"\" title=\"La vall\u00e9e du Vicdessos vers l&#8217;amont et le village de Capoulet &#8211; n\u00b0 d\u2019inventaire A26 124S, \u00a9 Collection Archives de la Plan\u00e8te &#8211; Mus\u00e9e Albert-Kahn\/D\u00e9partement des Hauts-de-Seine\"><img loading=\"lazy\" decoding=\"async\" width=\"1024\" height=\"764\" src=\"https:\/\/chateau-miglos.fr\/wordpress-test\/wp-content\/uploads\/2020\/04\/R-A26124-1.png\" alt=\"\" data-id=\"5178\" data-full-url=\"https:\/\/chateau-miglos.fr\/wordpress-test\/wp-content\/uploads\/2020\/04\/R-A26124-1.png\" data-link=\"https:\/\/chateau-miglos.fr\/wordpress-test\/2020\/04\/02\/le-chateau-de-miglos-en-couleur-en-1921\/r-a26124-1\/\" class=\"wp-image-5178\"\/><\/a><\/figure><\/li><li class=\"blocks-gallery-item\"><figure><a href=\"https:\/\/chateau-miglos.fr\/wordpress-test\/wp-content\/uploads\/2020\/04\/R-A26125-1.png\" data-rel=\"lightbox-gallery-vGRJE5m7\" data-rl_title=\"La Vall\u00e9e du Vicdessos vers l&#8217;aval et le Village de Niaux , vue prise du Chau de Miglos &#8211; n\u00b0 d\u2019inventaire A26 125, \u00a9 Collection Archives de la Plan\u00e8te &#8211; Mus\u00e9e Albert-Kahn\/D\u00e9partement des Hauts-de-Seine\" data-rl_caption=\"\" title=\"La Vall\u00e9e du Vicdessos vers l&#8217;aval et le Village de Niaux , vue prise du Chau de Miglos &#8211; n\u00b0 d\u2019inventaire A26 125, \u00a9 Collection Archives de la Plan\u00e8te &#8211; Mus\u00e9e Albert-Kahn\/D\u00e9partement des Hauts-de-Seine\"><img loading=\"lazy\" decoding=\"async\" width=\"1024\" height=\"758\" src=\"https:\/\/chateau-miglos.fr\/wordpress-test\/wp-content\/uploads\/2020\/04\/R-A26125-1.png\" alt=\"\" data-id=\"5214\" data-full-url=\"https:\/\/chateau-miglos.fr\/wordpress-test\/wp-content\/uploads\/2020\/04\/R-A26125-1.png\" data-link=\"https:\/\/chateau-miglos.fr\/wordpress-test\/2020\/04\/02\/le-chateau-de-miglos-en-couleur-en-1921\/r-a26125-1\/\" class=\"wp-image-5214\"\/><\/a><\/figure><\/li><li class=\"blocks-gallery-item\"><figure><a href=\"https:\/\/chateau-miglos.fr\/wordpress-test\/wp-content\/uploads\/2020\/04\/R-A26126-1.png\" data-rel=\"lightbox-gallery-vGRJE5m7\" data-rl_title=\"La vall\u00e9e du Vicdessos vers l&#8217;amont prise du ch\u00e2teau de Miglos &#8211; n\u00b0 d\u2019inventaire A26 126, \u00a9 Collection Archives de la Plan\u00e8te &#8211; Mus\u00e9e Albert-Kahn\/D\u00e9partement des Hauts-de-Seine\" data-rl_caption=\"\" title=\"La vall\u00e9e du Vicdessos vers l&#8217;amont prise du ch\u00e2teau de Miglos &#8211; n\u00b0 d\u2019inventaire A26 126, \u00a9 Collection Archives de la Plan\u00e8te &#8211; Mus\u00e9e Albert-Kahn\/D\u00e9partement des Hauts-de-Seine\"><img loading=\"lazy\" decoding=\"async\" width=\"1024\" height=\"777\" src=\"https:\/\/chateau-miglos.fr\/wordpress-test\/wp-content\/uploads\/2020\/04\/R-A26126-1.png\" alt=\"\" data-id=\"5220\" data-full-url=\"https:\/\/chateau-miglos.fr\/wordpress-test\/wp-content\/uploads\/2020\/04\/R-A26126-1.png\" data-link=\"https:\/\/chateau-miglos.fr\/wordpress-test\/2020\/04\/02\/le-chateau-de-miglos-en-couleur-en-1921\/r-a26126-1\/\" class=\"wp-image-5220\"\/><\/a><\/figure><\/li><li class=\"blocks-gallery-item\"><figure><a href=\"https:\/\/chateau-miglos.fr\/wordpress-test\/wp-content\/uploads\/2020\/04\/R-A26021-1.png\" data-rel=\"lightbox-gallery-vGRJE5m7\" data-rl_title=\"Le hameau d&#8217;Alliat pr\u00e8s de Niaux vu du versant droit du Vicdessos &#8211; n\u00b0 d\u2019inventaire A26 021, \u00a9 Collection Archives de la Plan\u00e8te &#8211; Mus\u00e9e Albert-Kahn\/D\u00e9partement des Hauts-de-Seine\" data-rl_caption=\"\" title=\"Le hameau d&#8217;Alliat pr\u00e8s de Niaux vu du versant droit du Vicdessos &#8211; n\u00b0 d\u2019inventaire A26 021, \u00a9 Collection Archives de la Plan\u00e8te &#8211; Mus\u00e9e Albert-Kahn\/D\u00e9partement des Hauts-de-Seine\"><img loading=\"lazy\" decoding=\"async\" width=\"1024\" height=\"780\" src=\"https:\/\/chateau-miglos.fr\/wordpress-test\/wp-content\/uploads\/2020\/04\/R-A26021-1.png\" alt=\"\" data-id=\"5225\" data-full-url=\"https:\/\/chateau-miglos.fr\/wordpress-test\/wp-content\/uploads\/2020\/04\/R-A26021-1.png\" data-link=\"https:\/\/chateau-miglos.fr\/wordpress-test\/2020\/04\/02\/le-chateau-de-miglos-en-couleur-en-1921\/r-a26021-1\/\" class=\"wp-image-5225\"\/><\/a><\/figure><\/li><li class=\"blocks-gallery-item\"><figure><a href=\"https:\/\/chateau-miglos.fr\/wordpress-test\/wp-content\/uploads\/2020\/04\/R-A26121.png\" data-rel=\"lightbox-gallery-vGRJE5m7\" data-rl_title=\"Le Vicdessos vu de l&#8217;amont, pris de Niaux &#8211; n\u00b0 d\u2019inventaire A26 121S, \u00a9 Collection Archives de la Plan\u00e8te &#8211; Mus\u00e9e Albert-Kahn\/D\u00e9partement des Hauts-de-Seine\" data-rl_caption=\"\" title=\"Le Vicdessos vu de l&#8217;amont, pris de Niaux &#8211; n\u00b0 d\u2019inventaire A26 121S, \u00a9 Collection Archives de la Plan\u00e8te &#8211; Mus\u00e9e Albert-Kahn\/D\u00e9partement des Hauts-de-Seine\"><img loading=\"lazy\" decoding=\"async\" width=\"1024\" height=\"762\" src=\"https:\/\/chateau-miglos.fr\/wordpress-test\/wp-content\/uploads\/2020\/04\/R-A26121.png\" alt=\"\" data-id=\"5205\" data-full-url=\"https:\/\/chateau-miglos.fr\/wordpress-test\/wp-content\/uploads\/2020\/04\/R-A26121.png\" data-link=\"https:\/\/chateau-miglos.fr\/wordpress-test\/2020\/04\/02\/le-chateau-de-miglos-en-couleur-en-1921\/r-a26121\/\" class=\"wp-image-5205\"\/><\/a><\/figure><\/li><li class=\"blocks-gallery-item\"><figure><a href=\"https:\/\/chateau-miglos.fr\/wordpress-test\/wp-content\/uploads\/2020\/04\/R-A26120-1.png\" data-rel=\"lightbox-gallery-vGRJE5m7\" data-rl_title=\"L&#8217;Eglise de Niaux et la Vall\u00e9e du Vicdessos &#8211; n\u00b0 d\u2019inventaire A26 120, \u00a9 Collection Archives de la Plan\u00e8te &#8211; Mus\u00e9e Albert-Kahn\/D\u00e9partement des Hauts-de-Seine\" data-rl_caption=\"\" title=\"L&#8217;Eglise de Niaux et la Vall\u00e9e du Vicdessos &#8211; n\u00b0 d\u2019inventaire A26 120, \u00a9 Collection Archives de la Plan\u00e8te &#8211; Mus\u00e9e Albert-Kahn\/D\u00e9partement des Hauts-de-Seine\"><img loading=\"lazy\" decoding=\"async\" width=\"1024\" height=\"773\" src=\"https:\/\/chateau-miglos.fr\/wordpress-test\/wp-content\/uploads\/2020\/04\/R-A26120-1.png\" alt=\"\" data-id=\"5212\" data-full-url=\"https:\/\/chateau-miglos.fr\/wordpress-test\/wp-content\/uploads\/2020\/04\/R-A26120-1.png\" data-link=\"https:\/\/chateau-miglos.fr\/wordpress-test\/2020\/04\/02\/le-chateau-de-miglos-en-couleur-en-1921\/r-a26120-2\/\" class=\"wp-image-5212\"\/><\/a><\/figure><\/li><\/ul><\/figure>\n\n\n\n<p class=\"has-text-align-center has-medium-font-size\"><em>Autochrome \/ date de prise de vue : 21 avril 1921. <br>Photographe  : Georges Chevalier  \/ Mission en Midi-Pyr\u00e9n\u00e9es en 1921 \/ Format d\u2019origine : 9 x 12 cm<\/em><\/p>\n\n\n\n<p class=\"has-text-align-center has-medium-font-size\">  \u00a9 Collection Archives de la Plan\u00e8te &#8211; Mus\u00e9e Albert-Kahn\/D\u00e9partement des Hauts-de-Seine<\/p>\n\n\n\n<hr class=\"wp-block-separator\"\/>\n\n\n\n<p><strong>L&#8217;autochrome<\/strong> est un proc\u00e9d\u00e9 de restitution <strong>photographique des couleurs<\/strong> brevet\u00e9 le 17 d\u00e9cembre 1903 par les fr\u00e8res Auguste et Louis Lumi\u00e8re.<br>C&#8217;est la premi\u00e8re technique industrielle de photographie couleurs, elle produit des images positives sur plaques de verre. Elle fut utilis\u00e9e entre 1907 et 1932 environ.<br> On lui doit en particulier de nombreuses photos de la Premi\u00e8re Guerre mondiale. <\/p>\n\n\n\n<hr class=\"wp-block-separator\"\/>\n\n\n\n<h3 class=\"wp-block-heading\">Albert Kahn &#8211; Archives de la Plan\u00e8te<\/h3>\n\n\n\n<p>Albert Kahn, est un banquier et philanthrope fran\u00e7ais (1860-1940). Il a rassembl\u00e9 un important fonds iconographique intitul\u00e9 Archives de la Plan\u00e8te, collection constitu\u00e9e d&#8217;autochromes (photographies en couleurs sur plaques de verre) la plus importante au monde, et de films en noir et blanc. La crise \u00e9conomique des ann\u00e9es trente met fin aux activit\u00e9s bancaires et donc philanthropiques d&#8217;Albert Kahn. <\/p>\n\n\n\n<p>Les collections d&#8217;imprim\u00e9s (300 000 pages) sont transf\u00e9r\u00e9es \u00e0 la biblioth\u00e8que &#8211; mus\u00e9e de la Guerre \u00e0 Vincennes, qui deviendra la BDIC (Biblioth\u00e8que de documentation internationale contemporaine), de nos jours<a rel=\"noreferrer noopener\" aria-label=\" La Contemporaine. (s\u2019ouvre dans un nouvel onglet)\" href=\"http:\/\/www.lacontemporaine.fr\/le-musee\" target=\"_blank\"> La Contemporaine.<\/a><br> Les collections d&#8217;images sont rachet\u00e9s en 1936 par le d\u00e9partement de la Seine, les  fonds sont maintenant conserv\u00e9s au <a href=\"http:\/\/albert-kahn.hauts-de-seine.fr\/\" target=\"_blank\" rel=\"noreferrer noopener\" aria-label=\"mus\u00e9e d\u00e9partemental Albert-Kahn.  (s\u2019ouvre dans un nouvel onglet)\">mus\u00e9e d\u00e9partemental Albert-Kahn. <\/a><br>Albert Kahn d\u00e9c\u00e8de dans sa propri\u00e9t\u00e9 de Boulogne le 14 novembre 1940, au lendemain de la d\u00e9faite fran\u00e7aise. <\/p>\n\n\n\n<h3 class=\"wp-block-heading\"><strong>Photographe Georges Chevalier<\/strong><\/h3>\n\n\n\n<p>Entr\u00e9 au service des &#8220;Archives de la Plan\u00e8te&#8221; en 1913, il se sp\u00e9cialise dans la photographie autochrome, prenant de nombreux clich\u00e9s de Paris et des zones ravag\u00e9es pendant la Premi\u00e8re guerre mondiale, des r\u00e9gions fran\u00e7aise et r\u00e9alisant aussi de nombreux portraits. Apr\u00e8s la ruine d&#8217;Albert Kahn en 1932, il veille sur la conservation des plaques autochromes que ce dernier d\u00e9tenait et devient officiellement en 1936 le responsable de cette collection pour le compte du d\u00e9partement de la Seine qui en est devenu propri\u00e9taire et continue \u00e0 photographier, par exemple lors de l&#8217;Exposition internationale de 1937. Il prit sa retraite \u00e0 la fin de l&#8217;ann\u00e9e 1949. <\/p>\n\n\n\n<hr class=\"wp-block-separator\"\/>\n\n\n\n<p><strong>Liens:<\/strong><br><a rel=\"noreferrer noopener\" aria-label=\"Les collections du mus\u00e9e d\u00e9partemental Albert-Kahn (s\u2019ouvre dans un nouvel onglet)\" href=\"http:\/\/collections.albert-kahn.hauts-de-seine.fr\/\" target=\"_blank\"><strong>Les collections du mus\u00e9e d\u00e9partemental Albert-Kahn<\/strong><\/a> <br><a rel=\"noreferrer noopener\" aria-label=\"Mus\u00e9e d\u00e9partemental Albert-Kahn (s\u2019ouvre dans un nouvel onglet)\" href=\"http:\/\/albert-kahn.hauts-de-seine.fr\/\" target=\"_blank\"><strong>Mus\u00e9e d\u00e9partemental Albert-Kahn<\/strong><\/a><br>Licence d&#8217;utilisation des reproductions num\u00e9riques du fonds des &#8220;Archives de la Plan\u00e8te&#8221;  <a rel=\"noreferrer noopener\" aria-label=\"Conditions G\u00e9n\u00e9rales d'Utilisation des Images  (s\u2019ouvre dans un nouvel onglet)\" href=\"https:\/\/opendata.hauts-de-seine.fr\/page\/licence-adlp\/\" target=\"_blank\"><strong>Conditions G\u00e9n\u00e9rales d&#8217;Utilisation des Images <\/strong><\/a><br><\/p>\n\n\n\n<figure class=\"wp-block-image size-large\"><a href=\"http:\/\/collections.albert-kahn.hauts-de-seine.fr\/\" target=\"_blank\" rel=\"noreferrer noopener\"><img loading=\"lazy\" decoding=\"async\" width=\"1024\" height=\"84\" src=\"https:\/\/chateau-miglos.fr\/wordpress-test\/wp-content\/uploads\/2020\/04\/bandeau-kahn-1024x84.png\" alt=\"\" class=\"wp-image-5401\"\/><\/a><\/figure>\n\n\n\n<div class=\"wp-block-image\"><figure class=\"alignleft size-large is-resized\"><a href=\"https:\/\/www.facebook.com\/MuseeAlbertKahn\" target=\"_blank\" rel=\"noreferrer noopener\"><img loading=\"lazy\" decoding=\"async\" src=\"https:\/\/chateau-miglos.fr\/wordpress-test\/wp-content\/uploads\/2020\/04\/musee-kahn.png\" alt=\"\" class=\"wp-image-5237\" width=\"275\" height=\"96\"\/><\/a><\/figure><\/div>\n\n\n\n<p><\/p>\n\n\n\n<hr class=\"wp-block-separator\"\/>\n","protected":false},"excerpt":{"rendered":"<p>Une s\u00e9rie de photos couleurs &#8220;Autochromes&#8221; de la vall\u00e9e&#8230; Une raret\u00e9 ! Autochrome \/ date de prise de vue : 21 avril 1921. Photographe : Georges Chevalier \/ Mission en &#8230;<\/p>\n","protected":false},"author":2,"featured_media":5209,"comment_status":"closed","ping_status":"closed","sticky":false,"template":"","format":"standard","meta":{"ngg_post_thumbnail":0,"footnotes":""},"categories":[4,8],"tags":[],"yoast_head":"<!-- This site is optimized with the Yoast SEO plugin v23.0 - https:\/\/yoast.com\/wordpress\/plugins\/seo\/ -->\n<title>Le ch\u00e2teau de Miglos en couleur en 1921. - Ch\u00e2teau de Miglos<\/title>\n<meta name=\"robots\" content=\"index, follow, max-snippet:-1, max-image-preview:large, max-video-preview:-1\" \/>\n<link rel=\"canonical\" href=\"https:\/\/chateau-miglos.fr\/wordpress-test\/2020\/04\/02\/le-chateau-de-miglos-en-couleur-en-1921\/\" \/>\n<meta property=\"og:locale\" content=\"fr_FR\" \/>\n<meta property=\"og:type\" content=\"article\" \/>\n<meta property=\"og:title\" content=\"Le ch\u00e2teau de Miglos en couleur en 1921. - Ch\u00e2teau de Miglos\" \/>\n<meta property=\"og:description\" content=\"Une s\u00e9rie de photos couleurs &#8220;Autochromes&#8221; de la vall\u00e9e&#8230; Une raret\u00e9 ! Autochrome \/ date de prise de vue : 21 avril 1921. Photographe : Georges Chevalier \/ Mission en ...\" \/>\n<meta property=\"og:url\" content=\"https:\/\/chateau-miglos.fr\/wordpress-test\/2020\/04\/02\/le-chateau-de-miglos-en-couleur-en-1921\/\" \/>\n<meta property=\"og:site_name\" content=\"Ch\u00e2teau de Miglos\" \/>\n<meta property=\"article:publisher\" content=\"https:\/\/www.facebook.com\/chateaudemiglos\/\" \/>\n<meta property=\"article:published_time\" content=\"2020-04-02T20:44:00+00:00\" \/>\n<meta property=\"article:modified_time\" content=\"2020-04-16T22:59:54+00:00\" \/>\n<meta property=\"og:image\" content=\"https:\/\/chateau-miglos.fr\/wordpress-test\/wp-content\/uploads\/2019\/04\/avant-1921.png\" \/>\n\t<meta property=\"og:image:width\" content=\"600\" \/>\n\t<meta property=\"og:image:height\" content=\"300\" \/>\n\t<meta property=\"og:image:type\" content=\"image\/png\" \/>\n<meta name=\"author\" content=\"AACM\" \/>\n<meta name=\"twitter:card\" content=\"summary_large_image\" \/>\n<meta name=\"twitter:label1\" content=\"\u00c9crit par\" \/>\n\t<meta name=\"twitter:data1\" content=\"AACM\" \/>\n\t<meta name=\"twitter:label2\" content=\"Dur\u00e9e de lecture estim\u00e9e\" \/>\n\t<meta name=\"twitter:data2\" content=\"2 minutes\" \/>\n<script type=\"application\/ld+json\" class=\"yoast-schema-graph\">{\"@context\":\"https:\/\/schema.org\",\"@graph\":[{\"@type\":\"Article\",\"@id\":\"https:\/\/chateau-miglos.fr\/wordpress-test\/2020\/04\/02\/le-chateau-de-miglos-en-couleur-en-1921\/#article\",\"isPartOf\":{\"@id\":\"https:\/\/chateau-miglos.fr\/wordpress-test\/2020\/04\/02\/le-chateau-de-miglos-en-couleur-en-1921\/\"},\"author\":{\"name\":\"AACM\",\"@id\":\"https:\/\/chateau-miglos.fr\/wordpress-test\/#\/schema\/person\/c7c9d611967a7bba7db9f7d72154455e\"},\"headline\":\"Le ch\u00e2teau de Miglos en couleur en 1921.\",\"datePublished\":\"2020-04-02T20:44:00+00:00\",\"dateModified\":\"2020-04-16T22:59:54+00:00\",\"mainEntityOfPage\":{\"@id\":\"https:\/\/chateau-miglos.fr\/wordpress-test\/2020\/04\/02\/le-chateau-de-miglos-en-couleur-en-1921\/\"},\"wordCount\":420,\"publisher\":{\"@id\":\"https:\/\/chateau-miglos.fr\/wordpress-test\/#organization\"},\"image\":{\"@id\":\"https:\/\/chateau-miglos.fr\/wordpress-test\/2020\/04\/02\/le-chateau-de-miglos-en-couleur-en-1921\/#primaryimage\"},\"thumbnailUrl\":\"https:\/\/chateau-miglos.fr\/wordpress-test\/wp-content\/uploads\/2019\/04\/avant-1921.png\",\"articleSection\":[\"Actualit\u00e9s\",\"Photos Vid\u00e9os\"],\"inLanguage\":\"fr-FR\"},{\"@type\":\"WebPage\",\"@id\":\"https:\/\/chateau-miglos.fr\/wordpress-test\/2020\/04\/02\/le-chateau-de-miglos-en-couleur-en-1921\/\",\"url\":\"https:\/\/chateau-miglos.fr\/wordpress-test\/2020\/04\/02\/le-chateau-de-miglos-en-couleur-en-1921\/\",\"name\":\"Le ch\u00e2teau de Miglos en couleur en 1921. - Ch\u00e2teau de Miglos\",\"isPartOf\":{\"@id\":\"https:\/\/chateau-miglos.fr\/wordpress-test\/#website\"},\"primaryImageOfPage\":{\"@id\":\"https:\/\/chateau-miglos.fr\/wordpress-test\/2020\/04\/02\/le-chateau-de-miglos-en-couleur-en-1921\/#primaryimage\"},\"image\":{\"@id\":\"https:\/\/chateau-miglos.fr\/wordpress-test\/2020\/04\/02\/le-chateau-de-miglos-en-couleur-en-1921\/#primaryimage\"},\"thumbnailUrl\":\"https:\/\/chateau-miglos.fr\/wordpress-test\/wp-content\/uploads\/2019\/04\/avant-1921.png\",\"datePublished\":\"2020-04-02T20:44:00+00:00\",\"dateModified\":\"2020-04-16T22:59:54+00:00\",\"breadcrumb\":{\"@id\":\"https:\/\/chateau-miglos.fr\/wordpress-test\/2020\/04\/02\/le-chateau-de-miglos-en-couleur-en-1921\/#breadcrumb\"},\"inLanguage\":\"fr-FR\",\"potentialAction\":[{\"@type\":\"ReadAction\",\"target\":[\"https:\/\/chateau-miglos.fr\/wordpress-test\/2020\/04\/02\/le-chateau-de-miglos-en-couleur-en-1921\/\"]}]},{\"@type\":\"ImageObject\",\"inLanguage\":\"fr-FR\",\"@id\":\"https:\/\/chateau-miglos.fr\/wordpress-test\/2020\/04\/02\/le-chateau-de-miglos-en-couleur-en-1921\/#primaryimage\",\"url\":\"https:\/\/chateau-miglos.fr\/wordpress-test\/wp-content\/uploads\/2019\/04\/avant-1921.png\",\"contentUrl\":\"https:\/\/chateau-miglos.fr\/wordpress-test\/wp-content\/uploads\/2019\/04\/avant-1921.png\",\"width\":600,\"height\":300},{\"@type\":\"BreadcrumbList\",\"@id\":\"https:\/\/chateau-miglos.fr\/wordpress-test\/2020\/04\/02\/le-chateau-de-miglos-en-couleur-en-1921\/#breadcrumb\",\"itemListElement\":[{\"@type\":\"ListItem\",\"position\":1,\"name\":\"Accueil\",\"item\":\"https:\/\/chateau-miglos.fr\/wordpress-test\/\"},{\"@type\":\"ListItem\",\"position\":2,\"name\":\"Le ch\u00e2teau de Miglos en couleur en 1921.\"}]},{\"@type\":\"WebSite\",\"@id\":\"https:\/\/chateau-miglos.fr\/wordpress-test\/#website\",\"url\":\"https:\/\/chateau-miglos.fr\/wordpress-test\/\",\"name\":\"Ch\u00e2teau de Miglos\",\"description\":\"une ch\u00e2teau, une vall\u00e9e\",\"publisher\":{\"@id\":\"https:\/\/chateau-miglos.fr\/wordpress-test\/#organization\"},\"potentialAction\":[{\"@type\":\"SearchAction\",\"target\":{\"@type\":\"EntryPoint\",\"urlTemplate\":\"https:\/\/chateau-miglos.fr\/wordpress-test\/?s={search_term_string}\"},\"query-input\":\"required name=search_term_string\"}],\"inLanguage\":\"fr-FR\"},{\"@type\":\"Organization\",\"@id\":\"https:\/\/chateau-miglos.fr\/wordpress-test\/#organization\",\"name\":\"Ch\u00e2teau de Miglos\",\"url\":\"https:\/\/chateau-miglos.fr\/wordpress-test\/\",\"logo\":{\"@type\":\"ImageObject\",\"inLanguage\":\"fr-FR\",\"@id\":\"https:\/\/chateau-miglos.fr\/wordpress-test\/#\/schema\/logo\/image\/\",\"url\":\"https:\/\/chateau-miglos.fr\/wordpress-test\/wp-content\/uploads\/2019\/06\/seul.png\",\"contentUrl\":\"https:\/\/chateau-miglos.fr\/wordpress-test\/wp-content\/uploads\/2019\/06\/seul.png\",\"width\":801,\"height\":705,\"caption\":\"Ch\u00e2teau de Miglos\"},\"image\":{\"@id\":\"https:\/\/chateau-miglos.fr\/wordpress-test\/#\/schema\/logo\/image\/\"},\"sameAs\":[\"https:\/\/www.facebook.com\/chateaudemiglos\/\",\"https:\/\/www.instagram.com\/chateaudemiglos\/\",\"https:\/\/www.youtube.com\/channel\/UC70FrOmo9xvq8eHCA4YTs9A\",\"https:\/\/fr.wikipedia.org\/wiki\/Ch\u00e2teau_de_Miglos\"]},{\"@type\":\"Person\",\"@id\":\"https:\/\/chateau-miglos.fr\/wordpress-test\/#\/schema\/person\/c7c9d611967a7bba7db9f7d72154455e\",\"name\":\"AACM\",\"image\":{\"@type\":\"ImageObject\",\"inLanguage\":\"fr-FR\",\"@id\":\"https:\/\/chateau-miglos.fr\/wordpress-test\/#\/schema\/person\/image\/\",\"url\":\"https:\/\/secure.gravatar.com\/avatar\/b704daf4c3f56428875cf047b8f9eb25?s=96&d=mm&r=g\",\"contentUrl\":\"https:\/\/secure.gravatar.com\/avatar\/b704daf4c3f56428875cf047b8f9eb25?s=96&d=mm&r=g\",\"caption\":\"AACM\"}}]}<\/script>\n<!-- \/ Yoast SEO plugin. -->","yoast_head_json":{"title":"Le ch\u00e2teau de Miglos en couleur en 1921. - Ch\u00e2teau de Miglos","robots":{"index":"index","follow":"follow","max-snippet":"max-snippet:-1","max-image-preview":"max-image-preview:large","max-video-preview":"max-video-preview:-1"},"canonical":"https:\/\/chateau-miglos.fr\/wordpress-test\/2020\/04\/02\/le-chateau-de-miglos-en-couleur-en-1921\/","og_locale":"fr_FR","og_type":"article","og_title":"Le ch\u00e2teau de Miglos en couleur en 1921. - Ch\u00e2teau de Miglos","og_description":"Une s\u00e9rie de photos couleurs &#8220;Autochromes&#8221; de la vall\u00e9e&#8230; Une raret\u00e9 ! Autochrome \/ date de prise de vue : 21 avril 1921. Photographe : Georges Chevalier \/ Mission en ...","og_url":"https:\/\/chateau-miglos.fr\/wordpress-test\/2020\/04\/02\/le-chateau-de-miglos-en-couleur-en-1921\/","og_site_name":"Ch\u00e2teau de Miglos","article_publisher":"https:\/\/www.facebook.com\/chateaudemiglos\/","article_published_time":"2020-04-02T20:44:00+00:00","article_modified_time":"2020-04-16T22:59:54+00:00","og_image":[{"width":600,"height":300,"url":"https:\/\/chateau-miglos.fr\/wordpress-test\/wp-content\/uploads\/2019\/04\/avant-1921.png","type":"image\/png"}],"author":"AACM","twitter_card":"summary_large_image","twitter_misc":{"\u00c9crit par":"AACM","Dur\u00e9e de lecture estim\u00e9e":"2 minutes"},"schema":{"@context":"https:\/\/schema.org","@graph":[{"@type":"Article","@id":"https:\/\/chateau-miglos.fr\/wordpress-test\/2020\/04\/02\/le-chateau-de-miglos-en-couleur-en-1921\/#article","isPartOf":{"@id":"https:\/\/chateau-miglos.fr\/wordpress-test\/2020\/04\/02\/le-chateau-de-miglos-en-couleur-en-1921\/"},"author":{"name":"AACM","@id":"https:\/\/chateau-miglos.fr\/wordpress-test\/#\/schema\/person\/c7c9d611967a7bba7db9f7d72154455e"},"headline":"Le ch\u00e2teau de Miglos en couleur en 1921.","datePublished":"2020-04-02T20:44:00+00:00","dateModified":"2020-04-16T22:59:54+00:00","mainEntityOfPage":{"@id":"https:\/\/chateau-miglos.fr\/wordpress-test\/2020\/04\/02\/le-chateau-de-miglos-en-couleur-en-1921\/"},"wordCount":420,"publisher":{"@id":"https:\/\/chateau-miglos.fr\/wordpress-test\/#organization"},"image":{"@id":"https:\/\/chateau-miglos.fr\/wordpress-test\/2020\/04\/02\/le-chateau-de-miglos-en-couleur-en-1921\/#primaryimage"},"thumbnailUrl":"https:\/\/chateau-miglos.fr\/wordpress-test\/wp-content\/uploads\/2019\/04\/avant-1921.png","articleSection":["Actualit\u00e9s","Photos Vid\u00e9os"],"inLanguage":"fr-FR"},{"@type":"WebPage","@id":"https:\/\/chateau-miglos.fr\/wordpress-test\/2020\/04\/02\/le-chateau-de-miglos-en-couleur-en-1921\/","url":"https:\/\/chateau-miglos.fr\/wordpress-test\/2020\/04\/02\/le-chateau-de-miglos-en-couleur-en-1921\/","name":"Le ch\u00e2teau de Miglos en couleur en 1921. - Ch\u00e2teau de Miglos","isPartOf":{"@id":"https:\/\/chateau-miglos.fr\/wordpress-test\/#website"},"primaryImageOfPage":{"@id":"https:\/\/chateau-miglos.fr\/wordpress-test\/2020\/04\/02\/le-chateau-de-miglos-en-couleur-en-1921\/#primaryimage"},"image":{"@id":"https:\/\/chateau-miglos.fr\/wordpress-test\/2020\/04\/02\/le-chateau-de-miglos-en-couleur-en-1921\/#primaryimage"},"thumbnailUrl":"https:\/\/chateau-miglos.fr\/wordpress-test\/wp-content\/uploads\/2019\/04\/avant-1921.png","datePublished":"2020-04-02T20:44:00+00:00","dateModified":"2020-04-16T22:59:54+00:00","breadcrumb":{"@id":"https:\/\/chateau-miglos.fr\/wordpress-test\/2020\/04\/02\/le-chateau-de-miglos-en-couleur-en-1921\/#breadcrumb"},"inLanguage":"fr-FR","potentialAction":[{"@type":"ReadAction","target":["https:\/\/chateau-miglos.fr\/wordpress-test\/2020\/04\/02\/le-chateau-de-miglos-en-couleur-en-1921\/"]}]},{"@type":"ImageObject","inLanguage":"fr-FR","@id":"https:\/\/chateau-miglos.fr\/wordpress-test\/2020\/04\/02\/le-chateau-de-miglos-en-couleur-en-1921\/#primaryimage","url":"https:\/\/chateau-miglos.fr\/wordpress-test\/wp-content\/uploads\/2019\/04\/avant-1921.png","contentUrl":"https:\/\/chateau-miglos.fr\/wordpress-test\/wp-content\/uploads\/2019\/04\/avant-1921.png","width":600,"height":300},{"@type":"BreadcrumbList","@id":"https:\/\/chateau-miglos.fr\/wordpress-test\/2020\/04\/02\/le-chateau-de-miglos-en-couleur-en-1921\/#breadcrumb","itemListElement":[{"@type":"ListItem","position":1,"name":"Accueil","item":"https:\/\/chateau-miglos.fr\/wordpress-test\/"},{"@type":"ListItem","position":2,"name":"Le ch\u00e2teau de Miglos en couleur en 1921."}]},{"@type":"WebSite","@id":"https:\/\/chateau-miglos.fr\/wordpress-test\/#website","url":"https:\/\/chateau-miglos.fr\/wordpress-test\/","name":"Ch\u00e2teau de Miglos","description":"une ch\u00e2teau, une vall\u00e9e","publisher":{"@id":"https:\/\/chateau-miglos.fr\/wordpress-test\/#organization"},"potentialAction":[{"@type":"SearchAction","target":{"@type":"EntryPoint","urlTemplate":"https:\/\/chateau-miglos.fr\/wordpress-test\/?s={search_term_string}"},"query-input":"required name=search_term_string"}],"inLanguage":"fr-FR"},{"@type":"Organization","@id":"https:\/\/chateau-miglos.fr\/wordpress-test\/#organization","name":"Ch\u00e2teau de Miglos","url":"https:\/\/chateau-miglos.fr\/wordpress-test\/","logo":{"@type":"ImageObject","inLanguage":"fr-FR","@id":"https:\/\/chateau-miglos.fr\/wordpress-test\/#\/schema\/logo\/image\/","url":"https:\/\/chateau-miglos.fr\/wordpress-test\/wp-content\/uploads\/2019\/06\/seul.png","contentUrl":"https:\/\/chateau-miglos.fr\/wordpress-test\/wp-content\/uploads\/2019\/06\/seul.png","width":801,"height":705,"caption":"Ch\u00e2teau de Miglos"},"image":{"@id":"https:\/\/chateau-miglos.fr\/wordpress-test\/#\/schema\/logo\/image\/"},"sameAs":["https:\/\/www.facebook.com\/chateaudemiglos\/","https:\/\/www.instagram.com\/chateaudemiglos\/","https:\/\/www.youtube.com\/channel\/UC70FrOmo9xvq8eHCA4YTs9A","https:\/\/fr.wikipedia.org\/wiki\/Ch\u00e2teau_de_Miglos"]},{"@type":"Person","@id":"https:\/\/chateau-miglos.fr\/wordpress-test\/#\/schema\/person\/c7c9d611967a7bba7db9f7d72154455e","name":"AACM","image":{"@type":"ImageObject","inLanguage":"fr-FR","@id":"https:\/\/chateau-miglos.fr\/wordpress-test\/#\/schema\/person\/image\/","url":"https:\/\/secure.gravatar.com\/avatar\/b704daf4c3f56428875cf047b8f9eb25?s=96&d=mm&r=g","contentUrl":"https:\/\/secure.gravatar.com\/avatar\/b704daf4c3f56428875cf047b8f9eb25?s=96&d=mm&r=g","caption":"AACM"}}]}},"jetpack_featured_media_url":"https:\/\/chateau-miglos.fr\/wordpress-test\/wp-content\/uploads\/2019\/04\/avant-1921.png","rttpg_featured_image_url":{"full":["https:\/\/chateau-miglos.fr\/wordpress-test\/wp-content\/uploads\/2019\/04\/avant-1921.png",600,300,false],"landscape":["https:\/\/chateau-miglos.fr\/wordpress-test\/wp-content\/uploads\/2019\/04\/avant-1921.png",600,300,false],"portraits":["https:\/\/chateau-miglos.fr\/wordpress-test\/wp-content\/uploads\/2019\/04\/avant-1921.png",600,300,false],"thumbnail":["https:\/\/chateau-miglos.fr\/wordpress-test\/wp-content\/uploads\/2019\/04\/avant-1921-150x150.png",150,150,true],"medium":["https:\/\/chateau-miglos.fr\/wordpress-test\/wp-content\/uploads\/2019\/04\/avant-1921-300x150.png",300,150,true],"large":["https:\/\/chateau-miglos.fr\/wordpress-test\/wp-content\/uploads\/2019\/04\/avant-1921.png",600,300,false],"1536x1536":["https:\/\/chateau-miglos.fr\/wordpress-test\/wp-content\/uploads\/2019\/04\/avant-1921.png",600,300,false],"2048x2048":["https:\/\/chateau-miglos.fr\/wordpress-test\/wp-content\/uploads\/2019\/04\/avant-1921.png",600,300,false],"onepress-blog-small":["https:\/\/chateau-miglos.fr\/wordpress-test\/wp-content\/uploads\/2019\/04\/avant-1921-300x150.png",300,150,true],"onepress-small":["https:\/\/chateau-miglos.fr\/wordpress-test\/wp-content\/uploads\/2019\/04\/avant-1921-480x300.png",480,300,true],"onepress-medium":["https:\/\/chateau-miglos.fr\/wordpress-test\/wp-content\/uploads\/2019\/04\/avant-1921.png",600,300,false],"sow-carousel-default":["https:\/\/chateau-miglos.fr\/wordpress-test\/wp-content\/uploads\/2019\/04\/avant-1921-272x182.png",272,182,true]},"rttpg_author":{"display_name":"AACM","author_link":"https:\/\/chateau-miglos.fr\/wordpress-test\/author\/aacm\/"},"rttpg_comment":0,"rttpg_category":"<a href=\"https:\/\/chateau-miglos.fr\/wordpress-test\/category\/actualites\/\" rel=\"category tag\">Actualit\u00e9s<\/a> <a href=\"https:\/\/chateau-miglos.fr\/wordpress-test\/category\/photos-videos\/\" rel=\"category tag\">Photos Vid\u00e9os<\/a>","rttpg_excerpt":"Une s\u00e9rie de photos couleurs &#8220;Autochromes&#8221; de la vall\u00e9e&#8230; Une raret\u00e9 ! Autochrome \/ date de prise de vue : 21 avril 1921. Photographe : Georges Chevalier \/ Mission en ...","_links":{"self":[{"href":"https:\/\/chateau-miglos.fr\/wordpress-test\/wp-json\/wp\/v2\/posts\/5160"}],"collection":[{"href":"https:\/\/chateau-miglos.fr\/wordpress-test\/wp-json\/wp\/v2\/posts"}],"about":[{"href":"https:\/\/chateau-miglos.fr\/wordpress-test\/wp-json\/wp\/v2\/types\/post"}],"author":[{"embeddable":true,"href":"https:\/\/chateau-miglos.fr\/wordpress-test\/wp-json\/wp\/v2\/users\/2"}],"replies":[{"embeddable":true,"href":"https:\/\/chateau-miglos.fr\/wordpress-test\/wp-json\/wp\/v2\/comments?post=5160"}],"version-history":[{"count":49,"href":"https:\/\/chateau-miglos.fr\/wordpress-test\/wp-json\/wp\/v2\/posts\/5160\/revisions"}],"predecessor-version":[{"id":5432,"href":"https:\/\/chateau-miglos.fr\/wordpress-test\/wp-json\/wp\/v2\/posts\/5160\/revisions\/5432"}],"wp:featuredmedia":[{"embeddable":true,"href":"https:\/\/chateau-miglos.fr\/wordpress-test\/wp-json\/wp\/v2\/media\/5209"}],"wp:attachment":[{"href":"https:\/\/chateau-miglos.fr\/wordpress-test\/wp-json\/wp\/v2\/media?parent=5160"}],"wp:term":[{"taxonomy":"category","embeddable":true,"href":"https:\/\/chateau-miglos.fr\/wordpress-test\/wp-json\/wp\/v2\/categories?post=5160"},{"taxonomy":"post_tag","embeddable":true,"href":"https:\/\/chateau-miglos.fr\/wordpress-test\/wp-json\/wp\/v2\/tags?post=5160"}],"curies":[{"name":"wp","href":"https:\/\/api.w.org\/{rel}","templated":true}]}}