{"id":5133,"date":"2020-03-29T22:46:00","date_gmt":"2020-03-29T20:46:00","guid":{"rendered":"https:\/\/chateau-miglos.fr\/wordpress-test\/?p=5133"},"modified":"2020-04-14T17:01:13","modified_gmt":"2020-04-14T15:01:13","slug":"chateau-de-miglos-vers-1870-par-h-dupeyre","status":"publish","type":"post","link":"https:\/\/chateau-miglos.fr\/wordpress-test\/2020\/03\/29\/chateau-de-miglos-vers-1870-par-h-dupeyre\/","title":{"rendered":"Ch\u00e2teau de Miglos vers 1870 par H.Dupeyr\u00e9"},"content":{"rendered":"\n<figure class=\"wp-block-image size-large is-resized\"><a href=\"https:\/\/chateau-miglos.fr\/wordpress-test\/wp-content\/uploads\/2020\/03\/chateau-deper-JG-1.png\" data-rel=\"lightbox-gallery-TqIOOQh7\" data-rl_title=\"chateau-deper-JG-1\" data-rl_caption=\"\" title=\"chateau-deper-JG-1\"><img loading=\"lazy\" decoding=\"async\" src=\"https:\/\/chateau-miglos.fr\/wordpress-test\/wp-content\/uploads\/2020\/03\/chateau-deper-JG-1-1024x541.png\" alt=\"\" class=\"wp-image-5147\" width=\"768\" height=\"406\"\/><\/a><figcaption> Photographie st\u00e9r\u00e9oscopique \u2013 S\u00e9rie L\u2019ARIEGE vers 1870 \u2013 Collection priv\u00e9e J. Gardes <\/figcaption><\/figure>\n\n\n\n<h3 class=\"has-text-align-center wp-block-heading\">La plus vieille photo connue du ch\u00e2teau de Miglos !<\/h3>\n\n\n\n<hr class=\"wp-block-separator\"\/>\n\n\n\n<p><strong>Jean Henri Jules Marie DEPEYR\u00c9 (1841-1932)<\/strong><\/p>\n\n\n\n<p>Jean Henry (ou Henri) Jules Marie Depeyr\u00e9 est n\u00e9 \u00e0 Tarascon-sur-Ari\u00e8ge, le 2 octobre 1841. Il est le fils de Joseph Auguste Depeyr\u00e9, peintre vitrier, et de Catherine Bernadac, m\u00e9nag\u00e8re.<br>Henri semble le premier enfant du couple qui aura, ensuite, Sophie Philippine (n\u00e9e le 7 avril 1843) puis Cl\u00e9ment Joseph Guillaume (n\u00e9 le 24 octobre 1846) qui reprendra le m\u00e9tier de son p\u00e8re.<\/p>\n\n\n\n<p>Dans les ann\u00e9es 1870, Henri Depeyre r\u00e9alise des vues de son d\u00e9partement natal, l&#8217;Ari\u00e8ge, en cartes de visite et en st\u00e9r\u00e9oscopies : villes et villages (Foix, Montgailhard, Tarascon, Ornolac, Ussat-les-Bains, Ax-les-Bains) et paysages (rivi\u00e8res, ponts, cascades, rochers). Le gros de sa production semble avoir \u00e9t\u00e9 r\u00e9alis\u00e9 dans les ann\u00e9es 1870 (une photo dat\u00e9e de 1874 ; une photo ant\u00e9rieure \u00e0 une construction de 1880).<\/p>\n\n\n\n<p>Ses cartes de visite portent au recto, le texte d&#8217;un tampon \u00e0 l&#8217;encre violette, &#8220;<em>Henri Depeyre &#8211; Photographe &#8211; Tarascon (Ari\u00e8ge<\/em>)&#8221; et les vues st\u00e9r\u00e9oscopiques, \u00e0 fond brun-rouge, beige-orang\u00e9 ou vert, portent au recto sur la gauche, &#8220;L&#8217;ARIEGE, H. DEPEYRE&#8221;.<\/p>\n\n\n\n<p>Il vit et r\u00e9side \u00e0 Nice, o\u00f9 il travaille comme professeur de Peinture \u00e0 l&#8217;Ecole Nationale d&#8217;Art d\u00e9coratif de Nice.  A la fin du XIX\u00b0 si\u00e8cle, c&#8217;est un peintre\u00a0connu pour ses vues de la ville de Nice, ses huiles et aquarelles du bord de mer.<\/p>\n\n\n\n<p>Son nom appara\u00eet dans le r\u00e9pertoire des photographes du XIXe si\u00e8cle (J.M. Voignier 1993, p81) avec comme indication : actif \u00e0 Tarascon pendant les ann\u00e9es 1870. <\/p>\n\n\n\n<hr class=\"wp-block-separator\"\/>\n\n\n\n<p>Sources: <a href=\"https:\/\/artplastoc.blogspot.com\/2019\/10\/1064-depeyre-1841-1932-tongs-vers-1849.html\">ArtPlastco<\/a><\/p>\n\n\n\n<p> <\/p>\n","protected":false},"excerpt":{"rendered":"<p>La plus vieille photo connue du ch\u00e2teau de Miglos ! Jean Henri Jules Marie DEPEYR\u00c9 (1841-1932) Jean Henry (ou Henri) Jules Marie Depeyr\u00e9 est n\u00e9 \u00e0 Tarascon-sur-Ari\u00e8ge, le 2 octobre &#8230;<\/p>\n","protected":false},"author":2,"featured_media":5144,"comment_status":"closed","ping_status":"closed","sticky":false,"template":"","format":"standard","meta":{"ngg_post_thumbnail":0,"footnotes":""},"categories":[4,8],"tags":[],"yoast_head":"<!-- This site is optimized with the Yoast SEO plugin v23.0 - https:\/\/yoast.com\/wordpress\/plugins\/seo\/ -->\n<title>Ch\u00e2teau de Miglos vers 1870 par H.Dupeyr\u00e9 - Ch\u00e2teau de Miglos<\/title>\n<meta name=\"robots\" content=\"index, follow, max-snippet:-1, max-image-preview:large, max-video-preview:-1\" \/>\n<link rel=\"canonical\" href=\"https:\/\/chateau-miglos.fr\/wordpress-test\/2020\/03\/29\/chateau-de-miglos-vers-1870-par-h-dupeyre\/\" \/>\n<meta property=\"og:locale\" content=\"fr_FR\" \/>\n<meta property=\"og:type\" content=\"article\" \/>\n<meta property=\"og:title\" content=\"Ch\u00e2teau de Miglos vers 1870 par H.Dupeyr\u00e9 - Ch\u00e2teau de Miglos\" \/>\n<meta property=\"og:description\" content=\"La plus vieille photo connue du ch\u00e2teau de Miglos ! Jean Henri Jules Marie DEPEYR\u00c9 (1841-1932) Jean Henry (ou Henri) Jules Marie Depeyr\u00e9 est n\u00e9 \u00e0 Tarascon-sur-Ari\u00e8ge, le 2 octobre ...\" \/>\n<meta property=\"og:url\" content=\"https:\/\/chateau-miglos.fr\/wordpress-test\/2020\/03\/29\/chateau-de-miglos-vers-1870-par-h-dupeyre\/\" \/>\n<meta property=\"og:site_name\" content=\"Ch\u00e2teau de Miglos\" \/>\n<meta property=\"article:publisher\" content=\"https:\/\/www.facebook.com\/chateaudemiglos\/\" \/>\n<meta property=\"article:published_time\" content=\"2020-03-29T20:46:00+00:00\" \/>\n<meta property=\"article:modified_time\" content=\"2020-04-14T15:01:13+00:00\" \/>\n<meta property=\"og:image\" content=\"https:\/\/chateau-miglos.fr\/wordpress-test\/wp-content\/uploads\/2020\/03\/avant-chateau-deper-JG.png\" \/>\n\t<meta property=\"og:image:width\" content=\"600\" \/>\n\t<meta property=\"og:image:height\" content=\"300\" \/>\n\t<meta property=\"og:image:type\" content=\"image\/png\" \/>\n<meta name=\"author\" content=\"AACM\" \/>\n<meta name=\"twitter:card\" content=\"summary_large_image\" \/>\n<meta name=\"twitter:label1\" content=\"\u00c9crit par\" \/>\n\t<meta name=\"twitter:data1\" content=\"AACM\" \/>\n\t<meta name=\"twitter:label2\" content=\"Dur\u00e9e de lecture estim\u00e9e\" \/>\n\t<meta name=\"twitter:data2\" content=\"1 minute\" \/>\n<script type=\"application\/ld+json\" class=\"yoast-schema-graph\">{\"@context\":\"https:\/\/schema.org\",\"@graph\":[{\"@type\":\"Article\",\"@id\":\"https:\/\/chateau-miglos.fr\/wordpress-test\/2020\/03\/29\/chateau-de-miglos-vers-1870-par-h-dupeyre\/#article\",\"isPartOf\":{\"@id\":\"https:\/\/chateau-miglos.fr\/wordpress-test\/2020\/03\/29\/chateau-de-miglos-vers-1870-par-h-dupeyre\/\"},\"author\":{\"name\":\"AACM\",\"@id\":\"https:\/\/chateau-miglos.fr\/wordpress-test\/#\/schema\/person\/c7c9d611967a7bba7db9f7d72154455e\"},\"headline\":\"Ch\u00e2teau de Miglos vers 1870 par H.Dupeyr\u00e9\",\"datePublished\":\"2020-03-29T20:46:00+00:00\",\"dateModified\":\"2020-04-14T15:01:13+00:00\",\"mainEntityOfPage\":{\"@id\":\"https:\/\/chateau-miglos.fr\/wordpress-test\/2020\/03\/29\/chateau-de-miglos-vers-1870-par-h-dupeyre\/\"},\"wordCount\":286,\"publisher\":{\"@id\":\"https:\/\/chateau-miglos.fr\/wordpress-test\/#organization\"},\"image\":{\"@id\":\"https:\/\/chateau-miglos.fr\/wordpress-test\/2020\/03\/29\/chateau-de-miglos-vers-1870-par-h-dupeyre\/#primaryimage\"},\"thumbnailUrl\":\"https:\/\/chateau-miglos.fr\/wordpress-test\/wp-content\/uploads\/2020\/03\/avant-chateau-deper-JG.png\",\"articleSection\":[\"Actualit\u00e9s\",\"Photos Vid\u00e9os\"],\"inLanguage\":\"fr-FR\"},{\"@type\":\"WebPage\",\"@id\":\"https:\/\/chateau-miglos.fr\/wordpress-test\/2020\/03\/29\/chateau-de-miglos-vers-1870-par-h-dupeyre\/\",\"url\":\"https:\/\/chateau-miglos.fr\/wordpress-test\/2020\/03\/29\/chateau-de-miglos-vers-1870-par-h-dupeyre\/\",\"name\":\"Ch\u00e2teau de Miglos vers 1870 par H.Dupeyr\u00e9 - Ch\u00e2teau de Miglos\",\"isPartOf\":{\"@id\":\"https:\/\/chateau-miglos.fr\/wordpress-test\/#website\"},\"primaryImageOfPage\":{\"@id\":\"https:\/\/chateau-miglos.fr\/wordpress-test\/2020\/03\/29\/chateau-de-miglos-vers-1870-par-h-dupeyre\/#primaryimage\"},\"image\":{\"@id\":\"https:\/\/chateau-miglos.fr\/wordpress-test\/2020\/03\/29\/chateau-de-miglos-vers-1870-par-h-dupeyre\/#primaryimage\"},\"thumbnailUrl\":\"https:\/\/chateau-miglos.fr\/wordpress-test\/wp-content\/uploads\/2020\/03\/avant-chateau-deper-JG.png\",\"datePublished\":\"2020-03-29T20:46:00+00:00\",\"dateModified\":\"2020-04-14T15:01:13+00:00\",\"breadcrumb\":{\"@id\":\"https:\/\/chateau-miglos.fr\/wordpress-test\/2020\/03\/29\/chateau-de-miglos-vers-1870-par-h-dupeyre\/#breadcrumb\"},\"inLanguage\":\"fr-FR\",\"potentialAction\":[{\"@type\":\"ReadAction\",\"target\":[\"https:\/\/chateau-miglos.fr\/wordpress-test\/2020\/03\/29\/chateau-de-miglos-vers-1870-par-h-dupeyre\/\"]}]},{\"@type\":\"ImageObject\",\"inLanguage\":\"fr-FR\",\"@id\":\"https:\/\/chateau-miglos.fr\/wordpress-test\/2020\/03\/29\/chateau-de-miglos-vers-1870-par-h-dupeyre\/#primaryimage\",\"url\":\"https:\/\/chateau-miglos.fr\/wordpress-test\/wp-content\/uploads\/2020\/03\/avant-chateau-deper-JG.png\",\"contentUrl\":\"https:\/\/chateau-miglos.fr\/wordpress-test\/wp-content\/uploads\/2020\/03\/avant-chateau-deper-JG.png\",\"width\":600,\"height\":300},{\"@type\":\"BreadcrumbList\",\"@id\":\"https:\/\/chateau-miglos.fr\/wordpress-test\/2020\/03\/29\/chateau-de-miglos-vers-1870-par-h-dupeyre\/#breadcrumb\",\"itemListElement\":[{\"@type\":\"ListItem\",\"position\":1,\"name\":\"Accueil\",\"item\":\"https:\/\/chateau-miglos.fr\/wordpress-test\/\"},{\"@type\":\"ListItem\",\"position\":2,\"name\":\"Ch\u00e2teau de Miglos vers 1870 par H.Dupeyr\u00e9\"}]},{\"@type\":\"WebSite\",\"@id\":\"https:\/\/chateau-miglos.fr\/wordpress-test\/#website\",\"url\":\"https:\/\/chateau-miglos.fr\/wordpress-test\/\",\"name\":\"Ch\u00e2teau de Miglos\",\"description\":\"une ch\u00e2teau, une vall\u00e9e\",\"publisher\":{\"@id\":\"https:\/\/chateau-miglos.fr\/wordpress-test\/#organization\"},\"potentialAction\":[{\"@type\":\"SearchAction\",\"target\":{\"@type\":\"EntryPoint\",\"urlTemplate\":\"https:\/\/chateau-miglos.fr\/wordpress-test\/?s={search_term_string}\"},\"query-input\":\"required name=search_term_string\"}],\"inLanguage\":\"fr-FR\"},{\"@type\":\"Organization\",\"@id\":\"https:\/\/chateau-miglos.fr\/wordpress-test\/#organization\",\"name\":\"Ch\u00e2teau de Miglos\",\"url\":\"https:\/\/chateau-miglos.fr\/wordpress-test\/\",\"logo\":{\"@type\":\"ImageObject\",\"inLanguage\":\"fr-FR\",\"@id\":\"https:\/\/chateau-miglos.fr\/wordpress-test\/#\/schema\/logo\/image\/\",\"url\":\"https:\/\/chateau-miglos.fr\/wordpress-test\/wp-content\/uploads\/2019\/06\/seul.png\",\"contentUrl\":\"https:\/\/chateau-miglos.fr\/wordpress-test\/wp-content\/uploads\/2019\/06\/seul.png\",\"width\":801,\"height\":705,\"caption\":\"Ch\u00e2teau de Miglos\"},\"image\":{\"@id\":\"https:\/\/chateau-miglos.fr\/wordpress-test\/#\/schema\/logo\/image\/\"},\"sameAs\":[\"https:\/\/www.facebook.com\/chateaudemiglos\/\",\"https:\/\/www.instagram.com\/chateaudemiglos\/\",\"https:\/\/www.youtube.com\/channel\/UC70FrOmo9xvq8eHCA4YTs9A\",\"https:\/\/fr.wikipedia.org\/wiki\/Ch\u00e2teau_de_Miglos\"]},{\"@type\":\"Person\",\"@id\":\"https:\/\/chateau-miglos.fr\/wordpress-test\/#\/schema\/person\/c7c9d611967a7bba7db9f7d72154455e\",\"name\":\"AACM\",\"image\":{\"@type\":\"ImageObject\",\"inLanguage\":\"fr-FR\",\"@id\":\"https:\/\/chateau-miglos.fr\/wordpress-test\/#\/schema\/person\/image\/\",\"url\":\"https:\/\/secure.gravatar.com\/avatar\/b704daf4c3f56428875cf047b8f9eb25?s=96&d=mm&r=g\",\"contentUrl\":\"https:\/\/secure.gravatar.com\/avatar\/b704daf4c3f56428875cf047b8f9eb25?s=96&d=mm&r=g\",\"caption\":\"AACM\"}}]}<\/script>\n<!-- \/ Yoast SEO plugin. -->","yoast_head_json":{"title":"Ch\u00e2teau de Miglos vers 1870 par H.Dupeyr\u00e9 - Ch\u00e2teau de Miglos","robots":{"index":"index","follow":"follow","max-snippet":"max-snippet:-1","max-image-preview":"max-image-preview:large","max-video-preview":"max-video-preview:-1"},"canonical":"https:\/\/chateau-miglos.fr\/wordpress-test\/2020\/03\/29\/chateau-de-miglos-vers-1870-par-h-dupeyre\/","og_locale":"fr_FR","og_type":"article","og_title":"Ch\u00e2teau de Miglos vers 1870 par H.Dupeyr\u00e9 - Ch\u00e2teau de Miglos","og_description":"La plus vieille photo connue du ch\u00e2teau de Miglos ! Jean Henri Jules Marie DEPEYR\u00c9 (1841-1932) Jean Henry (ou Henri) Jules Marie Depeyr\u00e9 est n\u00e9 \u00e0 Tarascon-sur-Ari\u00e8ge, le 2 octobre ...","og_url":"https:\/\/chateau-miglos.fr\/wordpress-test\/2020\/03\/29\/chateau-de-miglos-vers-1870-par-h-dupeyre\/","og_site_name":"Ch\u00e2teau de Miglos","article_publisher":"https:\/\/www.facebook.com\/chateaudemiglos\/","article_published_time":"2020-03-29T20:46:00+00:00","article_modified_time":"2020-04-14T15:01:13+00:00","og_image":[{"width":600,"height":300,"url":"https:\/\/chateau-miglos.fr\/wordpress-test\/wp-content\/uploads\/2020\/03\/avant-chateau-deper-JG.png","type":"image\/png"}],"author":"AACM","twitter_card":"summary_large_image","twitter_misc":{"\u00c9crit par":"AACM","Dur\u00e9e de lecture estim\u00e9e":"1 minute"},"schema":{"@context":"https:\/\/schema.org","@graph":[{"@type":"Article","@id":"https:\/\/chateau-miglos.fr\/wordpress-test\/2020\/03\/29\/chateau-de-miglos-vers-1870-par-h-dupeyre\/#article","isPartOf":{"@id":"https:\/\/chateau-miglos.fr\/wordpress-test\/2020\/03\/29\/chateau-de-miglos-vers-1870-par-h-dupeyre\/"},"author":{"name":"AACM","@id":"https:\/\/chateau-miglos.fr\/wordpress-test\/#\/schema\/person\/c7c9d611967a7bba7db9f7d72154455e"},"headline":"Ch\u00e2teau de Miglos vers 1870 par H.Dupeyr\u00e9","datePublished":"2020-03-29T20:46:00+00:00","dateModified":"2020-04-14T15:01:13+00:00","mainEntityOfPage":{"@id":"https:\/\/chateau-miglos.fr\/wordpress-test\/2020\/03\/29\/chateau-de-miglos-vers-1870-par-h-dupeyre\/"},"wordCount":286,"publisher":{"@id":"https:\/\/chateau-miglos.fr\/wordpress-test\/#organization"},"image":{"@id":"https:\/\/chateau-miglos.fr\/wordpress-test\/2020\/03\/29\/chateau-de-miglos-vers-1870-par-h-dupeyre\/#primaryimage"},"thumbnailUrl":"https:\/\/chateau-miglos.fr\/wordpress-test\/wp-content\/uploads\/2020\/03\/avant-chateau-deper-JG.png","articleSection":["Actualit\u00e9s","Photos Vid\u00e9os"],"inLanguage":"fr-FR"},{"@type":"WebPage","@id":"https:\/\/chateau-miglos.fr\/wordpress-test\/2020\/03\/29\/chateau-de-miglos-vers-1870-par-h-dupeyre\/","url":"https:\/\/chateau-miglos.fr\/wordpress-test\/2020\/03\/29\/chateau-de-miglos-vers-1870-par-h-dupeyre\/","name":"Ch\u00e2teau de Miglos vers 1870 par H.Dupeyr\u00e9 - Ch\u00e2teau de Miglos","isPartOf":{"@id":"https:\/\/chateau-miglos.fr\/wordpress-test\/#website"},"primaryImageOfPage":{"@id":"https:\/\/chateau-miglos.fr\/wordpress-test\/2020\/03\/29\/chateau-de-miglos-vers-1870-par-h-dupeyre\/#primaryimage"},"image":{"@id":"https:\/\/chateau-miglos.fr\/wordpress-test\/2020\/03\/29\/chateau-de-miglos-vers-1870-par-h-dupeyre\/#primaryimage"},"thumbnailUrl":"https:\/\/chateau-miglos.fr\/wordpress-test\/wp-content\/uploads\/2020\/03\/avant-chateau-deper-JG.png","datePublished":"2020-03-29T20:46:00+00:00","dateModified":"2020-04-14T15:01:13+00:00","breadcrumb":{"@id":"https:\/\/chateau-miglos.fr\/wordpress-test\/2020\/03\/29\/chateau-de-miglos-vers-1870-par-h-dupeyre\/#breadcrumb"},"inLanguage":"fr-FR","potentialAction":[{"@type":"ReadAction","target":["https:\/\/chateau-miglos.fr\/wordpress-test\/2020\/03\/29\/chateau-de-miglos-vers-1870-par-h-dupeyre\/"]}]},{"@type":"ImageObject","inLanguage":"fr-FR","@id":"https:\/\/chateau-miglos.fr\/wordpress-test\/2020\/03\/29\/chateau-de-miglos-vers-1870-par-h-dupeyre\/#primaryimage","url":"https:\/\/chateau-miglos.fr\/wordpress-test\/wp-content\/uploads\/2020\/03\/avant-chateau-deper-JG.png","contentUrl":"https:\/\/chateau-miglos.fr\/wordpress-test\/wp-content\/uploads\/2020\/03\/avant-chateau-deper-JG.png","width":600,"height":300},{"@type":"BreadcrumbList","@id":"https:\/\/chateau-miglos.fr\/wordpress-test\/2020\/03\/29\/chateau-de-miglos-vers-1870-par-h-dupeyre\/#breadcrumb","itemListElement":[{"@type":"ListItem","position":1,"name":"Accueil","item":"https:\/\/chateau-miglos.fr\/wordpress-test\/"},{"@type":"ListItem","position":2,"name":"Ch\u00e2teau de Miglos vers 1870 par H.Dupeyr\u00e9"}]},{"@type":"WebSite","@id":"https:\/\/chateau-miglos.fr\/wordpress-test\/#website","url":"https:\/\/chateau-miglos.fr\/wordpress-test\/","name":"Ch\u00e2teau de Miglos","description":"une ch\u00e2teau, une vall\u00e9e","publisher":{"@id":"https:\/\/chateau-miglos.fr\/wordpress-test\/#organization"},"potentialAction":[{"@type":"SearchAction","target":{"@type":"EntryPoint","urlTemplate":"https:\/\/chateau-miglos.fr\/wordpress-test\/?s={search_term_string}"},"query-input":"required name=search_term_string"}],"inLanguage":"fr-FR"},{"@type":"Organization","@id":"https:\/\/chateau-miglos.fr\/wordpress-test\/#organization","name":"Ch\u00e2teau de Miglos","url":"https:\/\/chateau-miglos.fr\/wordpress-test\/","logo":{"@type":"ImageObject","inLanguage":"fr-FR","@id":"https:\/\/chateau-miglos.fr\/wordpress-test\/#\/schema\/logo\/image\/","url":"https:\/\/chateau-miglos.fr\/wordpress-test\/wp-content\/uploads\/2019\/06\/seul.png","contentUrl":"https:\/\/chateau-miglos.fr\/wordpress-test\/wp-content\/uploads\/2019\/06\/seul.png","width":801,"height":705,"caption":"Ch\u00e2teau de Miglos"},"image":{"@id":"https:\/\/chateau-miglos.fr\/wordpress-test\/#\/schema\/logo\/image\/"},"sameAs":["https:\/\/www.facebook.com\/chateaudemiglos\/","https:\/\/www.instagram.com\/chateaudemiglos\/","https:\/\/www.youtube.com\/channel\/UC70FrOmo9xvq8eHCA4YTs9A","https:\/\/fr.wikipedia.org\/wiki\/Ch\u00e2teau_de_Miglos"]},{"@type":"Person","@id":"https:\/\/chateau-miglos.fr\/wordpress-test\/#\/schema\/person\/c7c9d611967a7bba7db9f7d72154455e","name":"AACM","image":{"@type":"ImageObject","inLanguage":"fr-FR","@id":"https:\/\/chateau-miglos.fr\/wordpress-test\/#\/schema\/person\/image\/","url":"https:\/\/secure.gravatar.com\/avatar\/b704daf4c3f56428875cf047b8f9eb25?s=96&d=mm&r=g","contentUrl":"https:\/\/secure.gravatar.com\/avatar\/b704daf4c3f56428875cf047b8f9eb25?s=96&d=mm&r=g","caption":"AACM"}}]}},"jetpack_featured_media_url":"https:\/\/chateau-miglos.fr\/wordpress-test\/wp-content\/uploads\/2020\/03\/avant-chateau-deper-JG.png","rttpg_featured_image_url":{"full":["https:\/\/chateau-miglos.fr\/wordpress-test\/wp-content\/uploads\/2020\/03\/avant-chateau-deper-JG.png",600,300,false],"landscape":["https:\/\/chateau-miglos.fr\/wordpress-test\/wp-content\/uploads\/2020\/03\/avant-chateau-deper-JG.png",600,300,false],"portraits":["https:\/\/chateau-miglos.fr\/wordpress-test\/wp-content\/uploads\/2020\/03\/avant-chateau-deper-JG.png",600,300,false],"thumbnail":["https:\/\/chateau-miglos.fr\/wordpress-test\/wp-content\/uploads\/2020\/03\/avant-chateau-deper-JG-150x150.png",150,150,true],"medium":["https:\/\/chateau-miglos.fr\/wordpress-test\/wp-content\/uploads\/2020\/03\/avant-chateau-deper-JG-300x150.png",300,150,true],"large":["https:\/\/chateau-miglos.fr\/wordpress-test\/wp-content\/uploads\/2020\/03\/avant-chateau-deper-JG.png",600,300,false],"1536x1536":["https:\/\/chateau-miglos.fr\/wordpress-test\/wp-content\/uploads\/2020\/03\/avant-chateau-deper-JG.png",600,300,false],"2048x2048":["https:\/\/chateau-miglos.fr\/wordpress-test\/wp-content\/uploads\/2020\/03\/avant-chateau-deper-JG.png",600,300,false],"onepress-blog-small":["https:\/\/chateau-miglos.fr\/wordpress-test\/wp-content\/uploads\/2020\/03\/avant-chateau-deper-JG-300x150.png",300,150,true],"onepress-small":["https:\/\/chateau-miglos.fr\/wordpress-test\/wp-content\/uploads\/2020\/03\/avant-chateau-deper-JG-480x300.png",480,300,true],"onepress-medium":["https:\/\/chateau-miglos.fr\/wordpress-test\/wp-content\/uploads\/2020\/03\/avant-chateau-deper-JG.png",600,300,false],"sow-carousel-default":["https:\/\/chateau-miglos.fr\/wordpress-test\/wp-content\/uploads\/2020\/03\/avant-chateau-deper-JG-272x182.png",272,182,true]},"rttpg_author":{"display_name":"AACM","author_link":"https:\/\/chateau-miglos.fr\/wordpress-test\/author\/aacm\/"},"rttpg_comment":0,"rttpg_category":"<a href=\"https:\/\/chateau-miglos.fr\/wordpress-test\/category\/actualites\/\" rel=\"category tag\">Actualit\u00e9s<\/a> <a href=\"https:\/\/chateau-miglos.fr\/wordpress-test\/category\/photos-videos\/\" rel=\"category tag\">Photos Vid\u00e9os<\/a>","rttpg_excerpt":"La plus vieille photo connue du ch\u00e2teau de Miglos ! Jean Henri Jules Marie DEPEYR\u00c9 (1841-1932) Jean Henry (ou Henri) Jules Marie Depeyr\u00e9 est n\u00e9 \u00e0 Tarascon-sur-Ari\u00e8ge, le 2 octobre ...","_links":{"self":[{"href":"https:\/\/chateau-miglos.fr\/wordpress-test\/wp-json\/wp\/v2\/posts\/5133"}],"collection":[{"href":"https:\/\/chateau-miglos.fr\/wordpress-test\/wp-json\/wp\/v2\/posts"}],"about":[{"href":"https:\/\/chateau-miglos.fr\/wordpress-test\/wp-json\/wp\/v2\/types\/post"}],"author":[{"embeddable":true,"href":"https:\/\/chateau-miglos.fr\/wordpress-test\/wp-json\/wp\/v2\/users\/2"}],"replies":[{"embeddable":true,"href":"https:\/\/chateau-miglos.fr\/wordpress-test\/wp-json\/wp\/v2\/comments?post=5133"}],"version-history":[{"count":14,"href":"https:\/\/chateau-miglos.fr\/wordpress-test\/wp-json\/wp\/v2\/posts\/5133\/revisions"}],"predecessor-version":[{"id":5393,"href":"https:\/\/chateau-miglos.fr\/wordpress-test\/wp-json\/wp\/v2\/posts\/5133\/revisions\/5393"}],"wp:featuredmedia":[{"embeddable":true,"href":"https:\/\/chateau-miglos.fr\/wordpress-test\/wp-json\/wp\/v2\/media\/5144"}],"wp:attachment":[{"href":"https:\/\/chateau-miglos.fr\/wordpress-test\/wp-json\/wp\/v2\/media?parent=5133"}],"wp:term":[{"taxonomy":"category","embeddable":true,"href":"https:\/\/chateau-miglos.fr\/wordpress-test\/wp-json\/wp\/v2\/categories?post=5133"},{"taxonomy":"post_tag","embeddable":true,"href":"https:\/\/chateau-miglos.fr\/wordpress-test\/wp-json\/wp\/v2\/tags?post=5133"}],"curies":[{"name":"wp","href":"https:\/\/api.w.org\/{rel}","templated":true}]}}