{"id":4871,"date":"2019-01-25T15:40:00","date_gmt":"2019-01-25T14:40:00","guid":{"rendered":"https:\/\/chateau-miglos.fr\/wordpress-test\/?p=4871"},"modified":"2020-01-25T16:18:07","modified_gmt":"2020-01-25T15:18:07","slug":"renouvellement-du-traite-23-juin-1680","status":"publish","type":"post","link":"https:\/\/chateau-miglos.fr\/wordpress-test\/2019\/01\/25\/renouvellement-du-traite-23-juin-1680\/","title":{"rendered":"Renouvellement du trait\u00e9 &#8211; 23 juin 1680"},"content":{"rendered":"\n<p class=\"has-text-align-center\"><strong>Renouvellement du trait\u00e9, le 23 juin 1680,<br>entre la paroisse d&#8217;Ordino (Andorre) et la communaut\u00e9 de Miglos<\/strong><br>(AD 09 , 5 E 670, f\u00b0138)<\/p>\n\n\n\n<div class=\"wp-block-image\"><figure class=\"aligncenter size-large is-resized\"><a href=\"https:\/\/chateau-miglos.fr\/wordpress-test\/wp-content\/uploads\/2020\/01\/Renouvellement-traite-23juin1680.pdf\" target=\"_blank\" rel=\"noreferrer noopener\"><img loading=\"lazy\" decoding=\"async\" src=\"https:\/\/chateau-miglos.fr\/wordpress-test\/wp-content\/uploads\/2020\/01\/1680-1-1024x676.png\" alt=\"Renouvellement du trait\u00e9, le 23 juin 1680,\nentre la paroisse d'Ordino (Andorre) et la communaut\u00e9 de Miglos\n(AD 09 , 5 E 670, f\u00b0138)\" class=\"wp-image-4749\" width=\"768\" height=\"507\"\/><\/a><\/figure><\/div>\n\n\n\n<div class=\"wp-block-file aligncenter\"><a href=\"https:\/\/chateau-miglos.fr\/wordpress-test\/wp-content\/uploads\/2020\/01\/Renouvellement-traite-23juin1680.pdf\" target=\"_blank\" rel=\"noreferrer noopener\">Renouvellement-traite-23juin1680<\/a><a href=\"https:\/\/chateau-miglos.fr\/wordpress-test\/wp-content\/uploads\/2020\/01\/Renouvellement-traite-23juin1680.pdf\" class=\"wp-block-file__button\" download>T\u00e9l\u00e9charger<\/a><\/div>\n\n\n\n<p><\/p>\n","protected":false},"excerpt":{"rendered":"<p>Renouvellement du trait\u00e9, le 23 juin 1680,entre la paroisse d&#8217;Ordino (Andorre) et la communaut\u00e9 de Miglos(AD 09 , 5 E 670, f\u00b0138)<\/p>\n","protected":false},"author":2,"featured_media":4878,"comment_status":"closed","ping_status":"closed","sticky":false,"template":"","format":"standard","meta":{"ngg_post_thumbnail":0,"footnotes":""},"categories":[29],"tags":[],"yoast_head":"<!-- This site is optimized with the Yoast SEO plugin v23.0 - https:\/\/yoast.com\/wordpress\/plugins\/seo\/ -->\n<title>Renouvellement du trait\u00e9 - 23 juin 1680 - Ch\u00e2teau de Miglos<\/title>\n<meta name=\"description\" content=\"Renouvellement du trait\u00e9, le 23 juin 1680,entre la paroisse d&#039;Ordino (Andorre) et la communaut\u00e9 de Miglos (AD 09 , 5 E 670, f\u00b0138)\" \/>\n<meta name=\"robots\" content=\"index, follow, max-snippet:-1, max-image-preview:large, max-video-preview:-1\" \/>\n<link rel=\"canonical\" href=\"https:\/\/chateau-miglos.fr\/wordpress-test\/2019\/01\/25\/renouvellement-du-traite-23-juin-1680\/\" \/>\n<meta property=\"og:locale\" content=\"fr_FR\" \/>\n<meta property=\"og:type\" content=\"article\" \/>\n<meta property=\"og:title\" content=\"Renouvellement du trait\u00e9 - 23 juin 1680 - Ch\u00e2teau de Miglos\" \/>\n<meta property=\"og:description\" content=\"Renouvellement du trait\u00e9, le 23 juin 1680,entre la paroisse d&#039;Ordino (Andorre) et la communaut\u00e9 de Miglos (AD 09 , 5 E 670, f\u00b0138)\" \/>\n<meta property=\"og:url\" content=\"https:\/\/chateau-miglos.fr\/wordpress-test\/2019\/01\/25\/renouvellement-du-traite-23-juin-1680\/\" \/>\n<meta property=\"og:site_name\" content=\"Ch\u00e2teau de Miglos\" \/>\n<meta property=\"article:publisher\" content=\"https:\/\/www.facebook.com\/chateaudemiglos\/\" \/>\n<meta property=\"article:published_time\" content=\"2019-01-25T14:40:00+00:00\" \/>\n<meta property=\"article:modified_time\" content=\"2020-01-25T15:18:07+00:00\" \/>\n<meta property=\"og:image\" content=\"https:\/\/chateau-miglos.fr\/wordpress-test\/wp-content\/uploads\/2019\/01\/avant-lies.png\" \/>\n\t<meta property=\"og:image:width\" content=\"1024\" \/>\n\t<meta property=\"og:image:height\" content=\"638\" \/>\n\t<meta property=\"og:image:type\" content=\"image\/png\" \/>\n<meta name=\"author\" content=\"AACM\" \/>\n<meta name=\"twitter:card\" content=\"summary_large_image\" \/>\n<meta name=\"twitter:label1\" content=\"\u00c9crit par\" \/>\n\t<meta name=\"twitter:data1\" content=\"AACM\" \/>\n<script type=\"application\/ld+json\" class=\"yoast-schema-graph\">{\"@context\":\"https:\/\/schema.org\",\"@graph\":[{\"@type\":\"Article\",\"@id\":\"https:\/\/chateau-miglos.fr\/wordpress-test\/2019\/01\/25\/renouvellement-du-traite-23-juin-1680\/#article\",\"isPartOf\":{\"@id\":\"https:\/\/chateau-miglos.fr\/wordpress-test\/2019\/01\/25\/renouvellement-du-traite-23-juin-1680\/\"},\"author\":{\"name\":\"AACM\",\"@id\":\"https:\/\/chateau-miglos.fr\/wordpress-test\/#\/schema\/person\/c7c9d611967a7bba7db9f7d72154455e\"},\"headline\":\"Renouvellement du trait\u00e9 &#8211; 23 juin 1680\",\"datePublished\":\"2019-01-25T14:40:00+00:00\",\"dateModified\":\"2020-01-25T15:18:07+00:00\",\"mainEntityOfPage\":{\"@id\":\"https:\/\/chateau-miglos.fr\/wordpress-test\/2019\/01\/25\/renouvellement-du-traite-23-juin-1680\/\"},\"wordCount\":28,\"publisher\":{\"@id\":\"https:\/\/chateau-miglos.fr\/wordpress-test\/#organization\"},\"image\":{\"@id\":\"https:\/\/chateau-miglos.fr\/wordpress-test\/2019\/01\/25\/renouvellement-du-traite-23-juin-1680\/#primaryimage\"},\"thumbnailUrl\":\"https:\/\/chateau-miglos.fr\/wordpress-test\/wp-content\/uploads\/2019\/01\/avant-lies.png\",\"articleSection\":[\"Bibliographie\"],\"inLanguage\":\"fr-FR\"},{\"@type\":\"WebPage\",\"@id\":\"https:\/\/chateau-miglos.fr\/wordpress-test\/2019\/01\/25\/renouvellement-du-traite-23-juin-1680\/\",\"url\":\"https:\/\/chateau-miglos.fr\/wordpress-test\/2019\/01\/25\/renouvellement-du-traite-23-juin-1680\/\",\"name\":\"Renouvellement du trait\u00e9 - 23 juin 1680 - Ch\u00e2teau de Miglos\",\"isPartOf\":{\"@id\":\"https:\/\/chateau-miglos.fr\/wordpress-test\/#website\"},\"primaryImageOfPage\":{\"@id\":\"https:\/\/chateau-miglos.fr\/wordpress-test\/2019\/01\/25\/renouvellement-du-traite-23-juin-1680\/#primaryimage\"},\"image\":{\"@id\":\"https:\/\/chateau-miglos.fr\/wordpress-test\/2019\/01\/25\/renouvellement-du-traite-23-juin-1680\/#primaryimage\"},\"thumbnailUrl\":\"https:\/\/chateau-miglos.fr\/wordpress-test\/wp-content\/uploads\/2019\/01\/avant-lies.png\",\"datePublished\":\"2019-01-25T14:40:00+00:00\",\"dateModified\":\"2020-01-25T15:18:07+00:00\",\"description\":\"Renouvellement du trait\u00e9, le 23 juin 1680,entre la paroisse d'Ordino (Andorre) et la communaut\u00e9 de Miglos (AD 09 , 5 E 670, f\u00b0138)\",\"breadcrumb\":{\"@id\":\"https:\/\/chateau-miglos.fr\/wordpress-test\/2019\/01\/25\/renouvellement-du-traite-23-juin-1680\/#breadcrumb\"},\"inLanguage\":\"fr-FR\",\"potentialAction\":[{\"@type\":\"ReadAction\",\"target\":[\"https:\/\/chateau-miglos.fr\/wordpress-test\/2019\/01\/25\/renouvellement-du-traite-23-juin-1680\/\"]}]},{\"@type\":\"ImageObject\",\"inLanguage\":\"fr-FR\",\"@id\":\"https:\/\/chateau-miglos.fr\/wordpress-test\/2019\/01\/25\/renouvellement-du-traite-23-juin-1680\/#primaryimage\",\"url\":\"https:\/\/chateau-miglos.fr\/wordpress-test\/wp-content\/uploads\/2019\/01\/avant-lies.png\",\"contentUrl\":\"https:\/\/chateau-miglos.fr\/wordpress-test\/wp-content\/uploads\/2019\/01\/avant-lies.png\",\"width\":1024,\"height\":638},{\"@type\":\"BreadcrumbList\",\"@id\":\"https:\/\/chateau-miglos.fr\/wordpress-test\/2019\/01\/25\/renouvellement-du-traite-23-juin-1680\/#breadcrumb\",\"itemListElement\":[{\"@type\":\"ListItem\",\"position\":1,\"name\":\"Accueil\",\"item\":\"https:\/\/chateau-miglos.fr\/wordpress-test\/\"},{\"@type\":\"ListItem\",\"position\":2,\"name\":\"Renouvellement du trait\u00e9 &#8211; 23 juin 1680\"}]},{\"@type\":\"WebSite\",\"@id\":\"https:\/\/chateau-miglos.fr\/wordpress-test\/#website\",\"url\":\"https:\/\/chateau-miglos.fr\/wordpress-test\/\",\"name\":\"Ch\u00e2teau de Miglos\",\"description\":\"une ch\u00e2teau, une vall\u00e9e\",\"publisher\":{\"@id\":\"https:\/\/chateau-miglos.fr\/wordpress-test\/#organization\"},\"potentialAction\":[{\"@type\":\"SearchAction\",\"target\":{\"@type\":\"EntryPoint\",\"urlTemplate\":\"https:\/\/chateau-miglos.fr\/wordpress-test\/?s={search_term_string}\"},\"query-input\":\"required name=search_term_string\"}],\"inLanguage\":\"fr-FR\"},{\"@type\":\"Organization\",\"@id\":\"https:\/\/chateau-miglos.fr\/wordpress-test\/#organization\",\"name\":\"Ch\u00e2teau de Miglos\",\"url\":\"https:\/\/chateau-miglos.fr\/wordpress-test\/\",\"logo\":{\"@type\":\"ImageObject\",\"inLanguage\":\"fr-FR\",\"@id\":\"https:\/\/chateau-miglos.fr\/wordpress-test\/#\/schema\/logo\/image\/\",\"url\":\"https:\/\/chateau-miglos.fr\/wordpress-test\/wp-content\/uploads\/2019\/06\/seul.png\",\"contentUrl\":\"https:\/\/chateau-miglos.fr\/wordpress-test\/wp-content\/uploads\/2019\/06\/seul.png\",\"width\":801,\"height\":705,\"caption\":\"Ch\u00e2teau de Miglos\"},\"image\":{\"@id\":\"https:\/\/chateau-miglos.fr\/wordpress-test\/#\/schema\/logo\/image\/\"},\"sameAs\":[\"https:\/\/www.facebook.com\/chateaudemiglos\/\",\"https:\/\/www.instagram.com\/chateaudemiglos\/\",\"https:\/\/www.youtube.com\/channel\/UC70FrOmo9xvq8eHCA4YTs9A\",\"https:\/\/fr.wikipedia.org\/wiki\/Ch\u00e2teau_de_Miglos\"]},{\"@type\":\"Person\",\"@id\":\"https:\/\/chateau-miglos.fr\/wordpress-test\/#\/schema\/person\/c7c9d611967a7bba7db9f7d72154455e\",\"name\":\"AACM\",\"image\":{\"@type\":\"ImageObject\",\"inLanguage\":\"fr-FR\",\"@id\":\"https:\/\/chateau-miglos.fr\/wordpress-test\/#\/schema\/person\/image\/\",\"url\":\"https:\/\/secure.gravatar.com\/avatar\/b704daf4c3f56428875cf047b8f9eb25?s=96&d=mm&r=g\",\"contentUrl\":\"https:\/\/secure.gravatar.com\/avatar\/b704daf4c3f56428875cf047b8f9eb25?s=96&d=mm&r=g\",\"caption\":\"AACM\"}}]}<\/script>\n<!-- \/ Yoast SEO plugin. -->","yoast_head_json":{"title":"Renouvellement du trait\u00e9 - 23 juin 1680 - Ch\u00e2teau de Miglos","description":"Renouvellement du trait\u00e9, le 23 juin 1680,entre la paroisse d'Ordino (Andorre) et la communaut\u00e9 de Miglos (AD 09 , 5 E 670, f\u00b0138)","robots":{"index":"index","follow":"follow","max-snippet":"max-snippet:-1","max-image-preview":"max-image-preview:large","max-video-preview":"max-video-preview:-1"},"canonical":"https:\/\/chateau-miglos.fr\/wordpress-test\/2019\/01\/25\/renouvellement-du-traite-23-juin-1680\/","og_locale":"fr_FR","og_type":"article","og_title":"Renouvellement du trait\u00e9 - 23 juin 1680 - Ch\u00e2teau de Miglos","og_description":"Renouvellement du trait\u00e9, le 23 juin 1680,entre la paroisse d'Ordino (Andorre) et la communaut\u00e9 de Miglos (AD 09 , 5 E 670, f\u00b0138)","og_url":"https:\/\/chateau-miglos.fr\/wordpress-test\/2019\/01\/25\/renouvellement-du-traite-23-juin-1680\/","og_site_name":"Ch\u00e2teau de Miglos","article_publisher":"https:\/\/www.facebook.com\/chateaudemiglos\/","article_published_time":"2019-01-25T14:40:00+00:00","article_modified_time":"2020-01-25T15:18:07+00:00","og_image":[{"width":1024,"height":638,"url":"https:\/\/chateau-miglos.fr\/wordpress-test\/wp-content\/uploads\/2019\/01\/avant-lies.png","type":"image\/png"}],"author":"AACM","twitter_card":"summary_large_image","twitter_misc":{"\u00c9crit par":"AACM"},"schema":{"@context":"https:\/\/schema.org","@graph":[{"@type":"Article","@id":"https:\/\/chateau-miglos.fr\/wordpress-test\/2019\/01\/25\/renouvellement-du-traite-23-juin-1680\/#article","isPartOf":{"@id":"https:\/\/chateau-miglos.fr\/wordpress-test\/2019\/01\/25\/renouvellement-du-traite-23-juin-1680\/"},"author":{"name":"AACM","@id":"https:\/\/chateau-miglos.fr\/wordpress-test\/#\/schema\/person\/c7c9d611967a7bba7db9f7d72154455e"},"headline":"Renouvellement du trait\u00e9 &#8211; 23 juin 1680","datePublished":"2019-01-25T14:40:00+00:00","dateModified":"2020-01-25T15:18:07+00:00","mainEntityOfPage":{"@id":"https:\/\/chateau-miglos.fr\/wordpress-test\/2019\/01\/25\/renouvellement-du-traite-23-juin-1680\/"},"wordCount":28,"publisher":{"@id":"https:\/\/chateau-miglos.fr\/wordpress-test\/#organization"},"image":{"@id":"https:\/\/chateau-miglos.fr\/wordpress-test\/2019\/01\/25\/renouvellement-du-traite-23-juin-1680\/#primaryimage"},"thumbnailUrl":"https:\/\/chateau-miglos.fr\/wordpress-test\/wp-content\/uploads\/2019\/01\/avant-lies.png","articleSection":["Bibliographie"],"inLanguage":"fr-FR"},{"@type":"WebPage","@id":"https:\/\/chateau-miglos.fr\/wordpress-test\/2019\/01\/25\/renouvellement-du-traite-23-juin-1680\/","url":"https:\/\/chateau-miglos.fr\/wordpress-test\/2019\/01\/25\/renouvellement-du-traite-23-juin-1680\/","name":"Renouvellement du trait\u00e9 - 23 juin 1680 - Ch\u00e2teau de Miglos","isPartOf":{"@id":"https:\/\/chateau-miglos.fr\/wordpress-test\/#website"},"primaryImageOfPage":{"@id":"https:\/\/chateau-miglos.fr\/wordpress-test\/2019\/01\/25\/renouvellement-du-traite-23-juin-1680\/#primaryimage"},"image":{"@id":"https:\/\/chateau-miglos.fr\/wordpress-test\/2019\/01\/25\/renouvellement-du-traite-23-juin-1680\/#primaryimage"},"thumbnailUrl":"https:\/\/chateau-miglos.fr\/wordpress-test\/wp-content\/uploads\/2019\/01\/avant-lies.png","datePublished":"2019-01-25T14:40:00+00:00","dateModified":"2020-01-25T15:18:07+00:00","description":"Renouvellement du trait\u00e9, le 23 juin 1680,entre la paroisse d'Ordino (Andorre) et la communaut\u00e9 de Miglos (AD 09 , 5 E 670, f\u00b0138)","breadcrumb":{"@id":"https:\/\/chateau-miglos.fr\/wordpress-test\/2019\/01\/25\/renouvellement-du-traite-23-juin-1680\/#breadcrumb"},"inLanguage":"fr-FR","potentialAction":[{"@type":"ReadAction","target":["https:\/\/chateau-miglos.fr\/wordpress-test\/2019\/01\/25\/renouvellement-du-traite-23-juin-1680\/"]}]},{"@type":"ImageObject","inLanguage":"fr-FR","@id":"https:\/\/chateau-miglos.fr\/wordpress-test\/2019\/01\/25\/renouvellement-du-traite-23-juin-1680\/#primaryimage","url":"https:\/\/chateau-miglos.fr\/wordpress-test\/wp-content\/uploads\/2019\/01\/avant-lies.png","contentUrl":"https:\/\/chateau-miglos.fr\/wordpress-test\/wp-content\/uploads\/2019\/01\/avant-lies.png","width":1024,"height":638},{"@type":"BreadcrumbList","@id":"https:\/\/chateau-miglos.fr\/wordpress-test\/2019\/01\/25\/renouvellement-du-traite-23-juin-1680\/#breadcrumb","itemListElement":[{"@type":"ListItem","position":1,"name":"Accueil","item":"https:\/\/chateau-miglos.fr\/wordpress-test\/"},{"@type":"ListItem","position":2,"name":"Renouvellement du trait\u00e9 &#8211; 23 juin 1680"}]},{"@type":"WebSite","@id":"https:\/\/chateau-miglos.fr\/wordpress-test\/#website","url":"https:\/\/chateau-miglos.fr\/wordpress-test\/","name":"Ch\u00e2teau de Miglos","description":"une ch\u00e2teau, une vall\u00e9e","publisher":{"@id":"https:\/\/chateau-miglos.fr\/wordpress-test\/#organization"},"potentialAction":[{"@type":"SearchAction","target":{"@type":"EntryPoint","urlTemplate":"https:\/\/chateau-miglos.fr\/wordpress-test\/?s={search_term_string}"},"query-input":"required name=search_term_string"}],"inLanguage":"fr-FR"},{"@type":"Organization","@id":"https:\/\/chateau-miglos.fr\/wordpress-test\/#organization","name":"Ch\u00e2teau de Miglos","url":"https:\/\/chateau-miglos.fr\/wordpress-test\/","logo":{"@type":"ImageObject","inLanguage":"fr-FR","@id":"https:\/\/chateau-miglos.fr\/wordpress-test\/#\/schema\/logo\/image\/","url":"https:\/\/chateau-miglos.fr\/wordpress-test\/wp-content\/uploads\/2019\/06\/seul.png","contentUrl":"https:\/\/chateau-miglos.fr\/wordpress-test\/wp-content\/uploads\/2019\/06\/seul.png","width":801,"height":705,"caption":"Ch\u00e2teau de Miglos"},"image":{"@id":"https:\/\/chateau-miglos.fr\/wordpress-test\/#\/schema\/logo\/image\/"},"sameAs":["https:\/\/www.facebook.com\/chateaudemiglos\/","https:\/\/www.instagram.com\/chateaudemiglos\/","https:\/\/www.youtube.com\/channel\/UC70FrOmo9xvq8eHCA4YTs9A","https:\/\/fr.wikipedia.org\/wiki\/Ch\u00e2teau_de_Miglos"]},{"@type":"Person","@id":"https:\/\/chateau-miglos.fr\/wordpress-test\/#\/schema\/person\/c7c9d611967a7bba7db9f7d72154455e","name":"AACM","image":{"@type":"ImageObject","inLanguage":"fr-FR","@id":"https:\/\/chateau-miglos.fr\/wordpress-test\/#\/schema\/person\/image\/","url":"https:\/\/secure.gravatar.com\/avatar\/b704daf4c3f56428875cf047b8f9eb25?s=96&d=mm&r=g","contentUrl":"https:\/\/secure.gravatar.com\/avatar\/b704daf4c3f56428875cf047b8f9eb25?s=96&d=mm&r=g","caption":"AACM"}}]}},"jetpack_featured_media_url":"https:\/\/chateau-miglos.fr\/wordpress-test\/wp-content\/uploads\/2019\/01\/avant-lies.png","rttpg_featured_image_url":{"full":["https:\/\/chateau-miglos.fr\/wordpress-test\/wp-content\/uploads\/2019\/01\/avant-lies.png",1024,638,false],"landscape":["https:\/\/chateau-miglos.fr\/wordpress-test\/wp-content\/uploads\/2019\/01\/avant-lies.png",1024,638,false],"portraits":["https:\/\/chateau-miglos.fr\/wordpress-test\/wp-content\/uploads\/2019\/01\/avant-lies.png",1024,638,false],"thumbnail":["https:\/\/chateau-miglos.fr\/wordpress-test\/wp-content\/uploads\/2019\/01\/avant-lies-150x150.png",150,150,true],"medium":["https:\/\/chateau-miglos.fr\/wordpress-test\/wp-content\/uploads\/2019\/01\/avant-lies-300x187.png",300,187,true],"large":["https:\/\/chateau-miglos.fr\/wordpress-test\/wp-content\/uploads\/2019\/01\/avant-lies.png",800,498,false],"1536x1536":["https:\/\/chateau-miglos.fr\/wordpress-test\/wp-content\/uploads\/2019\/01\/avant-lies.png",1024,638,false],"2048x2048":["https:\/\/chateau-miglos.fr\/wordpress-test\/wp-content\/uploads\/2019\/01\/avant-lies.png",1024,638,false],"onepress-blog-small":["https:\/\/chateau-miglos.fr\/wordpress-test\/wp-content\/uploads\/2019\/01\/avant-lies-300x150.png",300,150,true],"onepress-small":["https:\/\/chateau-miglos.fr\/wordpress-test\/wp-content\/uploads\/2019\/01\/avant-lies-480x300.png",480,300,true],"onepress-medium":["https:\/\/chateau-miglos.fr\/wordpress-test\/wp-content\/uploads\/2019\/01\/avant-lies-640x400.png",640,400,true],"sow-carousel-default":["https:\/\/chateau-miglos.fr\/wordpress-test\/wp-content\/uploads\/2019\/01\/avant-lies-272x182.png",272,182,true]},"rttpg_author":{"display_name":"AACM","author_link":"https:\/\/chateau-miglos.fr\/wordpress-test\/author\/aacm\/"},"rttpg_comment":0,"rttpg_category":"<a href=\"https:\/\/chateau-miglos.fr\/wordpress-test\/category\/bibliographie\/\" rel=\"category tag\">Bibliographie<\/a>","rttpg_excerpt":"Renouvellement du trait\u00e9, le 23 juin 1680,entre la paroisse d&#8217;Ordino (Andorre) et la communaut\u00e9 de Miglos(AD 09 , 5 E 670, f\u00b0138)","_links":{"self":[{"href":"https:\/\/chateau-miglos.fr\/wordpress-test\/wp-json\/wp\/v2\/posts\/4871"}],"collection":[{"href":"https:\/\/chateau-miglos.fr\/wordpress-test\/wp-json\/wp\/v2\/posts"}],"about":[{"href":"https:\/\/chateau-miglos.fr\/wordpress-test\/wp-json\/wp\/v2\/types\/post"}],"author":[{"embeddable":true,"href":"https:\/\/chateau-miglos.fr\/wordpress-test\/wp-json\/wp\/v2\/users\/2"}],"replies":[{"embeddable":true,"href":"https:\/\/chateau-miglos.fr\/wordpress-test\/wp-json\/wp\/v2\/comments?post=4871"}],"version-history":[{"count":5,"href":"https:\/\/chateau-miglos.fr\/wordpress-test\/wp-json\/wp\/v2\/posts\/4871\/revisions"}],"predecessor-version":[{"id":4879,"href":"https:\/\/chateau-miglos.fr\/wordpress-test\/wp-json\/wp\/v2\/posts\/4871\/revisions\/4879"}],"wp:featuredmedia":[{"embeddable":true,"href":"https:\/\/chateau-miglos.fr\/wordpress-test\/wp-json\/wp\/v2\/media\/4878"}],"wp:attachment":[{"href":"https:\/\/chateau-miglos.fr\/wordpress-test\/wp-json\/wp\/v2\/media?parent=4871"}],"wp:term":[{"taxonomy":"category","embeddable":true,"href":"https:\/\/chateau-miglos.fr\/wordpress-test\/wp-json\/wp\/v2\/categories?post=4871"},{"taxonomy":"post_tag","embeddable":true,"href":"https:\/\/chateau-miglos.fr\/wordpress-test\/wp-json\/wp\/v2\/tags?post=4871"}],"curies":[{"name":"wp","href":"https:\/\/api.w.org\/{rel}","templated":true}]}}