{"id":4777,"date":"2019-01-01T17:19:00","date_gmt":"2019-01-01T16:19:00","guid":{"rendered":"https:\/\/chateau-miglos.fr\/wordpress-test\/?p=4777"},"modified":"2024-04-18T22:07:39","modified_gmt":"2024-04-18T20:07:39","slug":"miclos-a-las-aurieros-del-tems-bielh","status":"publish","type":"post","link":"https:\/\/chateau-miglos.fr\/wordpress-test\/2019\/01\/01\/miclos-a-las-aurieros-del-tems-bielh\/","title":{"rendered":"Miclos \u2013 A las Aurieros del Tems Bielh"},"content":{"rendered":"\n<p><strong>&#8221; Miclos \u2013 A las Aurieros del Tems Bielh&#8221; <br> Louis Pujol &#8211; 1970.<\/strong><\/p>\n\n\n\n<p>Extrait :  &#8221; LE ROC DE L&#8217;ANDOURRA &#8220;<\/p>\n\n\n\n<p>Les rocs que se dresson, ensa enlha, \u00e0 Miclos e m\u00e8mo un chic pertout en Ari\u00e8jo, an toutjoun agut, cad&#8217;un, la lhouro istou\u00e8ro.<br> N-h-i a un flhoc que me benen \u00e0 l&#8217;id\u00e8go : le Roc quilhat sus la S\u00e8rro del m\u00e8mo noum, qu&#8217;on bets de lh\u00e8nh, ount qu&#8217;on se trobe, quand n&#8217;es pos emboutissat per la brumo-basso; le Roc de l&#8217;Andourra, prochi del cast\u00e8lh; le Roc de Qui\u00e8, ount jant las gents s&#8217;aturabon ande f\u00e8 la rasounado; le Roc de la Bago, aimat dels baqui\u00e8s, ount jant nous arrestabon, les jouns de bent ou de plh\u00e8jo; le Roc de las Barthos, ount jant troubabon les abajous les pus goustousis; le Roc de Carol, ount jant l&#8217;armado de Charlomanho se dib\u00e8c atura and&#8217;alenda, le joun que seguic les Moros que feguen ataussadis sus la jasso de Lha-Unardo; le Roc Blhanc, que mirgalho de blhanc les bosques berdousenquis de Mountagut; la Roco de Ribo-Lhoungo e la Roco de la Rauna, ount jant nous arremassabon toutis petitis, ande f\u00e8 jocs ou ande nous amassa las prumi\u00e8ros flhous de la primo; la Roco, ount jant anabon garda las bacos, le maiti, abant d&#8217;ana \u00e0 la &#8216;scolo parce que n&#8217;\u00e8ro pos lh\u00e8nh e ount jant las b\u00e8stios patarucos se nous abiabon, qualque cop, e se benion atura dins les camps de Plhan\u00e8lh; le Roc dels Mortis, \u00e0 mieit cami entrans Nourrat e Arquisat, ount jant les omes abaichabon la caicho, le joua d&#8217;un enterroment.<br> Le Roc es le drap\u00e8u de la coumuno; on le bets de la bal\u00e8o de la Bilo d&#8217;Ats coumo  de  las mountanhos d&#8217;Aulus e del colh de Port. Es d&#8217;achi que le senhou de Miclos courrespoundio, la n\u00e8it, and&#8217;s cat\u00e8lhs de Lourdat, de Rabat e de Mountreal de Sos,  en alhucan foc.<br>Quand \u00e8ro petit, cado pic qu&#8217;ausio parla del Roc de l&#8217;Andourra, aquelh noum me fasio estrementi. Ero un andourran que l&#8217;abio pourtat d&#8217;Andorro sus l&#8217;colh e que l&#8217;abio abaichat achi ? Ou m\u00e8mo, \u00e8ro un Andourran que s&#8217;\u00e8ro cartrincat sus aquelh roc ? Nou&#8217;n s\u00e8 ! M\u00e8 cado pic que i passabo debant me gaitabo se besio rouda, als entours, cap d&#8217;Andourran \u00e0 la maich\u00e8lho mal rasado.<br>C. Barri\u00e8re-Flavy nous a dit enca -e ja se pod plha que l&#8217;noum benio de so que, al  tems dels senhous, les Andourrans que passabon les colhs e que trabessabon la bal\u00e8o de Miclos, abaichabon les balots al p\u00e8d d&#8217;aquelh roc, le tems de bailha dos galhinos cad&#8217;un al senhou. Aco i ous dounabo le dreit de passa e de s&#8217;en ana cap \u00e0 la plhano bendre la lhouro marchandiso.<br> Las gents cresion, tabes, qu&#8217;aquelhis rocs serbeichion \u00e0 las br\u00e8ichos ande teni  l&#8217;sabat. Un maiti de la tardou, en 1918, un joube souldat de la classe 19 qu&#8217;\u00e8ro bengut en permissiou abant de puja sus l&#8217;frount, s&#8217;en tournabo and&#8217;ana prene le tr\u00e8n de cin ouros \u00e0 Trascou. L&#8217;auta buffabo un chic; la plharando del joun se besio pos encaro e fasio escur coumo uno gorjo d&#8217;un lhoup. Quand nostre souldat fec en bisto del Roc dels Mortis, bic uno br\u00e8icho, ai p\u00e8d del roc, que s&#8217;emboustissabo dins un lhansol, ande l&#8217;espanta. Espantat, ja ne fec un chic : d&#8217;autris s&#8217;en siron fujidis camos  adujats-me. M\u00e8s elh, un chic pus amount, aj\u00e8c bergounho. Un pas \u00e8ro achi tampat and&#8217;un f\u00e8ich d&#8217;espinasses. Nostre calhastre se prend le paichou e tourno debalha cap al Roc.<br> Quand fec arrans, cap de br\u00e8icho. Gaito ensa enlha, se besio res, e alabets, la tourno beire que s&#8217;\u00e8ro boutado dins un camp de gabatch, plhe de gaudufous. S&#8217;aprocho d&#8217;elho,  \u00e0 gratipaudos, e la bic qu&#8217;abio estirat les lhansols pel sol, la un arrans l&#8217;autre, al cap de la ribo. Ap\u00e8ich la br\u00e8icho i bout\u00e8c dessus qualques gaudufous ande f\u00e8 la prumi\u00e8ro courtado.<br>La sourci\u00e8ro lheb\u00e8c le cap e bic nostre souldat, le paichou \u00e0 la ma, que la se gaitabo f\u00e8.<\/p>\n\n\n\n<p><em>&#8211; E que rue benes aduja, se i digu\u00e8c, qu&#8217;as saput qu&#8217;\u00e8ro touto soulo ande battre le gabatch ?<br><\/em>La br\u00e8icho n&#8217;\u00e8ro qu&#8217;uno fenno d&#8217;Arquisat, qu&#8217;abio le siu ome \u00e0 la  gu\u00e8rro, e que s&#8217;\u00e8ro lhebado de maiti ande proufita de l&#8217;auta. Coumo nou  fasio pos plha joun, quand arrib\u00e8c, abio desf\u00e8it les lhansols al p\u00e8d del  Roc, abant de passa dins le camp, so qu&#8217;abio f\u00e8it creire al jun&#8217;ome qu&#8217;\u00e8ro uno br\u00e8icho que cercabo \u00e0 i f\u00e8 p\u00f6u.<\/p>\n\n\n\n<hr class=\"wp-block-separator has-css-opacity\"\/>\n\n\n<div class=\"wp-block-image\">\n<figure class=\"aligncenter size-large is-resized\"><a href=\"https:\/\/biblio.cieldoc.com\/libre\/integral\/libr0417.pdf\" target=\"_blank\" rel=\"noreferrer noopener\"><img loading=\"lazy\" decoding=\"async\" width=\"667\" height=\"918\" src=\"https:\/\/chateau-miglos.fr\/wordpress-test\/wp-content\/uploads\/2020\/01\/miclos.jpg\" alt=\"\" class=\"wp-image-4780\" style=\"width:334px;height:459px\"\/><\/a><\/figure><\/div>\n\n\n<p class=\"has-text-align-center\"><a href=\"https:\/\/biblio.cieldoc.com\/libre\/integral\/libr0417.pdf\" target=\"_blank\" rel=\"noreferrer noopener\">>>> Lire &#8221; Miclos \u2013 A las Aurieros del Tems Bielh&#8221;<\/a><\/p>\n\n\n\n<hr class=\"wp-block-separator has-css-opacity\"\/>\n","protected":false},"excerpt":{"rendered":"<p>&#8221; Miclos \u2013 A las Aurieros del Tems Bielh&#8221; Louis Pujol &#8211; 1970. Extrait : &#8221; LE ROC DE L&#8217;ANDOURRA &#8220; Les rocs que se dresson, ensa enlha, \u00e0 Miclos &#8230;<\/p>\n","protected":false},"author":2,"featured_media":4780,"comment_status":"closed","ping_status":"closed","sticky":false,"template":"","format":"standard","meta":{"ngg_post_thumbnail":0,"footnotes":""},"categories":[29],"tags":[],"yoast_head":"<!-- This site is optimized with the Yoast SEO plugin v23.0 - https:\/\/yoast.com\/wordpress\/plugins\/seo\/ -->\n<title>Miclos \u2013 A las Aurieros del Tems Bielh - Ch\u00e2teau de Miglos<\/title>\n<meta name=\"robots\" content=\"index, follow, max-snippet:-1, max-image-preview:large, max-video-preview:-1\" \/>\n<link rel=\"canonical\" href=\"https:\/\/chateau-miglos.fr\/wordpress-test\/2019\/01\/01\/miclos-a-las-aurieros-del-tems-bielh\/\" \/>\n<meta property=\"og:locale\" content=\"fr_FR\" \/>\n<meta property=\"og:type\" content=\"article\" \/>\n<meta property=\"og:title\" content=\"Miclos \u2013 A las Aurieros del Tems Bielh - Ch\u00e2teau de Miglos\" \/>\n<meta property=\"og:description\" content=\"&#8221; Miclos \u2013 A las Aurieros del Tems Bielh&#8221; Louis Pujol &#8211; 1970. Extrait : &#8221; LE ROC DE L&#8217;ANDOURRA &#8220; Les rocs que se dresson, ensa enlha, \u00e0 Miclos ...\" \/>\n<meta property=\"og:url\" content=\"https:\/\/chateau-miglos.fr\/wordpress-test\/2019\/01\/01\/miclos-a-las-aurieros-del-tems-bielh\/\" \/>\n<meta property=\"og:site_name\" content=\"Ch\u00e2teau de Miglos\" \/>\n<meta property=\"article:publisher\" content=\"https:\/\/www.facebook.com\/chateaudemiglos\/\" \/>\n<meta property=\"article:published_time\" content=\"2019-01-01T16:19:00+00:00\" \/>\n<meta property=\"article:modified_time\" content=\"2024-04-18T20:07:39+00:00\" \/>\n<meta property=\"og:image\" content=\"https:\/\/chateau-miglos.fr\/wordpress-test\/wp-content\/uploads\/2020\/01\/miclos.jpg\" \/>\n\t<meta property=\"og:image:width\" content=\"667\" \/>\n\t<meta property=\"og:image:height\" content=\"918\" \/>\n\t<meta property=\"og:image:type\" content=\"image\/jpeg\" \/>\n<meta name=\"author\" content=\"AACM\" \/>\n<meta name=\"twitter:card\" content=\"summary_large_image\" \/>\n<meta name=\"twitter:label1\" content=\"\u00c9crit par\" \/>\n\t<meta name=\"twitter:data1\" content=\"AACM\" \/>\n\t<meta name=\"twitter:label2\" content=\"Dur\u00e9e de lecture estim\u00e9e\" \/>\n\t<meta name=\"twitter:data2\" content=\"5 minutes\" \/>\n<script type=\"application\/ld+json\" class=\"yoast-schema-graph\">{\"@context\":\"https:\/\/schema.org\",\"@graph\":[{\"@type\":\"Article\",\"@id\":\"https:\/\/chateau-miglos.fr\/wordpress-test\/2019\/01\/01\/miclos-a-las-aurieros-del-tems-bielh\/#article\",\"isPartOf\":{\"@id\":\"https:\/\/chateau-miglos.fr\/wordpress-test\/2019\/01\/01\/miclos-a-las-aurieros-del-tems-bielh\/\"},\"author\":{\"name\":\"AACM\",\"@id\":\"https:\/\/chateau-miglos.fr\/wordpress-test\/#\/schema\/person\/c7c9d611967a7bba7db9f7d72154455e\"},\"headline\":\"Miclos \u2013 A las Aurieros del Tems Bielh\",\"datePublished\":\"2019-01-01T16:19:00+00:00\",\"dateModified\":\"2024-04-18T20:07:39+00:00\",\"mainEntityOfPage\":{\"@id\":\"https:\/\/chateau-miglos.fr\/wordpress-test\/2019\/01\/01\/miclos-a-las-aurieros-del-tems-bielh\/\"},\"wordCount\":786,\"publisher\":{\"@id\":\"https:\/\/chateau-miglos.fr\/wordpress-test\/#organization\"},\"image\":{\"@id\":\"https:\/\/chateau-miglos.fr\/wordpress-test\/2019\/01\/01\/miclos-a-las-aurieros-del-tems-bielh\/#primaryimage\"},\"thumbnailUrl\":\"https:\/\/chateau-miglos.fr\/wordpress-test\/wp-content\/uploads\/2020\/01\/miclos.jpg\",\"articleSection\":[\"Bibliographie\"],\"inLanguage\":\"fr-FR\"},{\"@type\":\"WebPage\",\"@id\":\"https:\/\/chateau-miglos.fr\/wordpress-test\/2019\/01\/01\/miclos-a-las-aurieros-del-tems-bielh\/\",\"url\":\"https:\/\/chateau-miglos.fr\/wordpress-test\/2019\/01\/01\/miclos-a-las-aurieros-del-tems-bielh\/\",\"name\":\"Miclos \u2013 A las Aurieros del Tems Bielh - Ch\u00e2teau de Miglos\",\"isPartOf\":{\"@id\":\"https:\/\/chateau-miglos.fr\/wordpress-test\/#website\"},\"primaryImageOfPage\":{\"@id\":\"https:\/\/chateau-miglos.fr\/wordpress-test\/2019\/01\/01\/miclos-a-las-aurieros-del-tems-bielh\/#primaryimage\"},\"image\":{\"@id\":\"https:\/\/chateau-miglos.fr\/wordpress-test\/2019\/01\/01\/miclos-a-las-aurieros-del-tems-bielh\/#primaryimage\"},\"thumbnailUrl\":\"https:\/\/chateau-miglos.fr\/wordpress-test\/wp-content\/uploads\/2020\/01\/miclos.jpg\",\"datePublished\":\"2019-01-01T16:19:00+00:00\",\"dateModified\":\"2024-04-18T20:07:39+00:00\",\"breadcrumb\":{\"@id\":\"https:\/\/chateau-miglos.fr\/wordpress-test\/2019\/01\/01\/miclos-a-las-aurieros-del-tems-bielh\/#breadcrumb\"},\"inLanguage\":\"fr-FR\",\"potentialAction\":[{\"@type\":\"ReadAction\",\"target\":[\"https:\/\/chateau-miglos.fr\/wordpress-test\/2019\/01\/01\/miclos-a-las-aurieros-del-tems-bielh\/\"]}]},{\"@type\":\"ImageObject\",\"inLanguage\":\"fr-FR\",\"@id\":\"https:\/\/chateau-miglos.fr\/wordpress-test\/2019\/01\/01\/miclos-a-las-aurieros-del-tems-bielh\/#primaryimage\",\"url\":\"https:\/\/chateau-miglos.fr\/wordpress-test\/wp-content\/uploads\/2020\/01\/miclos.jpg\",\"contentUrl\":\"https:\/\/chateau-miglos.fr\/wordpress-test\/wp-content\/uploads\/2020\/01\/miclos.jpg\",\"width\":667,\"height\":918},{\"@type\":\"BreadcrumbList\",\"@id\":\"https:\/\/chateau-miglos.fr\/wordpress-test\/2019\/01\/01\/miclos-a-las-aurieros-del-tems-bielh\/#breadcrumb\",\"itemListElement\":[{\"@type\":\"ListItem\",\"position\":1,\"name\":\"Accueil\",\"item\":\"https:\/\/chateau-miglos.fr\/wordpress-test\/\"},{\"@type\":\"ListItem\",\"position\":2,\"name\":\"Miclos \u2013 A las Aurieros del Tems Bielh\"}]},{\"@type\":\"WebSite\",\"@id\":\"https:\/\/chateau-miglos.fr\/wordpress-test\/#website\",\"url\":\"https:\/\/chateau-miglos.fr\/wordpress-test\/\",\"name\":\"Ch\u00e2teau de Miglos\",\"description\":\"une ch\u00e2teau, une vall\u00e9e\",\"publisher\":{\"@id\":\"https:\/\/chateau-miglos.fr\/wordpress-test\/#organization\"},\"potentialAction\":[{\"@type\":\"SearchAction\",\"target\":{\"@type\":\"EntryPoint\",\"urlTemplate\":\"https:\/\/chateau-miglos.fr\/wordpress-test\/?s={search_term_string}\"},\"query-input\":\"required name=search_term_string\"}],\"inLanguage\":\"fr-FR\"},{\"@type\":\"Organization\",\"@id\":\"https:\/\/chateau-miglos.fr\/wordpress-test\/#organization\",\"name\":\"Ch\u00e2teau de Miglos\",\"url\":\"https:\/\/chateau-miglos.fr\/wordpress-test\/\",\"logo\":{\"@type\":\"ImageObject\",\"inLanguage\":\"fr-FR\",\"@id\":\"https:\/\/chateau-miglos.fr\/wordpress-test\/#\/schema\/logo\/image\/\",\"url\":\"https:\/\/chateau-miglos.fr\/wordpress-test\/wp-content\/uploads\/2019\/06\/seul.png\",\"contentUrl\":\"https:\/\/chateau-miglos.fr\/wordpress-test\/wp-content\/uploads\/2019\/06\/seul.png\",\"width\":801,\"height\":705,\"caption\":\"Ch\u00e2teau de Miglos\"},\"image\":{\"@id\":\"https:\/\/chateau-miglos.fr\/wordpress-test\/#\/schema\/logo\/image\/\"},\"sameAs\":[\"https:\/\/www.facebook.com\/chateaudemiglos\/\",\"https:\/\/www.instagram.com\/chateaudemiglos\/\",\"https:\/\/www.youtube.com\/channel\/UC70FrOmo9xvq8eHCA4YTs9A\",\"https:\/\/fr.wikipedia.org\/wiki\/Ch\u00e2teau_de_Miglos\"]},{\"@type\":\"Person\",\"@id\":\"https:\/\/chateau-miglos.fr\/wordpress-test\/#\/schema\/person\/c7c9d611967a7bba7db9f7d72154455e\",\"name\":\"AACM\",\"image\":{\"@type\":\"ImageObject\",\"inLanguage\":\"fr-FR\",\"@id\":\"https:\/\/chateau-miglos.fr\/wordpress-test\/#\/schema\/person\/image\/\",\"url\":\"https:\/\/secure.gravatar.com\/avatar\/b704daf4c3f56428875cf047b8f9eb25?s=96&d=mm&r=g\",\"contentUrl\":\"https:\/\/secure.gravatar.com\/avatar\/b704daf4c3f56428875cf047b8f9eb25?s=96&d=mm&r=g\",\"caption\":\"AACM\"}}]}<\/script>\n<!-- \/ Yoast SEO plugin. -->","yoast_head_json":{"title":"Miclos \u2013 A las Aurieros del Tems Bielh - Ch\u00e2teau de Miglos","robots":{"index":"index","follow":"follow","max-snippet":"max-snippet:-1","max-image-preview":"max-image-preview:large","max-video-preview":"max-video-preview:-1"},"canonical":"https:\/\/chateau-miglos.fr\/wordpress-test\/2019\/01\/01\/miclos-a-las-aurieros-del-tems-bielh\/","og_locale":"fr_FR","og_type":"article","og_title":"Miclos \u2013 A las Aurieros del Tems Bielh - Ch\u00e2teau de Miglos","og_description":"&#8221; Miclos \u2013 A las Aurieros del Tems Bielh&#8221; Louis Pujol &#8211; 1970. Extrait : &#8221; LE ROC DE L&#8217;ANDOURRA &#8220; Les rocs que se dresson, ensa enlha, \u00e0 Miclos ...","og_url":"https:\/\/chateau-miglos.fr\/wordpress-test\/2019\/01\/01\/miclos-a-las-aurieros-del-tems-bielh\/","og_site_name":"Ch\u00e2teau de Miglos","article_publisher":"https:\/\/www.facebook.com\/chateaudemiglos\/","article_published_time":"2019-01-01T16:19:00+00:00","article_modified_time":"2024-04-18T20:07:39+00:00","og_image":[{"width":667,"height":918,"url":"https:\/\/chateau-miglos.fr\/wordpress-test\/wp-content\/uploads\/2020\/01\/miclos.jpg","type":"image\/jpeg"}],"author":"AACM","twitter_card":"summary_large_image","twitter_misc":{"\u00c9crit par":"AACM","Dur\u00e9e de lecture estim\u00e9e":"5 minutes"},"schema":{"@context":"https:\/\/schema.org","@graph":[{"@type":"Article","@id":"https:\/\/chateau-miglos.fr\/wordpress-test\/2019\/01\/01\/miclos-a-las-aurieros-del-tems-bielh\/#article","isPartOf":{"@id":"https:\/\/chateau-miglos.fr\/wordpress-test\/2019\/01\/01\/miclos-a-las-aurieros-del-tems-bielh\/"},"author":{"name":"AACM","@id":"https:\/\/chateau-miglos.fr\/wordpress-test\/#\/schema\/person\/c7c9d611967a7bba7db9f7d72154455e"},"headline":"Miclos \u2013 A las Aurieros del Tems Bielh","datePublished":"2019-01-01T16:19:00+00:00","dateModified":"2024-04-18T20:07:39+00:00","mainEntityOfPage":{"@id":"https:\/\/chateau-miglos.fr\/wordpress-test\/2019\/01\/01\/miclos-a-las-aurieros-del-tems-bielh\/"},"wordCount":786,"publisher":{"@id":"https:\/\/chateau-miglos.fr\/wordpress-test\/#organization"},"image":{"@id":"https:\/\/chateau-miglos.fr\/wordpress-test\/2019\/01\/01\/miclos-a-las-aurieros-del-tems-bielh\/#primaryimage"},"thumbnailUrl":"https:\/\/chateau-miglos.fr\/wordpress-test\/wp-content\/uploads\/2020\/01\/miclos.jpg","articleSection":["Bibliographie"],"inLanguage":"fr-FR"},{"@type":"WebPage","@id":"https:\/\/chateau-miglos.fr\/wordpress-test\/2019\/01\/01\/miclos-a-las-aurieros-del-tems-bielh\/","url":"https:\/\/chateau-miglos.fr\/wordpress-test\/2019\/01\/01\/miclos-a-las-aurieros-del-tems-bielh\/","name":"Miclos \u2013 A las Aurieros del Tems Bielh - Ch\u00e2teau de Miglos","isPartOf":{"@id":"https:\/\/chateau-miglos.fr\/wordpress-test\/#website"},"primaryImageOfPage":{"@id":"https:\/\/chateau-miglos.fr\/wordpress-test\/2019\/01\/01\/miclos-a-las-aurieros-del-tems-bielh\/#primaryimage"},"image":{"@id":"https:\/\/chateau-miglos.fr\/wordpress-test\/2019\/01\/01\/miclos-a-las-aurieros-del-tems-bielh\/#primaryimage"},"thumbnailUrl":"https:\/\/chateau-miglos.fr\/wordpress-test\/wp-content\/uploads\/2020\/01\/miclos.jpg","datePublished":"2019-01-01T16:19:00+00:00","dateModified":"2024-04-18T20:07:39+00:00","breadcrumb":{"@id":"https:\/\/chateau-miglos.fr\/wordpress-test\/2019\/01\/01\/miclos-a-las-aurieros-del-tems-bielh\/#breadcrumb"},"inLanguage":"fr-FR","potentialAction":[{"@type":"ReadAction","target":["https:\/\/chateau-miglos.fr\/wordpress-test\/2019\/01\/01\/miclos-a-las-aurieros-del-tems-bielh\/"]}]},{"@type":"ImageObject","inLanguage":"fr-FR","@id":"https:\/\/chateau-miglos.fr\/wordpress-test\/2019\/01\/01\/miclos-a-las-aurieros-del-tems-bielh\/#primaryimage","url":"https:\/\/chateau-miglos.fr\/wordpress-test\/wp-content\/uploads\/2020\/01\/miclos.jpg","contentUrl":"https:\/\/chateau-miglos.fr\/wordpress-test\/wp-content\/uploads\/2020\/01\/miclos.jpg","width":667,"height":918},{"@type":"BreadcrumbList","@id":"https:\/\/chateau-miglos.fr\/wordpress-test\/2019\/01\/01\/miclos-a-las-aurieros-del-tems-bielh\/#breadcrumb","itemListElement":[{"@type":"ListItem","position":1,"name":"Accueil","item":"https:\/\/chateau-miglos.fr\/wordpress-test\/"},{"@type":"ListItem","position":2,"name":"Miclos \u2013 A las Aurieros del Tems Bielh"}]},{"@type":"WebSite","@id":"https:\/\/chateau-miglos.fr\/wordpress-test\/#website","url":"https:\/\/chateau-miglos.fr\/wordpress-test\/","name":"Ch\u00e2teau de Miglos","description":"une ch\u00e2teau, une vall\u00e9e","publisher":{"@id":"https:\/\/chateau-miglos.fr\/wordpress-test\/#organization"},"potentialAction":[{"@type":"SearchAction","target":{"@type":"EntryPoint","urlTemplate":"https:\/\/chateau-miglos.fr\/wordpress-test\/?s={search_term_string}"},"query-input":"required name=search_term_string"}],"inLanguage":"fr-FR"},{"@type":"Organization","@id":"https:\/\/chateau-miglos.fr\/wordpress-test\/#organization","name":"Ch\u00e2teau de Miglos","url":"https:\/\/chateau-miglos.fr\/wordpress-test\/","logo":{"@type":"ImageObject","inLanguage":"fr-FR","@id":"https:\/\/chateau-miglos.fr\/wordpress-test\/#\/schema\/logo\/image\/","url":"https:\/\/chateau-miglos.fr\/wordpress-test\/wp-content\/uploads\/2019\/06\/seul.png","contentUrl":"https:\/\/chateau-miglos.fr\/wordpress-test\/wp-content\/uploads\/2019\/06\/seul.png","width":801,"height":705,"caption":"Ch\u00e2teau de Miglos"},"image":{"@id":"https:\/\/chateau-miglos.fr\/wordpress-test\/#\/schema\/logo\/image\/"},"sameAs":["https:\/\/www.facebook.com\/chateaudemiglos\/","https:\/\/www.instagram.com\/chateaudemiglos\/","https:\/\/www.youtube.com\/channel\/UC70FrOmo9xvq8eHCA4YTs9A","https:\/\/fr.wikipedia.org\/wiki\/Ch\u00e2teau_de_Miglos"]},{"@type":"Person","@id":"https:\/\/chateau-miglos.fr\/wordpress-test\/#\/schema\/person\/c7c9d611967a7bba7db9f7d72154455e","name":"AACM","image":{"@type":"ImageObject","inLanguage":"fr-FR","@id":"https:\/\/chateau-miglos.fr\/wordpress-test\/#\/schema\/person\/image\/","url":"https:\/\/secure.gravatar.com\/avatar\/b704daf4c3f56428875cf047b8f9eb25?s=96&d=mm&r=g","contentUrl":"https:\/\/secure.gravatar.com\/avatar\/b704daf4c3f56428875cf047b8f9eb25?s=96&d=mm&r=g","caption":"AACM"}}]}},"jetpack_featured_media_url":"https:\/\/chateau-miglos.fr\/wordpress-test\/wp-content\/uploads\/2020\/01\/miclos.jpg","rttpg_featured_image_url":{"full":["https:\/\/chateau-miglos.fr\/wordpress-test\/wp-content\/uploads\/2020\/01\/miclos.jpg",667,918,false],"landscape":["https:\/\/chateau-miglos.fr\/wordpress-test\/wp-content\/uploads\/2020\/01\/miclos.jpg",667,918,false],"portraits":["https:\/\/chateau-miglos.fr\/wordpress-test\/wp-content\/uploads\/2020\/01\/miclos.jpg",667,918,false],"thumbnail":["https:\/\/chateau-miglos.fr\/wordpress-test\/wp-content\/uploads\/2020\/01\/miclos-150x150.jpg",150,150,true],"medium":["https:\/\/chateau-miglos.fr\/wordpress-test\/wp-content\/uploads\/2020\/01\/miclos-218x300.jpg",218,300,true],"large":["https:\/\/chateau-miglos.fr\/wordpress-test\/wp-content\/uploads\/2020\/01\/miclos.jpg",667,918,false],"1536x1536":["https:\/\/chateau-miglos.fr\/wordpress-test\/wp-content\/uploads\/2020\/01\/miclos.jpg",667,918,false],"2048x2048":["https:\/\/chateau-miglos.fr\/wordpress-test\/wp-content\/uploads\/2020\/01\/miclos.jpg",667,918,false],"onepress-blog-small":["https:\/\/chateau-miglos.fr\/wordpress-test\/wp-content\/uploads\/2020\/01\/miclos-300x150.jpg",300,150,true],"onepress-small":["https:\/\/chateau-miglos.fr\/wordpress-test\/wp-content\/uploads\/2020\/01\/miclos-480x300.jpg",480,300,true],"onepress-medium":["https:\/\/chateau-miglos.fr\/wordpress-test\/wp-content\/uploads\/2020\/01\/miclos-640x400.jpg",640,400,true],"sow-carousel-default":["https:\/\/chateau-miglos.fr\/wordpress-test\/wp-content\/uploads\/2020\/01\/miclos-272x182.jpg",272,182,true]},"rttpg_author":{"display_name":"AACM","author_link":"https:\/\/chateau-miglos.fr\/wordpress-test\/author\/aacm\/"},"rttpg_comment":0,"rttpg_category":"<a href=\"https:\/\/chateau-miglos.fr\/wordpress-test\/category\/bibliographie\/\" rel=\"category tag\">Bibliographie<\/a>","rttpg_excerpt":"&#8221; Miclos \u2013 A las Aurieros del Tems Bielh&#8221; Louis Pujol &#8211; 1970. Extrait : &#8221; LE ROC DE L&#8217;ANDOURRA &#8220; Les rocs que se dresson, ensa enlha, \u00e0 Miclos ...","_links":{"self":[{"href":"https:\/\/chateau-miglos.fr\/wordpress-test\/wp-json\/wp\/v2\/posts\/4777"}],"collection":[{"href":"https:\/\/chateau-miglos.fr\/wordpress-test\/wp-json\/wp\/v2\/posts"}],"about":[{"href":"https:\/\/chateau-miglos.fr\/wordpress-test\/wp-json\/wp\/v2\/types\/post"}],"author":[{"embeddable":true,"href":"https:\/\/chateau-miglos.fr\/wordpress-test\/wp-json\/wp\/v2\/users\/2"}],"replies":[{"embeddable":true,"href":"https:\/\/chateau-miglos.fr\/wordpress-test\/wp-json\/wp\/v2\/comments?post=4777"}],"version-history":[{"count":15,"href":"https:\/\/chateau-miglos.fr\/wordpress-test\/wp-json\/wp\/v2\/posts\/4777\/revisions"}],"predecessor-version":[{"id":9545,"href":"https:\/\/chateau-miglos.fr\/wordpress-test\/wp-json\/wp\/v2\/posts\/4777\/revisions\/9545"}],"wp:featuredmedia":[{"embeddable":true,"href":"https:\/\/chateau-miglos.fr\/wordpress-test\/wp-json\/wp\/v2\/media\/4780"}],"wp:attachment":[{"href":"https:\/\/chateau-miglos.fr\/wordpress-test\/wp-json\/wp\/v2\/media?parent=4777"}],"wp:term":[{"taxonomy":"category","embeddable":true,"href":"https:\/\/chateau-miglos.fr\/wordpress-test\/wp-json\/wp\/v2\/categories?post=4777"},{"taxonomy":"post_tag","embeddable":true,"href":"https:\/\/chateau-miglos.fr\/wordpress-test\/wp-json\/wp\/v2\/tags?post=4777"}],"curies":[{"name":"wp","href":"https:\/\/api.w.org\/{rel}","templated":true}]}}