{"id":3047,"date":"2016-07-01T20:10:29","date_gmt":"2016-07-01T18:10:29","guid":{"rendered":"http:\/\/chateau-miglos.fr\/wordpress-test\/?p=3047"},"modified":"2019-06-05T15:53:50","modified_gmt":"2019-06-05T13:53:50","slug":"conference-miglos-chateau-villages-vallee-au-moyen-age","status":"publish","type":"post","link":"https:\/\/chateau-miglos.fr\/wordpress-test\/2016\/07\/01\/conference-miglos-chateau-villages-vallee-au-moyen-age\/","title":{"rendered":"Conf\u00e9rence &#8211; Miglos, ch\u00e2teau, villages, vall\u00e9e, au Moyen \u00c2ge"},"content":{"rendered":"\n<h2 class=\"wp-block-heading\"><strong>Mercredi 20 juillet 2016 \u00e0 21 h<\/strong> <\/h2>\n\n\n\n<p>Conf\u00e9rence : <em><strong>&#8220;Miglos, ch\u00e2teau, villages, vall\u00e9e, au Moyen \u00c2ge&#8221;<\/strong><\/em><strong> par Florence Guillot,<\/strong>  Responsable de la Maison des patrimoines, historienne et arch\u00e9ologue<\/p>\n\n\n\n<div class=\"wp-block-image\"><figure class=\"aligncenter\"><a href=\"http:\/\/chateau-miglos.fr\/wordpress-test\/wp-content\/uploads\/2019\/06\/conf20juil2016.jpg\" data-rel=\"lightbox-gallery-JueG0pJJ\" data-rl_title=\"Un auditoire nombreux et attentif &#8211; Cr\u00e9dit photo Beno\u00eet Freyche\" data-rl_caption=\"\" title=\"Un auditoire nombreux et attentif &#8211; Cr\u00e9dit photo Beno\u00eet Freyche\"><img loading=\"lazy\" decoding=\"async\" width=\"1024\" height=\"343\" src=\"http:\/\/chateau-miglos.fr\/wordpress-test\/wp-content\/uploads\/2019\/06\/conf20juil2016-1024x343.jpg\" alt=\"Un auditoire nombreux et attentif - Cr\u00e9dit photo Beno\u00eet Freyche\" class=\"wp-image-3053\"\/><\/a><\/figure><\/div>\n\n\n\n<p><strong>Un auditoire nombreux et attentif !<br><\/strong>Salle comble pour la passionnante conf\u00e9rence de Florence Guillot.\n\n<\/p>\n\n\n\n<div class=\"wp-block-image\"><figure class=\"aligncenter\"><a href=\"http:\/\/chateau-miglos.fr\/wordpress-test\/wp-content\/uploads\/2019\/06\/miglosguillot1.pdf\" target=\"_blank\" rel=\"noreferrer noopener\"><img loading=\"lazy\" decoding=\"async\" width=\"176\" height=\"250\" src=\"http:\/\/chateau-miglos.fr\/wordpress-test\/wp-content\/uploads\/2019\/06\/seigneurie.jpg\" alt=\"\" class=\"wp-image-3057\"\/><\/a><\/figure><\/div>\n\n\n\n<div class=\"wp-block-image\"><figure class=\"aligncenter is-resized\"><a href=\"http:\/\/chateau-miglos.fr\/wordpress-test\/wp-content\/uploads\/2019\/06\/miglosguillot1.pdf\" target=\"_blank\" rel=\"noreferrer noopener\"><img loading=\"lazy\" decoding=\"async\" src=\"http:\/\/chateau-miglos.fr\/wordpress-test\/wp-content\/uploads\/2018\/08\/pdf.jpg\" alt=\"pdf\" class=\"wp-image-1502\" width=\"50\" height=\"50\"\/><\/a><\/figure><\/div>\n\n\n\n<p style=\"text-align:center\">\nMaison des Patrimoines &#8211; Le Barri &#8211; 09220 Auzat<br>T\u00e9l : 05 61 02 75 98<\/p>\n","protected":false},"excerpt":{"rendered":"<p>Mercredi 20 juillet 2016 \u00e0 21 h Conf\u00e9rence : &#8220;Miglos, ch\u00e2teau, villages, vall\u00e9e, au Moyen \u00c2ge&#8221; par Florence Guillot, Responsable de la Maison des patrimoines, historienne et arch\u00e9ologue Un auditoire &#8230;<\/p>\n","protected":false},"author":2,"featured_media":3048,"comment_status":"closed","ping_status":"closed","sticky":false,"template":"","format":"standard","meta":{"ngg_post_thumbnail":0,"footnotes":""},"categories":[4,29],"tags":[],"yoast_head":"<!-- This site is optimized with the Yoast SEO plugin v23.0 - https:\/\/yoast.com\/wordpress\/plugins\/seo\/ -->\n<title>Conf\u00e9rence - Miglos, ch\u00e2teau, villages, vall\u00e9e, au Moyen \u00c2ge - Ch\u00e2teau de Miglos<\/title>\n<meta name=\"robots\" content=\"index, follow, max-snippet:-1, max-image-preview:large, max-video-preview:-1\" \/>\n<link rel=\"canonical\" href=\"https:\/\/chateau-miglos.fr\/wordpress-test\/2016\/07\/01\/conference-miglos-chateau-villages-vallee-au-moyen-age\/\" \/>\n<meta property=\"og:locale\" content=\"fr_FR\" \/>\n<meta property=\"og:type\" content=\"article\" \/>\n<meta property=\"og:title\" content=\"Conf\u00e9rence - Miglos, ch\u00e2teau, villages, vall\u00e9e, au Moyen \u00c2ge - Ch\u00e2teau de Miglos\" \/>\n<meta property=\"og:description\" content=\"Mercredi 20 juillet 2016 \u00e0 21 h Conf\u00e9rence : &#8220;Miglos, ch\u00e2teau, villages, vall\u00e9e, au Moyen \u00c2ge&#8221; par Florence Guillot, Responsable de la Maison des patrimoines, historienne et arch\u00e9ologue Un auditoire ...\" \/>\n<meta property=\"og:url\" content=\"https:\/\/chateau-miglos.fr\/wordpress-test\/2016\/07\/01\/conference-miglos-chateau-villages-vallee-au-moyen-age\/\" \/>\n<meta property=\"og:site_name\" content=\"Ch\u00e2teau de Miglos\" \/>\n<meta property=\"article:publisher\" content=\"https:\/\/www.facebook.com\/chateaudemiglos\/\" \/>\n<meta property=\"article:published_time\" content=\"2016-07-01T18:10:29+00:00\" \/>\n<meta property=\"article:modified_time\" content=\"2019-06-05T13:53:50+00:00\" \/>\n<meta property=\"og:image\" content=\"https:\/\/chateau-miglos.fr\/wordpress-test\/wp-content\/uploads\/2019\/06\/avant-conference.jpg\" \/>\n\t<meta property=\"og:image:width\" content=\"300\" \/>\n\t<meta property=\"og:image:height\" content=\"150\" \/>\n\t<meta property=\"og:image:type\" content=\"image\/jpeg\" \/>\n<meta name=\"author\" content=\"AACM\" \/>\n<meta name=\"twitter:card\" content=\"summary_large_image\" \/>\n<meta name=\"twitter:label1\" content=\"\u00c9crit par\" \/>\n\t<meta name=\"twitter:data1\" content=\"AACM\" \/>\n<script type=\"application\/ld+json\" class=\"yoast-schema-graph\">{\"@context\":\"https:\/\/schema.org\",\"@graph\":[{\"@type\":\"Article\",\"@id\":\"https:\/\/chateau-miglos.fr\/wordpress-test\/2016\/07\/01\/conference-miglos-chateau-villages-vallee-au-moyen-age\/#article\",\"isPartOf\":{\"@id\":\"https:\/\/chateau-miglos.fr\/wordpress-test\/2016\/07\/01\/conference-miglos-chateau-villages-vallee-au-moyen-age\/\"},\"author\":{\"name\":\"AACM\",\"@id\":\"https:\/\/chateau-miglos.fr\/wordpress-test\/#\/schema\/person\/c7c9d611967a7bba7db9f7d72154455e\"},\"headline\":\"Conf\u00e9rence &#8211; Miglos, ch\u00e2teau, villages, vall\u00e9e, au Moyen \u00c2ge\",\"datePublished\":\"2016-07-01T18:10:29+00:00\",\"dateModified\":\"2019-06-05T13:53:50+00:00\",\"mainEntityOfPage\":{\"@id\":\"https:\/\/chateau-miglos.fr\/wordpress-test\/2016\/07\/01\/conference-miglos-chateau-villages-vallee-au-moyen-age\/\"},\"wordCount\":63,\"publisher\":{\"@id\":\"https:\/\/chateau-miglos.fr\/wordpress-test\/#organization\"},\"image\":{\"@id\":\"https:\/\/chateau-miglos.fr\/wordpress-test\/2016\/07\/01\/conference-miglos-chateau-villages-vallee-au-moyen-age\/#primaryimage\"},\"thumbnailUrl\":\"https:\/\/chateau-miglos.fr\/wordpress-test\/wp-content\/uploads\/2019\/06\/avant-conference.jpg\",\"articleSection\":[\"Actualit\u00e9s\",\"Bibliographie\"],\"inLanguage\":\"fr-FR\"},{\"@type\":\"WebPage\",\"@id\":\"https:\/\/chateau-miglos.fr\/wordpress-test\/2016\/07\/01\/conference-miglos-chateau-villages-vallee-au-moyen-age\/\",\"url\":\"https:\/\/chateau-miglos.fr\/wordpress-test\/2016\/07\/01\/conference-miglos-chateau-villages-vallee-au-moyen-age\/\",\"name\":\"Conf\u00e9rence - Miglos, ch\u00e2teau, villages, vall\u00e9e, au Moyen \u00c2ge - Ch\u00e2teau de Miglos\",\"isPartOf\":{\"@id\":\"https:\/\/chateau-miglos.fr\/wordpress-test\/#website\"},\"primaryImageOfPage\":{\"@id\":\"https:\/\/chateau-miglos.fr\/wordpress-test\/2016\/07\/01\/conference-miglos-chateau-villages-vallee-au-moyen-age\/#primaryimage\"},\"image\":{\"@id\":\"https:\/\/chateau-miglos.fr\/wordpress-test\/2016\/07\/01\/conference-miglos-chateau-villages-vallee-au-moyen-age\/#primaryimage\"},\"thumbnailUrl\":\"https:\/\/chateau-miglos.fr\/wordpress-test\/wp-content\/uploads\/2019\/06\/avant-conference.jpg\",\"datePublished\":\"2016-07-01T18:10:29+00:00\",\"dateModified\":\"2019-06-05T13:53:50+00:00\",\"breadcrumb\":{\"@id\":\"https:\/\/chateau-miglos.fr\/wordpress-test\/2016\/07\/01\/conference-miglos-chateau-villages-vallee-au-moyen-age\/#breadcrumb\"},\"inLanguage\":\"fr-FR\",\"potentialAction\":[{\"@type\":\"ReadAction\",\"target\":[\"https:\/\/chateau-miglos.fr\/wordpress-test\/2016\/07\/01\/conference-miglos-chateau-villages-vallee-au-moyen-age\/\"]}]},{\"@type\":\"ImageObject\",\"inLanguage\":\"fr-FR\",\"@id\":\"https:\/\/chateau-miglos.fr\/wordpress-test\/2016\/07\/01\/conference-miglos-chateau-villages-vallee-au-moyen-age\/#primaryimage\",\"url\":\"https:\/\/chateau-miglos.fr\/wordpress-test\/wp-content\/uploads\/2019\/06\/avant-conference.jpg\",\"contentUrl\":\"https:\/\/chateau-miglos.fr\/wordpress-test\/wp-content\/uploads\/2019\/06\/avant-conference.jpg\",\"width\":300,\"height\":150},{\"@type\":\"BreadcrumbList\",\"@id\":\"https:\/\/chateau-miglos.fr\/wordpress-test\/2016\/07\/01\/conference-miglos-chateau-villages-vallee-au-moyen-age\/#breadcrumb\",\"itemListElement\":[{\"@type\":\"ListItem\",\"position\":1,\"name\":\"Accueil\",\"item\":\"https:\/\/chateau-miglos.fr\/wordpress-test\/\"},{\"@type\":\"ListItem\",\"position\":2,\"name\":\"Conf\u00e9rence &#8211; Miglos, ch\u00e2teau, villages, vall\u00e9e, au Moyen \u00c2ge\"}]},{\"@type\":\"WebSite\",\"@id\":\"https:\/\/chateau-miglos.fr\/wordpress-test\/#website\",\"url\":\"https:\/\/chateau-miglos.fr\/wordpress-test\/\",\"name\":\"Ch\u00e2teau de Miglos\",\"description\":\"une ch\u00e2teau, une vall\u00e9e\",\"publisher\":{\"@id\":\"https:\/\/chateau-miglos.fr\/wordpress-test\/#organization\"},\"potentialAction\":[{\"@type\":\"SearchAction\",\"target\":{\"@type\":\"EntryPoint\",\"urlTemplate\":\"https:\/\/chateau-miglos.fr\/wordpress-test\/?s={search_term_string}\"},\"query-input\":\"required name=search_term_string\"}],\"inLanguage\":\"fr-FR\"},{\"@type\":\"Organization\",\"@id\":\"https:\/\/chateau-miglos.fr\/wordpress-test\/#organization\",\"name\":\"Ch\u00e2teau de Miglos\",\"url\":\"https:\/\/chateau-miglos.fr\/wordpress-test\/\",\"logo\":{\"@type\":\"ImageObject\",\"inLanguage\":\"fr-FR\",\"@id\":\"https:\/\/chateau-miglos.fr\/wordpress-test\/#\/schema\/logo\/image\/\",\"url\":\"https:\/\/chateau-miglos.fr\/wordpress-test\/wp-content\/uploads\/2019\/06\/seul.png\",\"contentUrl\":\"https:\/\/chateau-miglos.fr\/wordpress-test\/wp-content\/uploads\/2019\/06\/seul.png\",\"width\":801,\"height\":705,\"caption\":\"Ch\u00e2teau de Miglos\"},\"image\":{\"@id\":\"https:\/\/chateau-miglos.fr\/wordpress-test\/#\/schema\/logo\/image\/\"},\"sameAs\":[\"https:\/\/www.facebook.com\/chateaudemiglos\/\",\"https:\/\/www.instagram.com\/chateaudemiglos\/\",\"https:\/\/www.youtube.com\/channel\/UC70FrOmo9xvq8eHCA4YTs9A\",\"https:\/\/fr.wikipedia.org\/wiki\/Ch\u00e2teau_de_Miglos\"]},{\"@type\":\"Person\",\"@id\":\"https:\/\/chateau-miglos.fr\/wordpress-test\/#\/schema\/person\/c7c9d611967a7bba7db9f7d72154455e\",\"name\":\"AACM\",\"image\":{\"@type\":\"ImageObject\",\"inLanguage\":\"fr-FR\",\"@id\":\"https:\/\/chateau-miglos.fr\/wordpress-test\/#\/schema\/person\/image\/\",\"url\":\"https:\/\/secure.gravatar.com\/avatar\/b704daf4c3f56428875cf047b8f9eb25?s=96&d=mm&r=g\",\"contentUrl\":\"https:\/\/secure.gravatar.com\/avatar\/b704daf4c3f56428875cf047b8f9eb25?s=96&d=mm&r=g\",\"caption\":\"AACM\"}}]}<\/script>\n<!-- \/ Yoast SEO plugin. -->","yoast_head_json":{"title":"Conf\u00e9rence - Miglos, ch\u00e2teau, villages, vall\u00e9e, au Moyen \u00c2ge - Ch\u00e2teau de Miglos","robots":{"index":"index","follow":"follow","max-snippet":"max-snippet:-1","max-image-preview":"max-image-preview:large","max-video-preview":"max-video-preview:-1"},"canonical":"https:\/\/chateau-miglos.fr\/wordpress-test\/2016\/07\/01\/conference-miglos-chateau-villages-vallee-au-moyen-age\/","og_locale":"fr_FR","og_type":"article","og_title":"Conf\u00e9rence - Miglos, ch\u00e2teau, villages, vall\u00e9e, au Moyen \u00c2ge - Ch\u00e2teau de Miglos","og_description":"Mercredi 20 juillet 2016 \u00e0 21 h Conf\u00e9rence : &#8220;Miglos, ch\u00e2teau, villages, vall\u00e9e, au Moyen \u00c2ge&#8221; par Florence Guillot, Responsable de la Maison des patrimoines, historienne et arch\u00e9ologue Un auditoire ...","og_url":"https:\/\/chateau-miglos.fr\/wordpress-test\/2016\/07\/01\/conference-miglos-chateau-villages-vallee-au-moyen-age\/","og_site_name":"Ch\u00e2teau de Miglos","article_publisher":"https:\/\/www.facebook.com\/chateaudemiglos\/","article_published_time":"2016-07-01T18:10:29+00:00","article_modified_time":"2019-06-05T13:53:50+00:00","og_image":[{"width":300,"height":150,"url":"https:\/\/chateau-miglos.fr\/wordpress-test\/wp-content\/uploads\/2019\/06\/avant-conference.jpg","type":"image\/jpeg"}],"author":"AACM","twitter_card":"summary_large_image","twitter_misc":{"\u00c9crit par":"AACM"},"schema":{"@context":"https:\/\/schema.org","@graph":[{"@type":"Article","@id":"https:\/\/chateau-miglos.fr\/wordpress-test\/2016\/07\/01\/conference-miglos-chateau-villages-vallee-au-moyen-age\/#article","isPartOf":{"@id":"https:\/\/chateau-miglos.fr\/wordpress-test\/2016\/07\/01\/conference-miglos-chateau-villages-vallee-au-moyen-age\/"},"author":{"name":"AACM","@id":"https:\/\/chateau-miglos.fr\/wordpress-test\/#\/schema\/person\/c7c9d611967a7bba7db9f7d72154455e"},"headline":"Conf\u00e9rence &#8211; Miglos, ch\u00e2teau, villages, vall\u00e9e, au Moyen \u00c2ge","datePublished":"2016-07-01T18:10:29+00:00","dateModified":"2019-06-05T13:53:50+00:00","mainEntityOfPage":{"@id":"https:\/\/chateau-miglos.fr\/wordpress-test\/2016\/07\/01\/conference-miglos-chateau-villages-vallee-au-moyen-age\/"},"wordCount":63,"publisher":{"@id":"https:\/\/chateau-miglos.fr\/wordpress-test\/#organization"},"image":{"@id":"https:\/\/chateau-miglos.fr\/wordpress-test\/2016\/07\/01\/conference-miglos-chateau-villages-vallee-au-moyen-age\/#primaryimage"},"thumbnailUrl":"https:\/\/chateau-miglos.fr\/wordpress-test\/wp-content\/uploads\/2019\/06\/avant-conference.jpg","articleSection":["Actualit\u00e9s","Bibliographie"],"inLanguage":"fr-FR"},{"@type":"WebPage","@id":"https:\/\/chateau-miglos.fr\/wordpress-test\/2016\/07\/01\/conference-miglos-chateau-villages-vallee-au-moyen-age\/","url":"https:\/\/chateau-miglos.fr\/wordpress-test\/2016\/07\/01\/conference-miglos-chateau-villages-vallee-au-moyen-age\/","name":"Conf\u00e9rence - Miglos, ch\u00e2teau, villages, vall\u00e9e, au Moyen \u00c2ge - Ch\u00e2teau de Miglos","isPartOf":{"@id":"https:\/\/chateau-miglos.fr\/wordpress-test\/#website"},"primaryImageOfPage":{"@id":"https:\/\/chateau-miglos.fr\/wordpress-test\/2016\/07\/01\/conference-miglos-chateau-villages-vallee-au-moyen-age\/#primaryimage"},"image":{"@id":"https:\/\/chateau-miglos.fr\/wordpress-test\/2016\/07\/01\/conference-miglos-chateau-villages-vallee-au-moyen-age\/#primaryimage"},"thumbnailUrl":"https:\/\/chateau-miglos.fr\/wordpress-test\/wp-content\/uploads\/2019\/06\/avant-conference.jpg","datePublished":"2016-07-01T18:10:29+00:00","dateModified":"2019-06-05T13:53:50+00:00","breadcrumb":{"@id":"https:\/\/chateau-miglos.fr\/wordpress-test\/2016\/07\/01\/conference-miglos-chateau-villages-vallee-au-moyen-age\/#breadcrumb"},"inLanguage":"fr-FR","potentialAction":[{"@type":"ReadAction","target":["https:\/\/chateau-miglos.fr\/wordpress-test\/2016\/07\/01\/conference-miglos-chateau-villages-vallee-au-moyen-age\/"]}]},{"@type":"ImageObject","inLanguage":"fr-FR","@id":"https:\/\/chateau-miglos.fr\/wordpress-test\/2016\/07\/01\/conference-miglos-chateau-villages-vallee-au-moyen-age\/#primaryimage","url":"https:\/\/chateau-miglos.fr\/wordpress-test\/wp-content\/uploads\/2019\/06\/avant-conference.jpg","contentUrl":"https:\/\/chateau-miglos.fr\/wordpress-test\/wp-content\/uploads\/2019\/06\/avant-conference.jpg","width":300,"height":150},{"@type":"BreadcrumbList","@id":"https:\/\/chateau-miglos.fr\/wordpress-test\/2016\/07\/01\/conference-miglos-chateau-villages-vallee-au-moyen-age\/#breadcrumb","itemListElement":[{"@type":"ListItem","position":1,"name":"Accueil","item":"https:\/\/chateau-miglos.fr\/wordpress-test\/"},{"@type":"ListItem","position":2,"name":"Conf\u00e9rence &#8211; Miglos, ch\u00e2teau, villages, vall\u00e9e, au Moyen \u00c2ge"}]},{"@type":"WebSite","@id":"https:\/\/chateau-miglos.fr\/wordpress-test\/#website","url":"https:\/\/chateau-miglos.fr\/wordpress-test\/","name":"Ch\u00e2teau de Miglos","description":"une ch\u00e2teau, une vall\u00e9e","publisher":{"@id":"https:\/\/chateau-miglos.fr\/wordpress-test\/#organization"},"potentialAction":[{"@type":"SearchAction","target":{"@type":"EntryPoint","urlTemplate":"https:\/\/chateau-miglos.fr\/wordpress-test\/?s={search_term_string}"},"query-input":"required name=search_term_string"}],"inLanguage":"fr-FR"},{"@type":"Organization","@id":"https:\/\/chateau-miglos.fr\/wordpress-test\/#organization","name":"Ch\u00e2teau de Miglos","url":"https:\/\/chateau-miglos.fr\/wordpress-test\/","logo":{"@type":"ImageObject","inLanguage":"fr-FR","@id":"https:\/\/chateau-miglos.fr\/wordpress-test\/#\/schema\/logo\/image\/","url":"https:\/\/chateau-miglos.fr\/wordpress-test\/wp-content\/uploads\/2019\/06\/seul.png","contentUrl":"https:\/\/chateau-miglos.fr\/wordpress-test\/wp-content\/uploads\/2019\/06\/seul.png","width":801,"height":705,"caption":"Ch\u00e2teau de Miglos"},"image":{"@id":"https:\/\/chateau-miglos.fr\/wordpress-test\/#\/schema\/logo\/image\/"},"sameAs":["https:\/\/www.facebook.com\/chateaudemiglos\/","https:\/\/www.instagram.com\/chateaudemiglos\/","https:\/\/www.youtube.com\/channel\/UC70FrOmo9xvq8eHCA4YTs9A","https:\/\/fr.wikipedia.org\/wiki\/Ch\u00e2teau_de_Miglos"]},{"@type":"Person","@id":"https:\/\/chateau-miglos.fr\/wordpress-test\/#\/schema\/person\/c7c9d611967a7bba7db9f7d72154455e","name":"AACM","image":{"@type":"ImageObject","inLanguage":"fr-FR","@id":"https:\/\/chateau-miglos.fr\/wordpress-test\/#\/schema\/person\/image\/","url":"https:\/\/secure.gravatar.com\/avatar\/b704daf4c3f56428875cf047b8f9eb25?s=96&d=mm&r=g","contentUrl":"https:\/\/secure.gravatar.com\/avatar\/b704daf4c3f56428875cf047b8f9eb25?s=96&d=mm&r=g","caption":"AACM"}}]}},"jetpack_featured_media_url":"https:\/\/chateau-miglos.fr\/wordpress-test\/wp-content\/uploads\/2019\/06\/avant-conference.jpg","rttpg_featured_image_url":{"full":["https:\/\/chateau-miglos.fr\/wordpress-test\/wp-content\/uploads\/2019\/06\/avant-conference.jpg",300,150,false],"landscape":["https:\/\/chateau-miglos.fr\/wordpress-test\/wp-content\/uploads\/2019\/06\/avant-conference.jpg",300,150,false],"portraits":["https:\/\/chateau-miglos.fr\/wordpress-test\/wp-content\/uploads\/2019\/06\/avant-conference.jpg",300,150,false],"thumbnail":["https:\/\/chateau-miglos.fr\/wordpress-test\/wp-content\/uploads\/2019\/06\/avant-conference-150x150.jpg",150,150,true],"medium":["https:\/\/chateau-miglos.fr\/wordpress-test\/wp-content\/uploads\/2019\/06\/avant-conference-300x150.jpg",300,150,true],"large":["https:\/\/chateau-miglos.fr\/wordpress-test\/wp-content\/uploads\/2019\/06\/avant-conference.jpg",300,150,false],"1536x1536":["https:\/\/chateau-miglos.fr\/wordpress-test\/wp-content\/uploads\/2019\/06\/avant-conference.jpg",300,150,false],"2048x2048":["https:\/\/chateau-miglos.fr\/wordpress-test\/wp-content\/uploads\/2019\/06\/avant-conference.jpg",300,150,false],"onepress-blog-small":["https:\/\/chateau-miglos.fr\/wordpress-test\/wp-content\/uploads\/2019\/06\/avant-conference.jpg",300,150,false],"onepress-small":["https:\/\/chateau-miglos.fr\/wordpress-test\/wp-content\/uploads\/2019\/06\/avant-conference.jpg",300,150,false],"onepress-medium":["https:\/\/chateau-miglos.fr\/wordpress-test\/wp-content\/uploads\/2019\/06\/avant-conference.jpg",300,150,false],"sow-carousel-default":["https:\/\/chateau-miglos.fr\/wordpress-test\/wp-content\/uploads\/2019\/06\/avant-conference-272x150.jpg",272,150,true]},"rttpg_author":{"display_name":"AACM","author_link":"https:\/\/chateau-miglos.fr\/wordpress-test\/author\/aacm\/"},"rttpg_comment":0,"rttpg_category":"<a href=\"https:\/\/chateau-miglos.fr\/wordpress-test\/category\/actualites\/\" rel=\"category tag\">Actualit\u00e9s<\/a> <a href=\"https:\/\/chateau-miglos.fr\/wordpress-test\/category\/bibliographie\/\" rel=\"category tag\">Bibliographie<\/a>","rttpg_excerpt":"Mercredi 20 juillet 2016 \u00e0 21 h Conf\u00e9rence : &#8220;Miglos, ch\u00e2teau, villages, vall\u00e9e, au Moyen \u00c2ge&#8221; par Florence Guillot, Responsable de la Maison des patrimoines, historienne et arch\u00e9ologue Un auditoire ...","_links":{"self":[{"href":"https:\/\/chateau-miglos.fr\/wordpress-test\/wp-json\/wp\/v2\/posts\/3047"}],"collection":[{"href":"https:\/\/chateau-miglos.fr\/wordpress-test\/wp-json\/wp\/v2\/posts"}],"about":[{"href":"https:\/\/chateau-miglos.fr\/wordpress-test\/wp-json\/wp\/v2\/types\/post"}],"author":[{"embeddable":true,"href":"https:\/\/chateau-miglos.fr\/wordpress-test\/wp-json\/wp\/v2\/users\/2"}],"replies":[{"embeddable":true,"href":"https:\/\/chateau-miglos.fr\/wordpress-test\/wp-json\/wp\/v2\/comments?post=3047"}],"version-history":[{"count":9,"href":"https:\/\/chateau-miglos.fr\/wordpress-test\/wp-json\/wp\/v2\/posts\/3047\/revisions"}],"predecessor-version":[{"id":3467,"href":"https:\/\/chateau-miglos.fr\/wordpress-test\/wp-json\/wp\/v2\/posts\/3047\/revisions\/3467"}],"wp:featuredmedia":[{"embeddable":true,"href":"https:\/\/chateau-miglos.fr\/wordpress-test\/wp-json\/wp\/v2\/media\/3048"}],"wp:attachment":[{"href":"https:\/\/chateau-miglos.fr\/wordpress-test\/wp-json\/wp\/v2\/media?parent=3047"}],"wp:term":[{"taxonomy":"category","embeddable":true,"href":"https:\/\/chateau-miglos.fr\/wordpress-test\/wp-json\/wp\/v2\/categories?post=3047"},{"taxonomy":"post_tag","embeddable":true,"href":"https:\/\/chateau-miglos.fr\/wordpress-test\/wp-json\/wp\/v2\/tags?post=3047"}],"curies":[{"name":"wp","href":"https:\/\/api.w.org\/{rel}","templated":true}]}}