{"id":2806,"date":"2017-07-01T17:13:39","date_gmt":"2017-07-01T15:13:39","guid":{"rendered":"http:\/\/chateau-miglos.fr\/wordpress-test\/?p=2806"},"modified":"2023-06-29T04:08:20","modified_gmt":"2023-06-29T02:08:20","slug":"festivites-des-30-ans-de-laacm","status":"publish","type":"post","link":"https:\/\/chateau-miglos.fr\/wordpress-test\/2017\/07\/01\/festivites-des-30-ans-de-laacm\/","title":{"rendered":"FESTIVITES DES 30 ANS DE L\u2019AACM"},"content":{"rendered":"\n<h3 class=\"wp-block-heading\">Les Amis du Ch\u00e2teau de Miglos<\/h3>\n\n\n\n<div class=\"wp-block-media-text alignwide has-media-on-the-right is-stacked-on-mobile\" style=\"grid-template-columns:auto 20%\"><div class=\"wp-block-media-text__content\">\n<p style=\"font-size:30px\"><strong>Trois jours de f\u00eates les 6-7-8 Ao\u00fbt 2017<\/strong><\/p>\n<\/div><figure class=\"wp-block-media-text__media\"><img loading=\"lazy\" decoding=\"async\" width=\"700\" height=\"989\" src=\"http:\/\/chateau-miglos.fr\/wordpress-test\/wp-content\/uploads\/2019\/06\/p1.png\" alt=\"Trois jours de f\u00eates les 6-7-8 Ao\u00fbt 2017\" class=\"wp-image-2808 size-full\"\/><\/figure><\/div>\n\n\n\n<div style=\"height:10px\" aria-hidden=\"true\" class=\"wp-block-spacer\"><\/div>\n\n\n\n<div class=\"wp-block-media-text alignwide has-media-on-the-right is-stacked-on-mobile\" style=\"grid-template-columns:auto 20%\"><div class=\"wp-block-media-text__content\">\n<p class=\"has-vivid-green-cyan-color has-text-color\" style=\"font-size:30px\"><strong>6 Ao\u00fbt :<\/strong><\/p>\n\n\n\n<p><strong>9h30 : Chasse au tr\u00e9sor pour les plus jeunes autour du ch\u00e2teau <\/strong>;<\/p>\n\n\n\n<p class=\"has-text-align-right\"><em>D\u00e9part sur la place d\u2019Arquizat-Miglos<\/em><\/p>\n<\/div><figure class=\"wp-block-media-text__media\"><img loading=\"lazy\" decoding=\"async\" width=\"700\" height=\"989\" src=\"http:\/\/chateau-miglos.fr\/wordpress-test\/wp-content\/uploads\/2019\/06\/p3.png\" alt=\"Chasse aux tr\u00e9sors - 6 ao\u00fbt 2017 AACM\" class=\"wp-image-2821 size-full\"\/><\/figure><\/div>\n\n\n\n<div style=\"height:10px\" aria-hidden=\"true\" class=\"wp-block-spacer\"><\/div>\n\n\n\n<div class=\"wp-block-media-text alignwide has-media-on-the-right is-stacked-on-mobile\" style=\"grid-template-columns:auto 20%\"><div class=\"wp-block-media-text__content\">\n<p><strong>16h pr\u00e9cises : Fantaisie autour de \u00ab Mireille \u00bb de Charles Gounod,<\/strong><br> <strong>CREATION<\/strong> &#8211; Spectacle musical arrang\u00e9 par Jeanine Prosper<br> avec \u00ab l\u2019 Ensemble vocal Unisson \u00bb, au piano Danielle Sainte-Croix<\/p>\n\n\n\n<p>Participation Libre<\/p>\n\n\n\n<p class=\"has-text-align-right\"> <em>Lieu : Eglise de Norgeat-Miglos<\/em><\/p>\n<\/div><figure class=\"wp-block-media-text__media\"><img loading=\"lazy\" decoding=\"async\" width=\"700\" height=\"989\" src=\"http:\/\/chateau-miglos.fr\/wordpress-test\/wp-content\/uploads\/2019\/06\/p4.png\" alt=\"6 Ao\u00fbt - 16h pr\u00e9cises : Fantaisie autour de \u00ab Mireille \u00bb de Charles Gounod, CREATION - Spectacle musical arrang\u00e9 par Jeanine Prosper\" class=\"wp-image-2799 size-full\"\/><\/figure><\/div>\n\n\n\n<div style=\"height:5px\" aria-hidden=\"true\" class=\"wp-block-spacer\"><\/div>\n\n\n\n<div style=\"height:10px\" aria-hidden=\"true\" class=\"wp-block-spacer\"><\/div>\n\n\n\n<div class=\"wp-block-media-text alignwide has-media-on-the-right is-stacked-on-mobile\" style=\"grid-template-columns:auto 20%\"><div class=\"wp-block-media-text__content\">\n<p><strong>18h30 : Lancement de la f\u00eate des 30 ans au pied du ch\u00e2teau.<\/strong><\/p>\n\n\n\n<p class=\"has-text-align-right\"> <em>Lieu : au pied du ch\u00e2teau<\/em><\/p>\n<\/div><figure class=\"wp-block-media-text__media\"><img loading=\"lazy\" decoding=\"async\" width=\"700\" height=\"989\" src=\"http:\/\/chateau-miglos.fr\/wordpress-test\/wp-content\/uploads\/2019\/06\/p5.png\" alt=\"Lancement de la f\u00eate des 30 ans au pied du ch\u00e2teau.- AACM\" class=\"wp-image-2823 size-full\"\/><\/figure><\/div>\n\n\n\n<div style=\"height:10px\" aria-hidden=\"true\" class=\"wp-block-spacer\"><\/div>\n\n\n\n<div class=\"wp-block-media-text alignwide has-media-on-the-right is-stacked-on-mobile\" style=\"grid-template-columns:auto 20%\"><div class=\"wp-block-media-text__content\">\n<p class=\"has-vivid-green-cyan-color has-text-color\" style=\"font-size:30px\"><strong>7 Ao\u00fbt :<\/strong><\/p>\n\n\n\n<p><strong>21h30 : Veill\u00e9e \u00e0 Miglos anim\u00e9e par les groupes :<\/strong><\/p>\n\n\n\n<ul>\n<li>Les Clampins \u2013 Groupe de Pascale Respaud &#8211; BTP Trio &#8211;<\/li>\n<\/ul>\n\n\n\n<p class=\"has-text-align-right\"><em>Lieu : Place d\u2019Arquizat-Miglos<\/em><\/p>\n<\/div><figure class=\"wp-block-media-text__media\"><img loading=\"lazy\" decoding=\"async\" width=\"700\" height=\"989\" src=\"http:\/\/chateau-miglos.fr\/wordpress-test\/wp-content\/uploads\/2019\/06\/p6.png\" alt=\"Veill\u00e9e \u00e0 Miglos anim\u00e9e par les groupes : - Les Clampins \u2013 Groupe de Pascale Respaud - BTP Trio -\" class=\"wp-image-2826 size-full\"\/><\/figure><\/div>\n\n\n\n<div style=\"height:10px\" aria-hidden=\"true\" class=\"wp-block-spacer\"><\/div>\n\n\n\n<div class=\"wp-block-media-text alignwide has-media-on-the-right is-stacked-on-mobile\" style=\"grid-template-columns:auto 20%\"><div class=\"wp-block-media-text__content\">\n<p class=\"has-vivid-green-cyan-color has-text-color\" style=\"font-size:30px\"><strong>8 Ao\u00fbt :<\/strong><\/p>\n\n\n\n<p><strong>16h pr\u00e9cises : Conf\u00e9rence de Pilar Jim\u00e9nez :<br> \u00ab Le catharisme. Origines et fondements spirituels d\u2019une Eglise dissidente m\u00e9di\u00e9vale \u00bb.<\/strong><\/p>\n\n\n\n<p>Enseignante-chercheur, membre associ\u00e9 du Laboratoire CNRS-UMR 5136 FRAMESPA, Univ. Toulouse-Le Mirail. Membre du CIRCAED,  Collectif de Recherche International sur le Catharisme et les Dissidences.<\/p>\n\n\n\n<p class=\"has-text-align-right\"><em>Lieu : Eglise de Norgeat-Miglos<\/em><\/p>\n<\/div><figure class=\"wp-block-media-text__media\"><img loading=\"lazy\" decoding=\"async\" width=\"700\" height=\"989\" src=\"http:\/\/chateau-miglos.fr\/wordpress-test\/wp-content\/uploads\/2019\/06\/p7.png\" alt=\"Conf\u00e9rence de Pilar Jim\u00e9nez : \u00ab Le catharisme. Origines et fondements spirituels d\u2019une Eglise dissidente m\u00e9di\u00e9vale \u00bb.\" class=\"wp-image-2836 size-full\"\/><\/figure><\/div>\n\n\n\n<div style=\"height:10px\" aria-hidden=\"true\" class=\"wp-block-spacer\"><\/div>\n\n\n\n<div class=\"wp-block-media-text alignwide has-media-on-the-right is-stacked-on-mobile\" style=\"grid-template-columns:auto 20%\"><div class=\"wp-block-media-text__content\">\n<p class=\"has-vivid-green-cyan-color has-text-color\" style=\"font-size:30px\"><strong>6-7-8 Ao\u00fbt :<\/strong><\/p>\n\n\n\n<p><strong>Exposition d&#8217;aquarelles et de photos<\/strong><\/p>\n\n\n\n<p>Pendant ces trois jours, l&#8217;apr\u00e8s-midi.<\/p>\n\n\n\n<p class=\"has-text-align-right\"><em>Lieu : Salle polyvalente de Norgeat-Miglos<\/em><\/p>\n<\/div><figure class=\"wp-block-media-text__media\"><img loading=\"lazy\" decoding=\"async\" width=\"700\" height=\"989\" src=\"http:\/\/chateau-miglos.fr\/wordpress-test\/wp-content\/uploads\/2019\/06\/p8.png\" alt=\"Exposition d'aquarelles et de photos\" class=\"wp-image-2842 size-full\"\/><\/figure><\/div>\n\n\n\n<figure class=\"wp-block-gallery has-nested-images columns-6 is-cropped wp-block-gallery-1 is-layout-flex wp-block-gallery-is-layout-flex\">\n<figure class=\"wp-block-image\"><a href=\"https:\/\/chateau-miglos.fr\/wordpress-test\/wp-content\/uploads\/2019\/06\/p1.png\" data-rel=\"lightbox-gallery-nFDE2MO5\" data-rl_title=\"Trois jours de f\u00eates les 6-7-8 Ao\u00fbt 2017\" data-rl_caption=\"\" title=\"Trois jours de f\u00eates les 6-7-8 Ao\u00fbt 2017\"><img loading=\"lazy\" decoding=\"async\" width=\"700\" height=\"989\" data-id=\"2808\" src=\"https:\/\/chateau-miglos.fr\/wordpress-test\/wp-content\/uploads\/2019\/06\/p1.png\" alt=\"Trois jours de f\u00eates les 6-7-8 Ao\u00fbt 2017\" class=\"wp-image-2808\"\/><\/a><\/figure>\n\n\n\n<figure class=\"wp-block-image\"><a href=\"https:\/\/chateau-miglos.fr\/wordpress-test\/wp-content\/uploads\/2019\/06\/p3.png\" data-rel=\"lightbox-gallery-nFDE2MO5\" data-rl_title=\"Chasse aux tr\u00e9sors &#8211; 6 ao\u00fbt 2017 AACM\" data-rl_caption=\"\" title=\"Chasse aux tr\u00e9sors &#8211; 6 ao\u00fbt 2017 AACM\"><img loading=\"lazy\" decoding=\"async\" width=\"700\" height=\"989\" data-id=\"2821\" src=\"https:\/\/chateau-miglos.fr\/wordpress-test\/wp-content\/uploads\/2019\/06\/p3.png\" alt=\"Chasse aux tr\u00e9sors - 6 ao\u00fbt 2017 AACM\" class=\"wp-image-2821\"\/><\/a><\/figure>\n\n\n\n<figure class=\"wp-block-image\"><a href=\"https:\/\/chateau-miglos.fr\/wordpress-test\/wp-content\/uploads\/2019\/06\/p4.png\" data-rel=\"lightbox-gallery-nFDE2MO5\" data-rl_title=\"6 Ao\u00fbt &#8211; 16h pr\u00e9cises : Fantaisie autour de \u00ab Mireille \u00bb de Charles Gounod, CREATION &#8211; Spectacle musical arrang\u00e9 par Jeanine Prosper\" data-rl_caption=\"\" title=\"6 Ao\u00fbt &#8211; 16h pr\u00e9cises : Fantaisie autour de \u00ab Mireille \u00bb de Charles Gounod, CREATION &#8211; Spectacle musical arrang\u00e9 par Jeanine Prosper\"><img loading=\"lazy\" decoding=\"async\" width=\"700\" height=\"989\" data-id=\"2799\" src=\"https:\/\/chateau-miglos.fr\/wordpress-test\/wp-content\/uploads\/2019\/06\/p4.png\" alt=\"6 Ao\u00fbt - 16h pr\u00e9cises : Fantaisie autour de \u00ab Mireille \u00bb de Charles Gounod, CREATION - Spectacle musical arrang\u00e9 par Jeanine Prosper\" class=\"wp-image-2799\"\/><\/a><\/figure>\n\n\n\n<figure class=\"wp-block-image\"><a href=\"https:\/\/chateau-miglos.fr\/wordpress-test\/wp-content\/uploads\/2019\/06\/p5.png\" data-rel=\"lightbox-gallery-nFDE2MO5\" data-rl_title=\"Lancement de la f\u00eate des 30 ans au pied du ch\u00e2teau.- AACM\" data-rl_caption=\"\" title=\"Lancement de la f\u00eate des 30 ans au pied du ch\u00e2teau.- AACM\"><img loading=\"lazy\" decoding=\"async\" width=\"700\" height=\"989\" data-id=\"2823\" src=\"https:\/\/chateau-miglos.fr\/wordpress-test\/wp-content\/uploads\/2019\/06\/p5.png\" alt=\"Lancement de la f\u00eate des 30 ans au pied du ch\u00e2teau.- AACM\" class=\"wp-image-2823\"\/><\/a><\/figure>\n\n\n\n<figure class=\"wp-block-image\"><a href=\"https:\/\/chateau-miglos.fr\/wordpress-test\/wp-content\/uploads\/2019\/06\/p6.png\" data-rel=\"lightbox-gallery-nFDE2MO5\" data-rl_title=\"Veill\u00e9e \u00e0 Miglos anim\u00e9e par les groupes : &#8211; Les Clampins \u2013 Groupe de Pascale Respaud &#8211; BTP Trio &#8211;\" data-rl_caption=\"\" title=\"Veill\u00e9e \u00e0 Miglos anim\u00e9e par les groupes : &#8211; Les Clampins \u2013 Groupe de Pascale Respaud &#8211; BTP Trio &#8211;\"><img loading=\"lazy\" decoding=\"async\" width=\"700\" height=\"989\" data-id=\"2826\" src=\"https:\/\/chateau-miglos.fr\/wordpress-test\/wp-content\/uploads\/2019\/06\/p6.png\" alt=\"Veill\u00e9e \u00e0 Miglos anim\u00e9e par les groupes : - Les Clampins \u2013 Groupe de Pascale Respaud - BTP Trio -\" class=\"wp-image-2826\"\/><\/a><\/figure>\n\n\n\n<figure class=\"wp-block-image\"><a href=\"https:\/\/chateau-miglos.fr\/wordpress-test\/wp-content\/uploads\/2019\/06\/p7.png\" data-rel=\"lightbox-gallery-nFDE2MO5\" data-rl_title=\"Conf\u00e9rence de Pilar Jim\u00e9nez : \u00ab Le catharisme. Origines et fondements spirituels d\u2019une Eglise dissidente m\u00e9di\u00e9vale \u00bb.\" data-rl_caption=\"\" title=\"Conf\u00e9rence de Pilar Jim\u00e9nez : \u00ab Le catharisme. Origines et fondements spirituels d\u2019une Eglise dissidente m\u00e9di\u00e9vale \u00bb.\"><img loading=\"lazy\" decoding=\"async\" width=\"700\" height=\"989\" data-id=\"2836\" src=\"https:\/\/chateau-miglos.fr\/wordpress-test\/wp-content\/uploads\/2019\/06\/p7.png\" alt=\"Conf\u00e9rence de Pilar Jim\u00e9nez : \u00ab Le catharisme. Origines et fondements spirituels d\u2019une Eglise dissidente m\u00e9di\u00e9vale \u00bb.\" class=\"wp-image-2836\"\/><\/a><\/figure>\n<\/figure>\n\n\n\n<p class=\"has-text-align-center\"><strong>Association des Amis du Ch\u00e2teau de Miglos<\/strong><br> Mairie de Miglos<br> 09400 Miglos<\/p>\n\n\n\n<div style=\"text-align:center;\"><div style=\"margin:8px 0px 4px;\"><a>AACM &#8211; 30ans &#8211; PROGRAME 6- 7 &#8211; 8  AOUT 2017<\/a><\/div><iframe loading=\"lazy\" src=\"\/\/v.calameo.com\/?bkcode=0052234727ed2469261a4\" scrolling=\"no\" allowtransparency=\"\" allowfullscreen=\"\" style=\"margin:0 auto;\" frameborder=\"0\" height=\"194\" width=\"300\"><\/iframe><\/div>\n\n\n<div class=\"wp-block-image\">\n<figure class=\"aligncenter is-resized\"><a href=\"http:\/\/chateau-miglos.fr\/wordpress-test\/wp-content\/uploads\/2019\/06\/PROGRAMME-30ans-AACM1.pdf\" target=\"_blank\" rel=\"noreferrer noopener\"><img loading=\"lazy\" decoding=\"async\" src=\"http:\/\/chateau-miglos.fr\/wordpress-test\/wp-content\/uploads\/2018\/08\/pdf.jpg\" alt=\"pdf\" class=\"wp-image-1502\" width=\"50\" height=\"50\"\/><\/a><\/figure><\/div>","protected":false},"excerpt":{"rendered":"<p>Trois jours de f\u00eates les 6-7-8 Ao\u00fbt 2017<\/p>\n","protected":false},"author":2,"featured_media":2863,"comment_status":"closed","ping_status":"closed","sticky":false,"template":"","format":"standard","meta":{"ngg_post_thumbnail":0,"footnotes":""},"categories":[4,57,33,35],"tags":[],"yoast_head":"<!-- This site is optimized with the Yoast SEO plugin v23.0 - https:\/\/yoast.com\/wordpress\/plugins\/seo\/ -->\n<title>FESTIVITES DES 30 ANS DE L\u2019AACM - Ch\u00e2teau de Miglos<\/title>\n<meta name=\"robots\" content=\"index, follow, max-snippet:-1, max-image-preview:large, max-video-preview:-1\" \/>\n<link rel=\"canonical\" href=\"https:\/\/chateau-miglos.fr\/wordpress-test\/2017\/07\/01\/festivites-des-30-ans-de-laacm\/\" \/>\n<meta property=\"og:locale\" content=\"fr_FR\" \/>\n<meta property=\"og:type\" content=\"article\" \/>\n<meta property=\"og:title\" content=\"FESTIVITES DES 30 ANS DE L\u2019AACM - Ch\u00e2teau de Miglos\" \/>\n<meta property=\"og:description\" content=\"Trois jours de f\u00eates les 6-7-8 Ao\u00fbt 2017\" \/>\n<meta property=\"og:url\" content=\"https:\/\/chateau-miglos.fr\/wordpress-test\/2017\/07\/01\/festivites-des-30-ans-de-laacm\/\" \/>\n<meta property=\"og:site_name\" content=\"Ch\u00e2teau de Miglos\" \/>\n<meta property=\"article:publisher\" content=\"https:\/\/www.facebook.com\/chateaudemiglos\/\" \/>\n<meta property=\"article:published_time\" content=\"2017-07-01T15:13:39+00:00\" \/>\n<meta property=\"article:modified_time\" content=\"2023-06-29T02:08:20+00:00\" \/>\n<meta property=\"og:image\" content=\"https:\/\/chateau-miglos.fr\/wordpress-test\/wp-content\/uploads\/2019\/06\/avant-30ans.jpg\" \/>\n\t<meta property=\"og:image:width\" content=\"300\" \/>\n\t<meta property=\"og:image:height\" content=\"150\" \/>\n\t<meta property=\"og:image:type\" content=\"image\/jpeg\" \/>\n<meta name=\"author\" content=\"AACM\" \/>\n<meta name=\"twitter:card\" content=\"summary_large_image\" \/>\n<meta name=\"twitter:label1\" content=\"\u00c9crit par\" \/>\n\t<meta name=\"twitter:data1\" content=\"AACM\" \/>\n\t<meta name=\"twitter:label2\" content=\"Dur\u00e9e de lecture estim\u00e9e\" \/>\n\t<meta name=\"twitter:data2\" content=\"4 minutes\" \/>\n<script type=\"application\/ld+json\" class=\"yoast-schema-graph\">{\"@context\":\"https:\/\/schema.org\",\"@graph\":[{\"@type\":\"Article\",\"@id\":\"https:\/\/chateau-miglos.fr\/wordpress-test\/2017\/07\/01\/festivites-des-30-ans-de-laacm\/#article\",\"isPartOf\":{\"@id\":\"https:\/\/chateau-miglos.fr\/wordpress-test\/2017\/07\/01\/festivites-des-30-ans-de-laacm\/\"},\"author\":{\"name\":\"AACM\",\"@id\":\"https:\/\/chateau-miglos.fr\/wordpress-test\/#\/schema\/person\/c7c9d611967a7bba7db9f7d72154455e\"},\"headline\":\"FESTIVITES DES 30 ANS DE L\u2019AACM\",\"datePublished\":\"2017-07-01T15:13:39+00:00\",\"dateModified\":\"2023-06-29T02:08:20+00:00\",\"mainEntityOfPage\":{\"@id\":\"https:\/\/chateau-miglos.fr\/wordpress-test\/2017\/07\/01\/festivites-des-30-ans-de-laacm\/\"},\"wordCount\":213,\"publisher\":{\"@id\":\"https:\/\/chateau-miglos.fr\/wordpress-test\/#organization\"},\"image\":{\"@id\":\"https:\/\/chateau-miglos.fr\/wordpress-test\/2017\/07\/01\/festivites-des-30-ans-de-laacm\/#primaryimage\"},\"thumbnailUrl\":\"https:\/\/chateau-miglos.fr\/wordpress-test\/wp-content\/uploads\/2019\/06\/avant-30ans.jpg\",\"articleSection\":[\"Actualit\u00e9s\",\"BAL TRAD\",\"La f\u00eate des 30 ans\",\"Veill\u00e9e\"],\"inLanguage\":\"fr-FR\"},{\"@type\":\"WebPage\",\"@id\":\"https:\/\/chateau-miglos.fr\/wordpress-test\/2017\/07\/01\/festivites-des-30-ans-de-laacm\/\",\"url\":\"https:\/\/chateau-miglos.fr\/wordpress-test\/2017\/07\/01\/festivites-des-30-ans-de-laacm\/\",\"name\":\"FESTIVITES DES 30 ANS DE L\u2019AACM - Ch\u00e2teau de Miglos\",\"isPartOf\":{\"@id\":\"https:\/\/chateau-miglos.fr\/wordpress-test\/#website\"},\"primaryImageOfPage\":{\"@id\":\"https:\/\/chateau-miglos.fr\/wordpress-test\/2017\/07\/01\/festivites-des-30-ans-de-laacm\/#primaryimage\"},\"image\":{\"@id\":\"https:\/\/chateau-miglos.fr\/wordpress-test\/2017\/07\/01\/festivites-des-30-ans-de-laacm\/#primaryimage\"},\"thumbnailUrl\":\"https:\/\/chateau-miglos.fr\/wordpress-test\/wp-content\/uploads\/2019\/06\/avant-30ans.jpg\",\"datePublished\":\"2017-07-01T15:13:39+00:00\",\"dateModified\":\"2023-06-29T02:08:20+00:00\",\"breadcrumb\":{\"@id\":\"https:\/\/chateau-miglos.fr\/wordpress-test\/2017\/07\/01\/festivites-des-30-ans-de-laacm\/#breadcrumb\"},\"inLanguage\":\"fr-FR\",\"potentialAction\":[{\"@type\":\"ReadAction\",\"target\":[\"https:\/\/chateau-miglos.fr\/wordpress-test\/2017\/07\/01\/festivites-des-30-ans-de-laacm\/\"]}]},{\"@type\":\"ImageObject\",\"inLanguage\":\"fr-FR\",\"@id\":\"https:\/\/chateau-miglos.fr\/wordpress-test\/2017\/07\/01\/festivites-des-30-ans-de-laacm\/#primaryimage\",\"url\":\"https:\/\/chateau-miglos.fr\/wordpress-test\/wp-content\/uploads\/2019\/06\/avant-30ans.jpg\",\"contentUrl\":\"https:\/\/chateau-miglos.fr\/wordpress-test\/wp-content\/uploads\/2019\/06\/avant-30ans.jpg\",\"width\":300,\"height\":150},{\"@type\":\"BreadcrumbList\",\"@id\":\"https:\/\/chateau-miglos.fr\/wordpress-test\/2017\/07\/01\/festivites-des-30-ans-de-laacm\/#breadcrumb\",\"itemListElement\":[{\"@type\":\"ListItem\",\"position\":1,\"name\":\"Accueil\",\"item\":\"https:\/\/chateau-miglos.fr\/wordpress-test\/\"},{\"@type\":\"ListItem\",\"position\":2,\"name\":\"FESTIVITES DES 30 ANS DE L\u2019AACM\"}]},{\"@type\":\"WebSite\",\"@id\":\"https:\/\/chateau-miglos.fr\/wordpress-test\/#website\",\"url\":\"https:\/\/chateau-miglos.fr\/wordpress-test\/\",\"name\":\"Ch\u00e2teau de Miglos\",\"description\":\"une ch\u00e2teau, une vall\u00e9e\",\"publisher\":{\"@id\":\"https:\/\/chateau-miglos.fr\/wordpress-test\/#organization\"},\"potentialAction\":[{\"@type\":\"SearchAction\",\"target\":{\"@type\":\"EntryPoint\",\"urlTemplate\":\"https:\/\/chateau-miglos.fr\/wordpress-test\/?s={search_term_string}\"},\"query-input\":\"required name=search_term_string\"}],\"inLanguage\":\"fr-FR\"},{\"@type\":\"Organization\",\"@id\":\"https:\/\/chateau-miglos.fr\/wordpress-test\/#organization\",\"name\":\"Ch\u00e2teau de Miglos\",\"url\":\"https:\/\/chateau-miglos.fr\/wordpress-test\/\",\"logo\":{\"@type\":\"ImageObject\",\"inLanguage\":\"fr-FR\",\"@id\":\"https:\/\/chateau-miglos.fr\/wordpress-test\/#\/schema\/logo\/image\/\",\"url\":\"https:\/\/chateau-miglos.fr\/wordpress-test\/wp-content\/uploads\/2019\/06\/seul.png\",\"contentUrl\":\"https:\/\/chateau-miglos.fr\/wordpress-test\/wp-content\/uploads\/2019\/06\/seul.png\",\"width\":801,\"height\":705,\"caption\":\"Ch\u00e2teau de Miglos\"},\"image\":{\"@id\":\"https:\/\/chateau-miglos.fr\/wordpress-test\/#\/schema\/logo\/image\/\"},\"sameAs\":[\"https:\/\/www.facebook.com\/chateaudemiglos\/\",\"https:\/\/www.instagram.com\/chateaudemiglos\/\",\"https:\/\/www.youtube.com\/channel\/UC70FrOmo9xvq8eHCA4YTs9A\",\"https:\/\/fr.wikipedia.org\/wiki\/Ch\u00e2teau_de_Miglos\"]},{\"@type\":\"Person\",\"@id\":\"https:\/\/chateau-miglos.fr\/wordpress-test\/#\/schema\/person\/c7c9d611967a7bba7db9f7d72154455e\",\"name\":\"AACM\",\"image\":{\"@type\":\"ImageObject\",\"inLanguage\":\"fr-FR\",\"@id\":\"https:\/\/chateau-miglos.fr\/wordpress-test\/#\/schema\/person\/image\/\",\"url\":\"https:\/\/secure.gravatar.com\/avatar\/b704daf4c3f56428875cf047b8f9eb25?s=96&d=mm&r=g\",\"contentUrl\":\"https:\/\/secure.gravatar.com\/avatar\/b704daf4c3f56428875cf047b8f9eb25?s=96&d=mm&r=g\",\"caption\":\"AACM\"}}]}<\/script>\n<!-- \/ Yoast SEO plugin. -->","yoast_head_json":{"title":"FESTIVITES DES 30 ANS DE L\u2019AACM - Ch\u00e2teau de Miglos","robots":{"index":"index","follow":"follow","max-snippet":"max-snippet:-1","max-image-preview":"max-image-preview:large","max-video-preview":"max-video-preview:-1"},"canonical":"https:\/\/chateau-miglos.fr\/wordpress-test\/2017\/07\/01\/festivites-des-30-ans-de-laacm\/","og_locale":"fr_FR","og_type":"article","og_title":"FESTIVITES DES 30 ANS DE L\u2019AACM - Ch\u00e2teau de Miglos","og_description":"Trois jours de f\u00eates les 6-7-8 Ao\u00fbt 2017","og_url":"https:\/\/chateau-miglos.fr\/wordpress-test\/2017\/07\/01\/festivites-des-30-ans-de-laacm\/","og_site_name":"Ch\u00e2teau de Miglos","article_publisher":"https:\/\/www.facebook.com\/chateaudemiglos\/","article_published_time":"2017-07-01T15:13:39+00:00","article_modified_time":"2023-06-29T02:08:20+00:00","og_image":[{"width":300,"height":150,"url":"https:\/\/chateau-miglos.fr\/wordpress-test\/wp-content\/uploads\/2019\/06\/avant-30ans.jpg","type":"image\/jpeg"}],"author":"AACM","twitter_card":"summary_large_image","twitter_misc":{"\u00c9crit par":"AACM","Dur\u00e9e de lecture estim\u00e9e":"4 minutes"},"schema":{"@context":"https:\/\/schema.org","@graph":[{"@type":"Article","@id":"https:\/\/chateau-miglos.fr\/wordpress-test\/2017\/07\/01\/festivites-des-30-ans-de-laacm\/#article","isPartOf":{"@id":"https:\/\/chateau-miglos.fr\/wordpress-test\/2017\/07\/01\/festivites-des-30-ans-de-laacm\/"},"author":{"name":"AACM","@id":"https:\/\/chateau-miglos.fr\/wordpress-test\/#\/schema\/person\/c7c9d611967a7bba7db9f7d72154455e"},"headline":"FESTIVITES DES 30 ANS DE L\u2019AACM","datePublished":"2017-07-01T15:13:39+00:00","dateModified":"2023-06-29T02:08:20+00:00","mainEntityOfPage":{"@id":"https:\/\/chateau-miglos.fr\/wordpress-test\/2017\/07\/01\/festivites-des-30-ans-de-laacm\/"},"wordCount":213,"publisher":{"@id":"https:\/\/chateau-miglos.fr\/wordpress-test\/#organization"},"image":{"@id":"https:\/\/chateau-miglos.fr\/wordpress-test\/2017\/07\/01\/festivites-des-30-ans-de-laacm\/#primaryimage"},"thumbnailUrl":"https:\/\/chateau-miglos.fr\/wordpress-test\/wp-content\/uploads\/2019\/06\/avant-30ans.jpg","articleSection":["Actualit\u00e9s","BAL TRAD","La f\u00eate des 30 ans","Veill\u00e9e"],"inLanguage":"fr-FR"},{"@type":"WebPage","@id":"https:\/\/chateau-miglos.fr\/wordpress-test\/2017\/07\/01\/festivites-des-30-ans-de-laacm\/","url":"https:\/\/chateau-miglos.fr\/wordpress-test\/2017\/07\/01\/festivites-des-30-ans-de-laacm\/","name":"FESTIVITES DES 30 ANS DE L\u2019AACM - Ch\u00e2teau de Miglos","isPartOf":{"@id":"https:\/\/chateau-miglos.fr\/wordpress-test\/#website"},"primaryImageOfPage":{"@id":"https:\/\/chateau-miglos.fr\/wordpress-test\/2017\/07\/01\/festivites-des-30-ans-de-laacm\/#primaryimage"},"image":{"@id":"https:\/\/chateau-miglos.fr\/wordpress-test\/2017\/07\/01\/festivites-des-30-ans-de-laacm\/#primaryimage"},"thumbnailUrl":"https:\/\/chateau-miglos.fr\/wordpress-test\/wp-content\/uploads\/2019\/06\/avant-30ans.jpg","datePublished":"2017-07-01T15:13:39+00:00","dateModified":"2023-06-29T02:08:20+00:00","breadcrumb":{"@id":"https:\/\/chateau-miglos.fr\/wordpress-test\/2017\/07\/01\/festivites-des-30-ans-de-laacm\/#breadcrumb"},"inLanguage":"fr-FR","potentialAction":[{"@type":"ReadAction","target":["https:\/\/chateau-miglos.fr\/wordpress-test\/2017\/07\/01\/festivites-des-30-ans-de-laacm\/"]}]},{"@type":"ImageObject","inLanguage":"fr-FR","@id":"https:\/\/chateau-miglos.fr\/wordpress-test\/2017\/07\/01\/festivites-des-30-ans-de-laacm\/#primaryimage","url":"https:\/\/chateau-miglos.fr\/wordpress-test\/wp-content\/uploads\/2019\/06\/avant-30ans.jpg","contentUrl":"https:\/\/chateau-miglos.fr\/wordpress-test\/wp-content\/uploads\/2019\/06\/avant-30ans.jpg","width":300,"height":150},{"@type":"BreadcrumbList","@id":"https:\/\/chateau-miglos.fr\/wordpress-test\/2017\/07\/01\/festivites-des-30-ans-de-laacm\/#breadcrumb","itemListElement":[{"@type":"ListItem","position":1,"name":"Accueil","item":"https:\/\/chateau-miglos.fr\/wordpress-test\/"},{"@type":"ListItem","position":2,"name":"FESTIVITES DES 30 ANS DE L\u2019AACM"}]},{"@type":"WebSite","@id":"https:\/\/chateau-miglos.fr\/wordpress-test\/#website","url":"https:\/\/chateau-miglos.fr\/wordpress-test\/","name":"Ch\u00e2teau de Miglos","description":"une ch\u00e2teau, une vall\u00e9e","publisher":{"@id":"https:\/\/chateau-miglos.fr\/wordpress-test\/#organization"},"potentialAction":[{"@type":"SearchAction","target":{"@type":"EntryPoint","urlTemplate":"https:\/\/chateau-miglos.fr\/wordpress-test\/?s={search_term_string}"},"query-input":"required name=search_term_string"}],"inLanguage":"fr-FR"},{"@type":"Organization","@id":"https:\/\/chateau-miglos.fr\/wordpress-test\/#organization","name":"Ch\u00e2teau de Miglos","url":"https:\/\/chateau-miglos.fr\/wordpress-test\/","logo":{"@type":"ImageObject","inLanguage":"fr-FR","@id":"https:\/\/chateau-miglos.fr\/wordpress-test\/#\/schema\/logo\/image\/","url":"https:\/\/chateau-miglos.fr\/wordpress-test\/wp-content\/uploads\/2019\/06\/seul.png","contentUrl":"https:\/\/chateau-miglos.fr\/wordpress-test\/wp-content\/uploads\/2019\/06\/seul.png","width":801,"height":705,"caption":"Ch\u00e2teau de Miglos"},"image":{"@id":"https:\/\/chateau-miglos.fr\/wordpress-test\/#\/schema\/logo\/image\/"},"sameAs":["https:\/\/www.facebook.com\/chateaudemiglos\/","https:\/\/www.instagram.com\/chateaudemiglos\/","https:\/\/www.youtube.com\/channel\/UC70FrOmo9xvq8eHCA4YTs9A","https:\/\/fr.wikipedia.org\/wiki\/Ch\u00e2teau_de_Miglos"]},{"@type":"Person","@id":"https:\/\/chateau-miglos.fr\/wordpress-test\/#\/schema\/person\/c7c9d611967a7bba7db9f7d72154455e","name":"AACM","image":{"@type":"ImageObject","inLanguage":"fr-FR","@id":"https:\/\/chateau-miglos.fr\/wordpress-test\/#\/schema\/person\/image\/","url":"https:\/\/secure.gravatar.com\/avatar\/b704daf4c3f56428875cf047b8f9eb25?s=96&d=mm&r=g","contentUrl":"https:\/\/secure.gravatar.com\/avatar\/b704daf4c3f56428875cf047b8f9eb25?s=96&d=mm&r=g","caption":"AACM"}}]}},"jetpack_featured_media_url":"https:\/\/chateau-miglos.fr\/wordpress-test\/wp-content\/uploads\/2019\/06\/avant-30ans.jpg","rttpg_featured_image_url":{"full":["https:\/\/chateau-miglos.fr\/wordpress-test\/wp-content\/uploads\/2019\/06\/avant-30ans.jpg",300,150,false],"landscape":["https:\/\/chateau-miglos.fr\/wordpress-test\/wp-content\/uploads\/2019\/06\/avant-30ans.jpg",300,150,false],"portraits":["https:\/\/chateau-miglos.fr\/wordpress-test\/wp-content\/uploads\/2019\/06\/avant-30ans.jpg",300,150,false],"thumbnail":["https:\/\/chateau-miglos.fr\/wordpress-test\/wp-content\/uploads\/2019\/06\/avant-30ans-150x150.jpg",150,150,true],"medium":["https:\/\/chateau-miglos.fr\/wordpress-test\/wp-content\/uploads\/2019\/06\/avant-30ans-300x150.jpg",300,150,true],"large":["https:\/\/chateau-miglos.fr\/wordpress-test\/wp-content\/uploads\/2019\/06\/avant-30ans.jpg",300,150,false],"1536x1536":["https:\/\/chateau-miglos.fr\/wordpress-test\/wp-content\/uploads\/2019\/06\/avant-30ans.jpg",300,150,false],"2048x2048":["https:\/\/chateau-miglos.fr\/wordpress-test\/wp-content\/uploads\/2019\/06\/avant-30ans.jpg",300,150,false],"onepress-blog-small":["https:\/\/chateau-miglos.fr\/wordpress-test\/wp-content\/uploads\/2019\/06\/avant-30ans.jpg",300,150,false],"onepress-small":["https:\/\/chateau-miglos.fr\/wordpress-test\/wp-content\/uploads\/2019\/06\/avant-30ans.jpg",300,150,false],"onepress-medium":["https:\/\/chateau-miglos.fr\/wordpress-test\/wp-content\/uploads\/2019\/06\/avant-30ans.jpg",300,150,false],"sow-carousel-default":["https:\/\/chateau-miglos.fr\/wordpress-test\/wp-content\/uploads\/2019\/06\/avant-30ans-272x150.jpg",272,150,true]},"rttpg_author":{"display_name":"AACM","author_link":"https:\/\/chateau-miglos.fr\/wordpress-test\/author\/aacm\/"},"rttpg_comment":0,"rttpg_category":"<a href=\"https:\/\/chateau-miglos.fr\/wordpress-test\/category\/actualites\/\" rel=\"category tag\">Actualit\u00e9s<\/a> <a href=\"https:\/\/chateau-miglos.fr\/wordpress-test\/category\/bal-trad\/\" rel=\"category tag\">BAL TRAD<\/a> <a href=\"https:\/\/chateau-miglos.fr\/wordpress-test\/category\/30-ans\/\" rel=\"category tag\">La f\u00eate des 30 ans<\/a> <a href=\"https:\/\/chateau-miglos.fr\/wordpress-test\/category\/veillee\/\" rel=\"category tag\">Veill\u00e9e<\/a>","rttpg_excerpt":"Trois jours de f\u00eates les 6-7-8 Ao\u00fbt 2017","_links":{"self":[{"href":"https:\/\/chateau-miglos.fr\/wordpress-test\/wp-json\/wp\/v2\/posts\/2806"}],"collection":[{"href":"https:\/\/chateau-miglos.fr\/wordpress-test\/wp-json\/wp\/v2\/posts"}],"about":[{"href":"https:\/\/chateau-miglos.fr\/wordpress-test\/wp-json\/wp\/v2\/types\/post"}],"author":[{"embeddable":true,"href":"https:\/\/chateau-miglos.fr\/wordpress-test\/wp-json\/wp\/v2\/users\/2"}],"replies":[{"embeddable":true,"href":"https:\/\/chateau-miglos.fr\/wordpress-test\/wp-json\/wp\/v2\/comments?post=2806"}],"version-history":[{"count":47,"href":"https:\/\/chateau-miglos.fr\/wordpress-test\/wp-json\/wp\/v2\/posts\/2806\/revisions"}],"predecessor-version":[{"id":8736,"href":"https:\/\/chateau-miglos.fr\/wordpress-test\/wp-json\/wp\/v2\/posts\/2806\/revisions\/8736"}],"wp:featuredmedia":[{"embeddable":true,"href":"https:\/\/chateau-miglos.fr\/wordpress-test\/wp-json\/wp\/v2\/media\/2863"}],"wp:attachment":[{"href":"https:\/\/chateau-miglos.fr\/wordpress-test\/wp-json\/wp\/v2\/media?parent=2806"}],"wp:term":[{"taxonomy":"category","embeddable":true,"href":"https:\/\/chateau-miglos.fr\/wordpress-test\/wp-json\/wp\/v2\/categories?post=2806"},{"taxonomy":"post_tag","embeddable":true,"href":"https:\/\/chateau-miglos.fr\/wordpress-test\/wp-json\/wp\/v2\/tags?post=2806"}],"curies":[{"name":"wp","href":"https:\/\/api.w.org\/{rel}","templated":true}]}}