{"id":2493,"date":"2018-03-17T23:29:59","date_gmt":"2018-03-17T22:29:59","guid":{"rendered":"http:\/\/chateau-miglos.fr\/wordpress-test\/?p=2493"},"modified":"2019-06-03T00:42:19","modified_gmt":"2019-06-02T22:42:19","slug":"miglos-une-baronnie-du-haut-comte-de-foix-sous-lancien-regime","status":"publish","type":"post","link":"https:\/\/chateau-miglos.fr\/wordpress-test\/2018\/03\/17\/miglos-une-baronnie-du-haut-comte-de-foix-sous-lancien-regime\/","title":{"rendered":"Miglos, une baronnie du haut-Comt\u00e9 de Foix sous l&#8217;ancien r\u00e9gime"},"content":{"rendered":"\n<h3 class=\"wp-block-heading\">de St\u00e9phane Lafuente<\/h3>\n\n\n\n<div class=\"wp-block-media-text alignwide is-stacked-on-mobile\" style=\"grid-template-columns:24% auto\"><figure class=\"wp-block-media-text__media\"><img loading=\"lazy\" decoding=\"async\" width=\"724\" height=\"1024\" src=\"http:\/\/chateau-miglos.fr\/wordpress-test\/wp-content\/uploads\/2018\/03\/couv-miglos-724x1024.jpg\" alt=\"\" class=\"wp-image-2504\"\/><\/figure><div class=\"wp-block-media-text__content\">\n<p class=\"has-medium-font-size\"><strong> On l&#8217;attendait&#8230; &nbsp; &nbsp;Il est l\u00e0 !<\/strong><\/p>\n\n\n\n<p><strong>Le m\u00e9moire \u00e9dit\u00e9 en 2001&nbsp;ne comportait pas les \u00ab Annexes \u00bb.<\/strong><br><strong>Afin de restituer l\u2019int\u00e9gralit\u00e9 du m\u00e9moire, cette mise \u00e0 jour num\u00e9rique a \u00e9t\u00e9 r\u00e9alis\u00e9e en f\u00e9vrier 2018,<\/strong><strong>par G\u00e9rard Lafuente et Jo\u00ebl Gardes avec l&#8217;accord de son auteur St\u00e9phane Lafuente.<br><br><\/strong>Miglos, une baronnie du haut-Comt\u00e9 de Foix sous l&#8217;ancien r\u00e9gime<br>de St\u00e9phane Lafuente<br>M\u00e9moire de Ma\u00eetrise. Sous la direction de&nbsp; M. Brunet Michel. Septembre 1995. &#8211;&nbsp; 234 pages\n\n<\/p>\n<\/div><\/div>\n\n\n\n<p style=\"text-align:center\"><strong>Lire  &#8221; Miglos &#8221;   de St\u00e9phane Lafuente en version pdf<\/strong><\/p>\n\n\n\n<div class=\"wp-block-image\"><figure class=\"aligncenter is-resized\"><a href=\"http:\/\/chateau-miglos.fr\/wordpress-test\/wp-content\/uploads\/2018\/03\/MIGLOS-LAFUENTE-St\u00e9phane-f\u00e9v2018.pdf\" target=\"_blank\" rel=\"noreferrer noopener\"><img loading=\"lazy\" decoding=\"async\" src=\"http:\/\/chateau-miglos.fr\/wordpress-test\/wp-content\/uploads\/2018\/08\/pdf.jpg\" alt=\"pdf\" class=\"wp-image-1502\" width=\"50\" height=\"50\"\/><\/a><\/figure><\/div>\n\n\n\n<hr class=\"wp-block-separator\"\/>\n\n\n\n<div style=\"text-align:center;\"><div style=\"margin:8px 0px 4px;\"><a href=\"https:\/\/fr.calameo.com\/read\/00209538660397b0b568b\" target=\"_blank\" rel=\"noopener noreferrer\">Miglos &#8211; Lafuente St\u00e9phane<\/a><\/div><iframe loading=\"lazy\" src=\"\/\/v.calameo.com\/?bkcode=00209538660397b0b568b&#038;mode=mini\" width=\"480\" height=\"300\" frameborder=\"0\" scrolling=\"no\" allowtransparency allowfullscreen style=\"margin:0 auto;\"><\/iframe><div style=\"margin:4px 0px 8px;\"><\/div><\/div>\n\n\n\n<hr class=\"wp-block-separator\"\/>\n\n\n\n<div class=\"wp-block-media-text alignwide is-stacked-on-mobile\" style=\"grid-template-columns:22% auto\"><figure class=\"wp-block-media-text__media\"><img loading=\"lazy\" decoding=\"async\" width=\"520\" height=\"738\" src=\"http:\/\/chateau-miglos.fr\/wordpress-test\/wp-content\/uploads\/2019\/06\/couvlafuente.jpg\" alt=\"\" class=\"wp-image-2518\"\/><\/figure><div class=\"wp-block-media-text__content\">\n<p>Ce m\u00e9moire a \u00e9t\u00e9 \u00e9dit\u00e9 en 2001 &#8211; \u00e9dition C. Lacour.<br><strong> Lafuente, St\u00e9phane<br> Miglos : une baronnie du haut-comt\u00e9 de Foix sous l&#8217;Ancien r\u00e9gime, 1599-1789<\/strong><br> Ed : C. Lacour, 2001 (30-N\u00eemes : Impr. C. Lacour). &#8211; 213 p. : ill., couv. ill. ; 2001.<br> Bibliogr. p. 213.<br> ISBN 2-84692-026-5<br> BN 02670195<br> 01-40328<\/p>\n<\/div><\/div>\n","protected":false},"excerpt":{"rendered":"<p>Le m\u00e9moire \u00e9dit\u00e9 en 2001 de St\u00e9phane Lafuente<\/p>\n","protected":false},"author":2,"featured_media":2497,"comment_status":"closed","ping_status":"closed","sticky":false,"template":"","format":"standard","meta":{"ngg_post_thumbnail":0,"footnotes":""},"categories":[4,29],"tags":[],"yoast_head":"<!-- This site is optimized with the Yoast SEO plugin v23.0 - https:\/\/yoast.com\/wordpress\/plugins\/seo\/ -->\n<title>Miglos, une baronnie du haut-Comt\u00e9 de Foix sous l&#039;ancien r\u00e9gime - Ch\u00e2teau de Miglos<\/title>\n<meta name=\"robots\" content=\"index, follow, max-snippet:-1, max-image-preview:large, max-video-preview:-1\" \/>\n<link rel=\"canonical\" href=\"https:\/\/chateau-miglos.fr\/wordpress-test\/2018\/03\/17\/miglos-une-baronnie-du-haut-comte-de-foix-sous-lancien-regime\/\" \/>\n<meta property=\"og:locale\" content=\"fr_FR\" \/>\n<meta property=\"og:type\" content=\"article\" \/>\n<meta property=\"og:title\" content=\"Miglos, une baronnie du haut-Comt\u00e9 de Foix sous l&#039;ancien r\u00e9gime - Ch\u00e2teau de Miglos\" \/>\n<meta property=\"og:description\" content=\"Le m\u00e9moire \u00e9dit\u00e9 en 2001 de St\u00e9phane Lafuente\" \/>\n<meta property=\"og:url\" content=\"https:\/\/chateau-miglos.fr\/wordpress-test\/2018\/03\/17\/miglos-une-baronnie-du-haut-comte-de-foix-sous-lancien-regime\/\" \/>\n<meta property=\"og:site_name\" content=\"Ch\u00e2teau de Miglos\" \/>\n<meta property=\"article:publisher\" content=\"https:\/\/www.facebook.com\/chateaudemiglos\/\" \/>\n<meta property=\"article:published_time\" content=\"2018-03-17T22:29:59+00:00\" \/>\n<meta property=\"article:modified_time\" content=\"2019-06-02T22:42:19+00:00\" \/>\n<meta property=\"og:image\" content=\"https:\/\/chateau-miglos.fr\/wordpress-test\/wp-content\/uploads\/2019\/06\/avant-lafuente.jpg\" \/>\n\t<meta property=\"og:image:width\" content=\"300\" \/>\n\t<meta property=\"og:image:height\" content=\"150\" \/>\n\t<meta property=\"og:image:type\" content=\"image\/jpeg\" \/>\n<meta name=\"author\" content=\"AACM\" \/>\n<meta name=\"twitter:card\" content=\"summary_large_image\" \/>\n<meta name=\"twitter:label1\" content=\"\u00c9crit par\" \/>\n\t<meta name=\"twitter:data1\" content=\"AACM\" \/>\n\t<meta name=\"twitter:label2\" content=\"Dur\u00e9e de lecture estim\u00e9e\" \/>\n\t<meta name=\"twitter:data2\" content=\"1 minute\" \/>\n<script type=\"application\/ld+json\" class=\"yoast-schema-graph\">{\"@context\":\"https:\/\/schema.org\",\"@graph\":[{\"@type\":\"Article\",\"@id\":\"https:\/\/chateau-miglos.fr\/wordpress-test\/2018\/03\/17\/miglos-une-baronnie-du-haut-comte-de-foix-sous-lancien-regime\/#article\",\"isPartOf\":{\"@id\":\"https:\/\/chateau-miglos.fr\/wordpress-test\/2018\/03\/17\/miglos-une-baronnie-du-haut-comte-de-foix-sous-lancien-regime\/\"},\"author\":{\"name\":\"AACM\",\"@id\":\"https:\/\/chateau-miglos.fr\/wordpress-test\/#\/schema\/person\/c7c9d611967a7bba7db9f7d72154455e\"},\"headline\":\"Miglos, une baronnie du haut-Comt\u00e9 de Foix sous l&#8217;ancien r\u00e9gime\",\"datePublished\":\"2018-03-17T22:29:59+00:00\",\"dateModified\":\"2019-06-02T22:42:19+00:00\",\"mainEntityOfPage\":{\"@id\":\"https:\/\/chateau-miglos.fr\/wordpress-test\/2018\/03\/17\/miglos-une-baronnie-du-haut-comte-de-foix-sous-lancien-regime\/\"},\"wordCount\":162,\"publisher\":{\"@id\":\"https:\/\/chateau-miglos.fr\/wordpress-test\/#organization\"},\"image\":{\"@id\":\"https:\/\/chateau-miglos.fr\/wordpress-test\/2018\/03\/17\/miglos-une-baronnie-du-haut-comte-de-foix-sous-lancien-regime\/#primaryimage\"},\"thumbnailUrl\":\"https:\/\/chateau-miglos.fr\/wordpress-test\/wp-content\/uploads\/2019\/06\/avant-lafuente.jpg\",\"articleSection\":[\"Actualit\u00e9s\",\"Bibliographie\"],\"inLanguage\":\"fr-FR\"},{\"@type\":\"WebPage\",\"@id\":\"https:\/\/chateau-miglos.fr\/wordpress-test\/2018\/03\/17\/miglos-une-baronnie-du-haut-comte-de-foix-sous-lancien-regime\/\",\"url\":\"https:\/\/chateau-miglos.fr\/wordpress-test\/2018\/03\/17\/miglos-une-baronnie-du-haut-comte-de-foix-sous-lancien-regime\/\",\"name\":\"Miglos, une baronnie du haut-Comt\u00e9 de Foix sous l'ancien r\u00e9gime - Ch\u00e2teau de Miglos\",\"isPartOf\":{\"@id\":\"https:\/\/chateau-miglos.fr\/wordpress-test\/#website\"},\"primaryImageOfPage\":{\"@id\":\"https:\/\/chateau-miglos.fr\/wordpress-test\/2018\/03\/17\/miglos-une-baronnie-du-haut-comte-de-foix-sous-lancien-regime\/#primaryimage\"},\"image\":{\"@id\":\"https:\/\/chateau-miglos.fr\/wordpress-test\/2018\/03\/17\/miglos-une-baronnie-du-haut-comte-de-foix-sous-lancien-regime\/#primaryimage\"},\"thumbnailUrl\":\"https:\/\/chateau-miglos.fr\/wordpress-test\/wp-content\/uploads\/2019\/06\/avant-lafuente.jpg\",\"datePublished\":\"2018-03-17T22:29:59+00:00\",\"dateModified\":\"2019-06-02T22:42:19+00:00\",\"breadcrumb\":{\"@id\":\"https:\/\/chateau-miglos.fr\/wordpress-test\/2018\/03\/17\/miglos-une-baronnie-du-haut-comte-de-foix-sous-lancien-regime\/#breadcrumb\"},\"inLanguage\":\"fr-FR\",\"potentialAction\":[{\"@type\":\"ReadAction\",\"target\":[\"https:\/\/chateau-miglos.fr\/wordpress-test\/2018\/03\/17\/miglos-une-baronnie-du-haut-comte-de-foix-sous-lancien-regime\/\"]}]},{\"@type\":\"ImageObject\",\"inLanguage\":\"fr-FR\",\"@id\":\"https:\/\/chateau-miglos.fr\/wordpress-test\/2018\/03\/17\/miglos-une-baronnie-du-haut-comte-de-foix-sous-lancien-regime\/#primaryimage\",\"url\":\"https:\/\/chateau-miglos.fr\/wordpress-test\/wp-content\/uploads\/2019\/06\/avant-lafuente.jpg\",\"contentUrl\":\"https:\/\/chateau-miglos.fr\/wordpress-test\/wp-content\/uploads\/2019\/06\/avant-lafuente.jpg\",\"width\":300,\"height\":150},{\"@type\":\"BreadcrumbList\",\"@id\":\"https:\/\/chateau-miglos.fr\/wordpress-test\/2018\/03\/17\/miglos-une-baronnie-du-haut-comte-de-foix-sous-lancien-regime\/#breadcrumb\",\"itemListElement\":[{\"@type\":\"ListItem\",\"position\":1,\"name\":\"Accueil\",\"item\":\"https:\/\/chateau-miglos.fr\/wordpress-test\/\"},{\"@type\":\"ListItem\",\"position\":2,\"name\":\"Miglos, une baronnie du haut-Comt\u00e9 de Foix sous l&#8217;ancien r\u00e9gime\"}]},{\"@type\":\"WebSite\",\"@id\":\"https:\/\/chateau-miglos.fr\/wordpress-test\/#website\",\"url\":\"https:\/\/chateau-miglos.fr\/wordpress-test\/\",\"name\":\"Ch\u00e2teau de Miglos\",\"description\":\"une ch\u00e2teau, une vall\u00e9e\",\"publisher\":{\"@id\":\"https:\/\/chateau-miglos.fr\/wordpress-test\/#organization\"},\"potentialAction\":[{\"@type\":\"SearchAction\",\"target\":{\"@type\":\"EntryPoint\",\"urlTemplate\":\"https:\/\/chateau-miglos.fr\/wordpress-test\/?s={search_term_string}\"},\"query-input\":\"required name=search_term_string\"}],\"inLanguage\":\"fr-FR\"},{\"@type\":\"Organization\",\"@id\":\"https:\/\/chateau-miglos.fr\/wordpress-test\/#organization\",\"name\":\"Ch\u00e2teau de Miglos\",\"url\":\"https:\/\/chateau-miglos.fr\/wordpress-test\/\",\"logo\":{\"@type\":\"ImageObject\",\"inLanguage\":\"fr-FR\",\"@id\":\"https:\/\/chateau-miglos.fr\/wordpress-test\/#\/schema\/logo\/image\/\",\"url\":\"https:\/\/chateau-miglos.fr\/wordpress-test\/wp-content\/uploads\/2019\/06\/seul.png\",\"contentUrl\":\"https:\/\/chateau-miglos.fr\/wordpress-test\/wp-content\/uploads\/2019\/06\/seul.png\",\"width\":801,\"height\":705,\"caption\":\"Ch\u00e2teau de Miglos\"},\"image\":{\"@id\":\"https:\/\/chateau-miglos.fr\/wordpress-test\/#\/schema\/logo\/image\/\"},\"sameAs\":[\"https:\/\/www.facebook.com\/chateaudemiglos\/\",\"https:\/\/www.instagram.com\/chateaudemiglos\/\",\"https:\/\/www.youtube.com\/channel\/UC70FrOmo9xvq8eHCA4YTs9A\",\"https:\/\/fr.wikipedia.org\/wiki\/Ch\u00e2teau_de_Miglos\"]},{\"@type\":\"Person\",\"@id\":\"https:\/\/chateau-miglos.fr\/wordpress-test\/#\/schema\/person\/c7c9d611967a7bba7db9f7d72154455e\",\"name\":\"AACM\",\"image\":{\"@type\":\"ImageObject\",\"inLanguage\":\"fr-FR\",\"@id\":\"https:\/\/chateau-miglos.fr\/wordpress-test\/#\/schema\/person\/image\/\",\"url\":\"https:\/\/secure.gravatar.com\/avatar\/b704daf4c3f56428875cf047b8f9eb25?s=96&d=mm&r=g\",\"contentUrl\":\"https:\/\/secure.gravatar.com\/avatar\/b704daf4c3f56428875cf047b8f9eb25?s=96&d=mm&r=g\",\"caption\":\"AACM\"}}]}<\/script>\n<!-- \/ Yoast SEO plugin. -->","yoast_head_json":{"title":"Miglos, une baronnie du haut-Comt\u00e9 de Foix sous l'ancien r\u00e9gime - Ch\u00e2teau de Miglos","robots":{"index":"index","follow":"follow","max-snippet":"max-snippet:-1","max-image-preview":"max-image-preview:large","max-video-preview":"max-video-preview:-1"},"canonical":"https:\/\/chateau-miglos.fr\/wordpress-test\/2018\/03\/17\/miglos-une-baronnie-du-haut-comte-de-foix-sous-lancien-regime\/","og_locale":"fr_FR","og_type":"article","og_title":"Miglos, une baronnie du haut-Comt\u00e9 de Foix sous l'ancien r\u00e9gime - Ch\u00e2teau de Miglos","og_description":"Le m\u00e9moire \u00e9dit\u00e9 en 2001 de St\u00e9phane Lafuente","og_url":"https:\/\/chateau-miglos.fr\/wordpress-test\/2018\/03\/17\/miglos-une-baronnie-du-haut-comte-de-foix-sous-lancien-regime\/","og_site_name":"Ch\u00e2teau de Miglos","article_publisher":"https:\/\/www.facebook.com\/chateaudemiglos\/","article_published_time":"2018-03-17T22:29:59+00:00","article_modified_time":"2019-06-02T22:42:19+00:00","og_image":[{"width":300,"height":150,"url":"https:\/\/chateau-miglos.fr\/wordpress-test\/wp-content\/uploads\/2019\/06\/avant-lafuente.jpg","type":"image\/jpeg"}],"author":"AACM","twitter_card":"summary_large_image","twitter_misc":{"\u00c9crit par":"AACM","Dur\u00e9e de lecture estim\u00e9e":"1 minute"},"schema":{"@context":"https:\/\/schema.org","@graph":[{"@type":"Article","@id":"https:\/\/chateau-miglos.fr\/wordpress-test\/2018\/03\/17\/miglos-une-baronnie-du-haut-comte-de-foix-sous-lancien-regime\/#article","isPartOf":{"@id":"https:\/\/chateau-miglos.fr\/wordpress-test\/2018\/03\/17\/miglos-une-baronnie-du-haut-comte-de-foix-sous-lancien-regime\/"},"author":{"name":"AACM","@id":"https:\/\/chateau-miglos.fr\/wordpress-test\/#\/schema\/person\/c7c9d611967a7bba7db9f7d72154455e"},"headline":"Miglos, une baronnie du haut-Comt\u00e9 de Foix sous l&#8217;ancien r\u00e9gime","datePublished":"2018-03-17T22:29:59+00:00","dateModified":"2019-06-02T22:42:19+00:00","mainEntityOfPage":{"@id":"https:\/\/chateau-miglos.fr\/wordpress-test\/2018\/03\/17\/miglos-une-baronnie-du-haut-comte-de-foix-sous-lancien-regime\/"},"wordCount":162,"publisher":{"@id":"https:\/\/chateau-miglos.fr\/wordpress-test\/#organization"},"image":{"@id":"https:\/\/chateau-miglos.fr\/wordpress-test\/2018\/03\/17\/miglos-une-baronnie-du-haut-comte-de-foix-sous-lancien-regime\/#primaryimage"},"thumbnailUrl":"https:\/\/chateau-miglos.fr\/wordpress-test\/wp-content\/uploads\/2019\/06\/avant-lafuente.jpg","articleSection":["Actualit\u00e9s","Bibliographie"],"inLanguage":"fr-FR"},{"@type":"WebPage","@id":"https:\/\/chateau-miglos.fr\/wordpress-test\/2018\/03\/17\/miglos-une-baronnie-du-haut-comte-de-foix-sous-lancien-regime\/","url":"https:\/\/chateau-miglos.fr\/wordpress-test\/2018\/03\/17\/miglos-une-baronnie-du-haut-comte-de-foix-sous-lancien-regime\/","name":"Miglos, une baronnie du haut-Comt\u00e9 de Foix sous l'ancien r\u00e9gime - Ch\u00e2teau de Miglos","isPartOf":{"@id":"https:\/\/chateau-miglos.fr\/wordpress-test\/#website"},"primaryImageOfPage":{"@id":"https:\/\/chateau-miglos.fr\/wordpress-test\/2018\/03\/17\/miglos-une-baronnie-du-haut-comte-de-foix-sous-lancien-regime\/#primaryimage"},"image":{"@id":"https:\/\/chateau-miglos.fr\/wordpress-test\/2018\/03\/17\/miglos-une-baronnie-du-haut-comte-de-foix-sous-lancien-regime\/#primaryimage"},"thumbnailUrl":"https:\/\/chateau-miglos.fr\/wordpress-test\/wp-content\/uploads\/2019\/06\/avant-lafuente.jpg","datePublished":"2018-03-17T22:29:59+00:00","dateModified":"2019-06-02T22:42:19+00:00","breadcrumb":{"@id":"https:\/\/chateau-miglos.fr\/wordpress-test\/2018\/03\/17\/miglos-une-baronnie-du-haut-comte-de-foix-sous-lancien-regime\/#breadcrumb"},"inLanguage":"fr-FR","potentialAction":[{"@type":"ReadAction","target":["https:\/\/chateau-miglos.fr\/wordpress-test\/2018\/03\/17\/miglos-une-baronnie-du-haut-comte-de-foix-sous-lancien-regime\/"]}]},{"@type":"ImageObject","inLanguage":"fr-FR","@id":"https:\/\/chateau-miglos.fr\/wordpress-test\/2018\/03\/17\/miglos-une-baronnie-du-haut-comte-de-foix-sous-lancien-regime\/#primaryimage","url":"https:\/\/chateau-miglos.fr\/wordpress-test\/wp-content\/uploads\/2019\/06\/avant-lafuente.jpg","contentUrl":"https:\/\/chateau-miglos.fr\/wordpress-test\/wp-content\/uploads\/2019\/06\/avant-lafuente.jpg","width":300,"height":150},{"@type":"BreadcrumbList","@id":"https:\/\/chateau-miglos.fr\/wordpress-test\/2018\/03\/17\/miglos-une-baronnie-du-haut-comte-de-foix-sous-lancien-regime\/#breadcrumb","itemListElement":[{"@type":"ListItem","position":1,"name":"Accueil","item":"https:\/\/chateau-miglos.fr\/wordpress-test\/"},{"@type":"ListItem","position":2,"name":"Miglos, une baronnie du haut-Comt\u00e9 de Foix sous l&#8217;ancien r\u00e9gime"}]},{"@type":"WebSite","@id":"https:\/\/chateau-miglos.fr\/wordpress-test\/#website","url":"https:\/\/chateau-miglos.fr\/wordpress-test\/","name":"Ch\u00e2teau de Miglos","description":"une ch\u00e2teau, une vall\u00e9e","publisher":{"@id":"https:\/\/chateau-miglos.fr\/wordpress-test\/#organization"},"potentialAction":[{"@type":"SearchAction","target":{"@type":"EntryPoint","urlTemplate":"https:\/\/chateau-miglos.fr\/wordpress-test\/?s={search_term_string}"},"query-input":"required name=search_term_string"}],"inLanguage":"fr-FR"},{"@type":"Organization","@id":"https:\/\/chateau-miglos.fr\/wordpress-test\/#organization","name":"Ch\u00e2teau de Miglos","url":"https:\/\/chateau-miglos.fr\/wordpress-test\/","logo":{"@type":"ImageObject","inLanguage":"fr-FR","@id":"https:\/\/chateau-miglos.fr\/wordpress-test\/#\/schema\/logo\/image\/","url":"https:\/\/chateau-miglos.fr\/wordpress-test\/wp-content\/uploads\/2019\/06\/seul.png","contentUrl":"https:\/\/chateau-miglos.fr\/wordpress-test\/wp-content\/uploads\/2019\/06\/seul.png","width":801,"height":705,"caption":"Ch\u00e2teau de Miglos"},"image":{"@id":"https:\/\/chateau-miglos.fr\/wordpress-test\/#\/schema\/logo\/image\/"},"sameAs":["https:\/\/www.facebook.com\/chateaudemiglos\/","https:\/\/www.instagram.com\/chateaudemiglos\/","https:\/\/www.youtube.com\/channel\/UC70FrOmo9xvq8eHCA4YTs9A","https:\/\/fr.wikipedia.org\/wiki\/Ch\u00e2teau_de_Miglos"]},{"@type":"Person","@id":"https:\/\/chateau-miglos.fr\/wordpress-test\/#\/schema\/person\/c7c9d611967a7bba7db9f7d72154455e","name":"AACM","image":{"@type":"ImageObject","inLanguage":"fr-FR","@id":"https:\/\/chateau-miglos.fr\/wordpress-test\/#\/schema\/person\/image\/","url":"https:\/\/secure.gravatar.com\/avatar\/b704daf4c3f56428875cf047b8f9eb25?s=96&d=mm&r=g","contentUrl":"https:\/\/secure.gravatar.com\/avatar\/b704daf4c3f56428875cf047b8f9eb25?s=96&d=mm&r=g","caption":"AACM"}}]}},"jetpack_featured_media_url":"https:\/\/chateau-miglos.fr\/wordpress-test\/wp-content\/uploads\/2019\/06\/avant-lafuente.jpg","rttpg_featured_image_url":{"full":["https:\/\/chateau-miglos.fr\/wordpress-test\/wp-content\/uploads\/2019\/06\/avant-lafuente.jpg",300,150,false],"landscape":["https:\/\/chateau-miglos.fr\/wordpress-test\/wp-content\/uploads\/2019\/06\/avant-lafuente.jpg",300,150,false],"portraits":["https:\/\/chateau-miglos.fr\/wordpress-test\/wp-content\/uploads\/2019\/06\/avant-lafuente.jpg",300,150,false],"thumbnail":["https:\/\/chateau-miglos.fr\/wordpress-test\/wp-content\/uploads\/2019\/06\/avant-lafuente-150x150.jpg",150,150,true],"medium":["https:\/\/chateau-miglos.fr\/wordpress-test\/wp-content\/uploads\/2019\/06\/avant-lafuente-300x150.jpg",300,150,true],"large":["https:\/\/chateau-miglos.fr\/wordpress-test\/wp-content\/uploads\/2019\/06\/avant-lafuente.jpg",300,150,false],"1536x1536":["https:\/\/chateau-miglos.fr\/wordpress-test\/wp-content\/uploads\/2019\/06\/avant-lafuente.jpg",300,150,false],"2048x2048":["https:\/\/chateau-miglos.fr\/wordpress-test\/wp-content\/uploads\/2019\/06\/avant-lafuente.jpg",300,150,false],"onepress-blog-small":["https:\/\/chateau-miglos.fr\/wordpress-test\/wp-content\/uploads\/2019\/06\/avant-lafuente.jpg",300,150,false],"onepress-small":["https:\/\/chateau-miglos.fr\/wordpress-test\/wp-content\/uploads\/2019\/06\/avant-lafuente.jpg",300,150,false],"onepress-medium":["https:\/\/chateau-miglos.fr\/wordpress-test\/wp-content\/uploads\/2019\/06\/avant-lafuente.jpg",300,150,false],"sow-carousel-default":["https:\/\/chateau-miglos.fr\/wordpress-test\/wp-content\/uploads\/2019\/06\/avant-lafuente-272x150.jpg",272,150,true]},"rttpg_author":{"display_name":"AACM","author_link":"https:\/\/chateau-miglos.fr\/wordpress-test\/author\/aacm\/"},"rttpg_comment":0,"rttpg_category":"<a href=\"https:\/\/chateau-miglos.fr\/wordpress-test\/category\/actualites\/\" rel=\"category tag\">Actualit\u00e9s<\/a> <a href=\"https:\/\/chateau-miglos.fr\/wordpress-test\/category\/bibliographie\/\" rel=\"category tag\">Bibliographie<\/a>","rttpg_excerpt":"Le m\u00e9moire \u00e9dit\u00e9 en 2001 de St\u00e9phane Lafuente","_links":{"self":[{"href":"https:\/\/chateau-miglos.fr\/wordpress-test\/wp-json\/wp\/v2\/posts\/2493"}],"collection":[{"href":"https:\/\/chateau-miglos.fr\/wordpress-test\/wp-json\/wp\/v2\/posts"}],"about":[{"href":"https:\/\/chateau-miglos.fr\/wordpress-test\/wp-json\/wp\/v2\/types\/post"}],"author":[{"embeddable":true,"href":"https:\/\/chateau-miglos.fr\/wordpress-test\/wp-json\/wp\/v2\/users\/2"}],"replies":[{"embeddable":true,"href":"https:\/\/chateau-miglos.fr\/wordpress-test\/wp-json\/wp\/v2\/comments?post=2493"}],"version-history":[{"count":24,"href":"https:\/\/chateau-miglos.fr\/wordpress-test\/wp-json\/wp\/v2\/posts\/2493\/revisions"}],"predecessor-version":[{"id":2523,"href":"https:\/\/chateau-miglos.fr\/wordpress-test\/wp-json\/wp\/v2\/posts\/2493\/revisions\/2523"}],"wp:featuredmedia":[{"embeddable":true,"href":"https:\/\/chateau-miglos.fr\/wordpress-test\/wp-json\/wp\/v2\/media\/2497"}],"wp:attachment":[{"href":"https:\/\/chateau-miglos.fr\/wordpress-test\/wp-json\/wp\/v2\/media?parent=2493"}],"wp:term":[{"taxonomy":"category","embeddable":true,"href":"https:\/\/chateau-miglos.fr\/wordpress-test\/wp-json\/wp\/v2\/categories?post=2493"},{"taxonomy":"post_tag","embeddable":true,"href":"https:\/\/chateau-miglos.fr\/wordpress-test\/wp-json\/wp\/v2\/tags?post=2493"}],"curies":[{"name":"wp","href":"https:\/\/api.w.org\/{rel}","templated":true}]}}