{"id":10161,"date":"2024-09-24T22:29:03","date_gmt":"2024-09-24T20:29:03","guid":{"rendered":"https:\/\/chateau-miglos.fr\/wordpress-test\/?p=10161"},"modified":"2024-10-24T22:59:09","modified_gmt":"2024-10-24T20:59:09","slug":"adieu-emouvant-a-christian-barbandiere-a-leglise-darquizat","status":"publish","type":"post","link":"https:\/\/chateau-miglos.fr\/wordpress-test\/2024\/09\/24\/adieu-emouvant-a-christian-barbandiere-a-leglise-darquizat\/","title":{"rendered":"Adieu \u00e9mouvant \u00e0 Christian Barbandi\u00e8re \u00e0 l\u2019\u00e9glise d\u2019Arquizat"},"content":{"rendered":"<div class=\"wp-block-image\">\n<figure class=\"aligncenter size-full is-resized\"><a href=\"https:\/\/chateau-miglos.fr\/wordpress-test\/wp-content\/uploads\/2024\/10\/christian.png\" data-rel=\"lightbox-gallery-XQNo1JQr\" data-rl_title=\"christian\" data-rl_caption=\"\" title=\"christian\"><img loading=\"lazy\" decoding=\"async\" width=\"600\" height=\"600\" src=\"https:\/\/chateau-miglos.fr\/wordpress-test\/wp-content\/uploads\/2024\/10\/christian.png\" alt=\"\" class=\"wp-image-10162\" style=\"width:350px\"\/><\/a><\/figure><\/div>\n\n\n<blockquote class=\"wp-block-quote\">\n<p>Les habitants d\u2019Arquizat et de nombreuses personnalit\u00e9s se sont rassembl\u00e9s pour rendre hommage \u00e0 Christian Barbandi\u00e8re, figure g\u00e9n\u00e9reuse et impliqu\u00e9e dans la vie locale.<\/p>\n<\/blockquote>\n\n\n\n<p>C\u2019\u00e9tait par une douce journ\u00e9e automnale et ensoleill\u00e9e qu\u2019une foule dense s\u2019est r\u00e9unie sur le parvis de la magnifique \u00e9glise romane d\u2019Arquizat pour faire ses derniers adieux \u00e0 Christian Barbandi\u00e8re, qui nous a quitt\u00e9s. Les habitants de la commune, ceux avec qui il avait fait une partie du parcours \u00e0 la mairie, S\u00e9bastien Lacroix, Marie Masdieu, mais aussi Pascal Allard, directeur des affaires culturelles au D\u00e9partement, les anonymes et beaucoup de ceux avec qui il partageait les m\u00eames valeurs, avaient tenu \u00e0 \u00eatre l\u00e0.<\/p>\n\n\n\n<p>L\u2019\u00e9glise \u00e9tait bien trop petite pour accueillir tout ce monde venu l\u2019accompagner et soutenir la famille&nbsp;: ses trois fils, Hugo, St\u00e9fan et Fr\u00e9d\u00e9ric, sa s\u0153ur Marie-Fran\u00e7oise, parents et alli\u00e9s.<\/p>\n\n\n\n<p>Christian, qui r\u00e9sidait au village d\u2019Axiat-Miglos, \u00e9tait la personne sur qui on pouvait compter, il \u00e9tait partout o\u00f9 il fallait contribuer avec g\u00e9n\u00e9rosit\u00e9, toujours pr\u00eat \u00e0 apporter son aide. Rappelons que les panneaux qui racontent l\u2019histoire de l\u2019\u00e9glise de Norgeat ont \u00e9t\u00e9 r\u00e9alis\u00e9s gr\u00e2ce \u00e0 sa participation, comme ceux qui couvrent les murs int\u00e9rieurs de l\u2019\u00e9glise d\u2019Arquizat.<\/p>\n\n\n\n<p>C\u2019est Christian qui avait initi\u00e9 les Journ\u00e9es citoyennes, v\u00e9ritable institution qui r\u00e9unissait tous les volontaires, b\u00e9n\u00e9voles de la commune et au-del\u00e0, dans un esprit de partage mais aussi dans une qu\u00eate d\u2019un bien-\u00eatre pour la commune. Que des moments de pur bonheur. Cheville ouvri\u00e8re de l\u2019association des Amis du Ch\u00e2teau, de l\u2019association Camstec, toujours positif, il partageait g\u00e9n\u00e9reusement ses connaissances et son esprit d\u2019initiative.<\/p>\n\n\n\n<p>Il reposera pour toujours au cimeti\u00e8re d\u2019Arquizat, face \u00e0 ces montagnes qu\u2019il ch\u00e9rissait tant.<\/p>\n\n\n\n<p class=\"has-text-align-center\">publi\u00e9 le 23\/09\/2024 <strong>LA D\u00c9P\u00caCHE<\/strong><\/p>\n\n\n<div class=\"wp-block-image\">\n<figure class=\"aligncenter\"><a href=\"https:\/\/www.ladepeche.fr\/2024\/09\/23\/carnet-noir-adieu-emouvant-a-christian-barbandieres-a-leglise-darquizat-12215830.php\" target=\"_blank\" rel=\"noreferrer noopener\"><img decoding=\"async\" src=\"http:\/\/chateau-miglos.fr\/wordpress-test\/wp-content\/uploads\/2019\/05\/la-depeche.jpg\" alt=\"\"\/><\/a><\/figure><\/div>","protected":false},"excerpt":{"rendered":"<p>Les habitants d\u2019Arquizat et de nombreuses personnalit\u00e9s se sont rassembl\u00e9s pour rendre hommage \u00e0 Christian Barbandi\u00e8re, figure g\u00e9n\u00e9reuse et impliqu\u00e9e dans la vie locale. C\u2019\u00e9tait par une douce journ\u00e9e automnale &#8230;<\/p>\n","protected":false},"author":2,"featured_media":10165,"comment_status":"closed","ping_status":"closed","sticky":false,"template":"","format":"standard","meta":{"ngg_post_thumbnail":0,"footnotes":""},"categories":[4,7],"tags":[],"yoast_head":"<!-- This site is optimized with the Yoast SEO plugin v23.0 - https:\/\/yoast.com\/wordpress\/plugins\/seo\/ -->\n<title>Adieu \u00e9mouvant \u00e0 Christian Barbandi\u00e8re \u00e0 l\u2019\u00e9glise d\u2019Arquizat - Ch\u00e2teau de Miglos<\/title>\n<meta name=\"description\" content=\"Les habitants d\u2019Arquizat et de nombreuses personnalit\u00e9s se sont rassembl\u00e9s pour rendre hommage \u00e0 Christian Barbandi\u00e8re, figure g\u00e9n\u00e9reuse et impliqu\u00e9e dans la vie locale.\" \/>\n<meta name=\"robots\" content=\"index, follow, max-snippet:-1, max-image-preview:large, max-video-preview:-1\" \/>\n<link rel=\"canonical\" href=\"https:\/\/chateau-miglos.fr\/wordpress-test\/2024\/09\/24\/adieu-emouvant-a-christian-barbandiere-a-leglise-darquizat\/\" \/>\n<meta property=\"og:locale\" content=\"fr_FR\" \/>\n<meta property=\"og:type\" content=\"article\" \/>\n<meta property=\"og:title\" content=\"Adieu \u00e9mouvant \u00e0 Christian Barbandi\u00e8re \u00e0 l\u2019\u00e9glise d\u2019Arquizat\" \/>\n<meta property=\"og:description\" content=\"Les habitants d\u2019Arquizat et de nombreuses personnalit\u00e9s se sont rassembl\u00e9s pour rendre hommage \u00e0 Christian Barbandi\u00e8re, figure g\u00e9n\u00e9reuse et impliqu\u00e9e dans la vie locale.\" \/>\n<meta property=\"og:url\" content=\"https:\/\/chateau-miglos.fr\/wordpress-test\/2024\/09\/24\/adieu-emouvant-a-christian-barbandiere-a-leglise-darquizat\/\" \/>\n<meta property=\"og:site_name\" content=\"Ch\u00e2teau de Miglos\" \/>\n<meta property=\"article:publisher\" content=\"https:\/\/www.facebook.com\/chateaudemiglos\/\" \/>\n<meta property=\"article:published_time\" content=\"2024-09-24T20:29:03+00:00\" \/>\n<meta property=\"article:modified_time\" content=\"2024-10-24T20:59:09+00:00\" \/>\n<meta property=\"og:image\" content=\"https:\/\/chateau-miglos.fr\/wordpress-test\/wp-content\/uploads\/2024\/09\/avant-reseau-christian.png\" \/>\n\t<meta property=\"og:image:width\" content=\"1000\" \/>\n\t<meta property=\"og:image:height\" content=\"522\" \/>\n\t<meta property=\"og:image:type\" content=\"image\/png\" \/>\n<meta name=\"author\" content=\"AACM\" \/>\n<meta name=\"twitter:card\" content=\"summary_large_image\" \/>\n<meta name=\"twitter:title\" content=\"Adieu \u00e9mouvant \u00e0 Christian Barbandi\u00e8re \u00e0 l\u2019\u00e9glise d\u2019Arquizat\" \/>\n<meta name=\"twitter:description\" content=\"Les habitants d\u2019Arquizat et de nombreuses personnalit\u00e9s se sont rassembl\u00e9s pour rendre hommage \u00e0 Christian Barbandi\u00e8re, figure g\u00e9n\u00e9reuse et impliqu\u00e9e dans la vie locale.\" \/>\n<meta name=\"twitter:image\" content=\"https:\/\/chateau-miglos.fr\/wordpress-test\/wp-content\/uploads\/2024\/09\/avant-reseau-christian.png\" \/>\n<meta name=\"twitter:label1\" content=\"\u00c9crit par\" \/>\n\t<meta name=\"twitter:data1\" content=\"AACM\" \/>\n\t<meta name=\"twitter:label2\" content=\"Dur\u00e9e de lecture estim\u00e9e\" \/>\n\t<meta name=\"twitter:data2\" content=\"2 minutes\" \/>\n<script type=\"application\/ld+json\" class=\"yoast-schema-graph\">{\"@context\":\"https:\/\/schema.org\",\"@graph\":[{\"@type\":\"Article\",\"@id\":\"https:\/\/chateau-miglos.fr\/wordpress-test\/2024\/09\/24\/adieu-emouvant-a-christian-barbandiere-a-leglise-darquizat\/#article\",\"isPartOf\":{\"@id\":\"https:\/\/chateau-miglos.fr\/wordpress-test\/2024\/09\/24\/adieu-emouvant-a-christian-barbandiere-a-leglise-darquizat\/\"},\"author\":{\"name\":\"AACM\",\"@id\":\"https:\/\/chateau-miglos.fr\/wordpress-test\/#\/schema\/person\/c7c9d611967a7bba7db9f7d72154455e\"},\"headline\":\"Adieu \u00e9mouvant \u00e0 Christian Barbandi\u00e8re \u00e0 l\u2019\u00e9glise d\u2019Arquizat\",\"datePublished\":\"2024-09-24T20:29:03+00:00\",\"dateModified\":\"2024-10-24T20:59:09+00:00\",\"mainEntityOfPage\":{\"@id\":\"https:\/\/chateau-miglos.fr\/wordpress-test\/2024\/09\/24\/adieu-emouvant-a-christian-barbandiere-a-leglise-darquizat\/\"},\"wordCount\":341,\"publisher\":{\"@id\":\"https:\/\/chateau-miglos.fr\/wordpress-test\/#organization\"},\"image\":{\"@id\":\"https:\/\/chateau-miglos.fr\/wordpress-test\/2024\/09\/24\/adieu-emouvant-a-christian-barbandiere-a-leglise-darquizat\/#primaryimage\"},\"thumbnailUrl\":\"https:\/\/chateau-miglos.fr\/wordpress-test\/wp-content\/uploads\/2024\/09\/avant-christian.png\",\"articleSection\":[\"Actualit\u00e9s\",\"Revue de presse\"],\"inLanguage\":\"fr-FR\"},{\"@type\":\"WebPage\",\"@id\":\"https:\/\/chateau-miglos.fr\/wordpress-test\/2024\/09\/24\/adieu-emouvant-a-christian-barbandiere-a-leglise-darquizat\/\",\"url\":\"https:\/\/chateau-miglos.fr\/wordpress-test\/2024\/09\/24\/adieu-emouvant-a-christian-barbandiere-a-leglise-darquizat\/\",\"name\":\"Adieu \u00e9mouvant \u00e0 Christian Barbandi\u00e8re \u00e0 l\u2019\u00e9glise d\u2019Arquizat - Ch\u00e2teau de Miglos\",\"isPartOf\":{\"@id\":\"https:\/\/chateau-miglos.fr\/wordpress-test\/#website\"},\"primaryImageOfPage\":{\"@id\":\"https:\/\/chateau-miglos.fr\/wordpress-test\/2024\/09\/24\/adieu-emouvant-a-christian-barbandiere-a-leglise-darquizat\/#primaryimage\"},\"image\":{\"@id\":\"https:\/\/chateau-miglos.fr\/wordpress-test\/2024\/09\/24\/adieu-emouvant-a-christian-barbandiere-a-leglise-darquizat\/#primaryimage\"},\"thumbnailUrl\":\"https:\/\/chateau-miglos.fr\/wordpress-test\/wp-content\/uploads\/2024\/09\/avant-christian.png\",\"datePublished\":\"2024-09-24T20:29:03+00:00\",\"dateModified\":\"2024-10-24T20:59:09+00:00\",\"description\":\"Les habitants d\u2019Arquizat et de nombreuses personnalit\u00e9s se sont rassembl\u00e9s pour rendre hommage \u00e0 Christian Barbandi\u00e8re, figure g\u00e9n\u00e9reuse et impliqu\u00e9e dans la vie locale.\",\"breadcrumb\":{\"@id\":\"https:\/\/chateau-miglos.fr\/wordpress-test\/2024\/09\/24\/adieu-emouvant-a-christian-barbandiere-a-leglise-darquizat\/#breadcrumb\"},\"inLanguage\":\"fr-FR\",\"potentialAction\":[{\"@type\":\"ReadAction\",\"target\":[\"https:\/\/chateau-miglos.fr\/wordpress-test\/2024\/09\/24\/adieu-emouvant-a-christian-barbandiere-a-leglise-darquizat\/\"]}]},{\"@type\":\"ImageObject\",\"inLanguage\":\"fr-FR\",\"@id\":\"https:\/\/chateau-miglos.fr\/wordpress-test\/2024\/09\/24\/adieu-emouvant-a-christian-barbandiere-a-leglise-darquizat\/#primaryimage\",\"url\":\"https:\/\/chateau-miglos.fr\/wordpress-test\/wp-content\/uploads\/2024\/09\/avant-christian.png\",\"contentUrl\":\"https:\/\/chateau-miglos.fr\/wordpress-test\/wp-content\/uploads\/2024\/09\/avant-christian.png\",\"width\":300,\"height\":150},{\"@type\":\"BreadcrumbList\",\"@id\":\"https:\/\/chateau-miglos.fr\/wordpress-test\/2024\/09\/24\/adieu-emouvant-a-christian-barbandiere-a-leglise-darquizat\/#breadcrumb\",\"itemListElement\":[{\"@type\":\"ListItem\",\"position\":1,\"name\":\"Accueil\",\"item\":\"https:\/\/chateau-miglos.fr\/wordpress-test\/\"},{\"@type\":\"ListItem\",\"position\":2,\"name\":\"Adieu \u00e9mouvant \u00e0 Christian Barbandi\u00e8re \u00e0 l\u2019\u00e9glise d\u2019Arquizat\"}]},{\"@type\":\"WebSite\",\"@id\":\"https:\/\/chateau-miglos.fr\/wordpress-test\/#website\",\"url\":\"https:\/\/chateau-miglos.fr\/wordpress-test\/\",\"name\":\"Ch\u00e2teau de Miglos\",\"description\":\"une ch\u00e2teau, une vall\u00e9e\",\"publisher\":{\"@id\":\"https:\/\/chateau-miglos.fr\/wordpress-test\/#organization\"},\"potentialAction\":[{\"@type\":\"SearchAction\",\"target\":{\"@type\":\"EntryPoint\",\"urlTemplate\":\"https:\/\/chateau-miglos.fr\/wordpress-test\/?s={search_term_string}\"},\"query-input\":\"required name=search_term_string\"}],\"inLanguage\":\"fr-FR\"},{\"@type\":\"Organization\",\"@id\":\"https:\/\/chateau-miglos.fr\/wordpress-test\/#organization\",\"name\":\"Ch\u00e2teau de Miglos\",\"url\":\"https:\/\/chateau-miglos.fr\/wordpress-test\/\",\"logo\":{\"@type\":\"ImageObject\",\"inLanguage\":\"fr-FR\",\"@id\":\"https:\/\/chateau-miglos.fr\/wordpress-test\/#\/schema\/logo\/image\/\",\"url\":\"https:\/\/chateau-miglos.fr\/wordpress-test\/wp-content\/uploads\/2019\/06\/seul.png\",\"contentUrl\":\"https:\/\/chateau-miglos.fr\/wordpress-test\/wp-content\/uploads\/2019\/06\/seul.png\",\"width\":801,\"height\":705,\"caption\":\"Ch\u00e2teau de Miglos\"},\"image\":{\"@id\":\"https:\/\/chateau-miglos.fr\/wordpress-test\/#\/schema\/logo\/image\/\"},\"sameAs\":[\"https:\/\/www.facebook.com\/chateaudemiglos\/\",\"https:\/\/www.instagram.com\/chateaudemiglos\/\",\"https:\/\/www.youtube.com\/channel\/UC70FrOmo9xvq8eHCA4YTs9A\",\"https:\/\/fr.wikipedia.org\/wiki\/Ch\u00e2teau_de_Miglos\"]},{\"@type\":\"Person\",\"@id\":\"https:\/\/chateau-miglos.fr\/wordpress-test\/#\/schema\/person\/c7c9d611967a7bba7db9f7d72154455e\",\"name\":\"AACM\",\"image\":{\"@type\":\"ImageObject\",\"inLanguage\":\"fr-FR\",\"@id\":\"https:\/\/chateau-miglos.fr\/wordpress-test\/#\/schema\/person\/image\/\",\"url\":\"https:\/\/secure.gravatar.com\/avatar\/b704daf4c3f56428875cf047b8f9eb25?s=96&d=mm&r=g\",\"contentUrl\":\"https:\/\/secure.gravatar.com\/avatar\/b704daf4c3f56428875cf047b8f9eb25?s=96&d=mm&r=g\",\"caption\":\"AACM\"}}]}<\/script>\n<!-- \/ Yoast SEO plugin. -->","yoast_head_json":{"title":"Adieu \u00e9mouvant \u00e0 Christian Barbandi\u00e8re \u00e0 l\u2019\u00e9glise d\u2019Arquizat - Ch\u00e2teau de Miglos","description":"Les habitants d\u2019Arquizat et de nombreuses personnalit\u00e9s se sont rassembl\u00e9s pour rendre hommage \u00e0 Christian Barbandi\u00e8re, figure g\u00e9n\u00e9reuse et impliqu\u00e9e dans la vie locale.","robots":{"index":"index","follow":"follow","max-snippet":"max-snippet:-1","max-image-preview":"max-image-preview:large","max-video-preview":"max-video-preview:-1"},"canonical":"https:\/\/chateau-miglos.fr\/wordpress-test\/2024\/09\/24\/adieu-emouvant-a-christian-barbandiere-a-leglise-darquizat\/","og_locale":"fr_FR","og_type":"article","og_title":"Adieu \u00e9mouvant \u00e0 Christian Barbandi\u00e8re \u00e0 l\u2019\u00e9glise d\u2019Arquizat","og_description":"Les habitants d\u2019Arquizat et de nombreuses personnalit\u00e9s se sont rassembl\u00e9s pour rendre hommage \u00e0 Christian Barbandi\u00e8re, figure g\u00e9n\u00e9reuse et impliqu\u00e9e dans la vie locale.","og_url":"https:\/\/chateau-miglos.fr\/wordpress-test\/2024\/09\/24\/adieu-emouvant-a-christian-barbandiere-a-leglise-darquizat\/","og_site_name":"Ch\u00e2teau de Miglos","article_publisher":"https:\/\/www.facebook.com\/chateaudemiglos\/","article_published_time":"2024-09-24T20:29:03+00:00","article_modified_time":"2024-10-24T20:59:09+00:00","og_image":[{"width":1000,"height":522,"url":"https:\/\/chateau-miglos.fr\/wordpress-test\/wp-content\/uploads\/2024\/09\/avant-reseau-christian.png","type":"image\/png"}],"author":"AACM","twitter_card":"summary_large_image","twitter_title":"Adieu \u00e9mouvant \u00e0 Christian Barbandi\u00e8re \u00e0 l\u2019\u00e9glise d\u2019Arquizat","twitter_description":"Les habitants d\u2019Arquizat et de nombreuses personnalit\u00e9s se sont rassembl\u00e9s pour rendre hommage \u00e0 Christian Barbandi\u00e8re, figure g\u00e9n\u00e9reuse et impliqu\u00e9e dans la vie locale.","twitter_image":"https:\/\/chateau-miglos.fr\/wordpress-test\/wp-content\/uploads\/2024\/09\/avant-reseau-christian.png","twitter_misc":{"\u00c9crit par":"AACM","Dur\u00e9e de lecture estim\u00e9e":"2 minutes"},"schema":{"@context":"https:\/\/schema.org","@graph":[{"@type":"Article","@id":"https:\/\/chateau-miglos.fr\/wordpress-test\/2024\/09\/24\/adieu-emouvant-a-christian-barbandiere-a-leglise-darquizat\/#article","isPartOf":{"@id":"https:\/\/chateau-miglos.fr\/wordpress-test\/2024\/09\/24\/adieu-emouvant-a-christian-barbandiere-a-leglise-darquizat\/"},"author":{"name":"AACM","@id":"https:\/\/chateau-miglos.fr\/wordpress-test\/#\/schema\/person\/c7c9d611967a7bba7db9f7d72154455e"},"headline":"Adieu \u00e9mouvant \u00e0 Christian Barbandi\u00e8re \u00e0 l\u2019\u00e9glise d\u2019Arquizat","datePublished":"2024-09-24T20:29:03+00:00","dateModified":"2024-10-24T20:59:09+00:00","mainEntityOfPage":{"@id":"https:\/\/chateau-miglos.fr\/wordpress-test\/2024\/09\/24\/adieu-emouvant-a-christian-barbandiere-a-leglise-darquizat\/"},"wordCount":341,"publisher":{"@id":"https:\/\/chateau-miglos.fr\/wordpress-test\/#organization"},"image":{"@id":"https:\/\/chateau-miglos.fr\/wordpress-test\/2024\/09\/24\/adieu-emouvant-a-christian-barbandiere-a-leglise-darquizat\/#primaryimage"},"thumbnailUrl":"https:\/\/chateau-miglos.fr\/wordpress-test\/wp-content\/uploads\/2024\/09\/avant-christian.png","articleSection":["Actualit\u00e9s","Revue de presse"],"inLanguage":"fr-FR"},{"@type":"WebPage","@id":"https:\/\/chateau-miglos.fr\/wordpress-test\/2024\/09\/24\/adieu-emouvant-a-christian-barbandiere-a-leglise-darquizat\/","url":"https:\/\/chateau-miglos.fr\/wordpress-test\/2024\/09\/24\/adieu-emouvant-a-christian-barbandiere-a-leglise-darquizat\/","name":"Adieu \u00e9mouvant \u00e0 Christian Barbandi\u00e8re \u00e0 l\u2019\u00e9glise d\u2019Arquizat - Ch\u00e2teau de Miglos","isPartOf":{"@id":"https:\/\/chateau-miglos.fr\/wordpress-test\/#website"},"primaryImageOfPage":{"@id":"https:\/\/chateau-miglos.fr\/wordpress-test\/2024\/09\/24\/adieu-emouvant-a-christian-barbandiere-a-leglise-darquizat\/#primaryimage"},"image":{"@id":"https:\/\/chateau-miglos.fr\/wordpress-test\/2024\/09\/24\/adieu-emouvant-a-christian-barbandiere-a-leglise-darquizat\/#primaryimage"},"thumbnailUrl":"https:\/\/chateau-miglos.fr\/wordpress-test\/wp-content\/uploads\/2024\/09\/avant-christian.png","datePublished":"2024-09-24T20:29:03+00:00","dateModified":"2024-10-24T20:59:09+00:00","description":"Les habitants d\u2019Arquizat et de nombreuses personnalit\u00e9s se sont rassembl\u00e9s pour rendre hommage \u00e0 Christian Barbandi\u00e8re, figure g\u00e9n\u00e9reuse et impliqu\u00e9e dans la vie locale.","breadcrumb":{"@id":"https:\/\/chateau-miglos.fr\/wordpress-test\/2024\/09\/24\/adieu-emouvant-a-christian-barbandiere-a-leglise-darquizat\/#breadcrumb"},"inLanguage":"fr-FR","potentialAction":[{"@type":"ReadAction","target":["https:\/\/chateau-miglos.fr\/wordpress-test\/2024\/09\/24\/adieu-emouvant-a-christian-barbandiere-a-leglise-darquizat\/"]}]},{"@type":"ImageObject","inLanguage":"fr-FR","@id":"https:\/\/chateau-miglos.fr\/wordpress-test\/2024\/09\/24\/adieu-emouvant-a-christian-barbandiere-a-leglise-darquizat\/#primaryimage","url":"https:\/\/chateau-miglos.fr\/wordpress-test\/wp-content\/uploads\/2024\/09\/avant-christian.png","contentUrl":"https:\/\/chateau-miglos.fr\/wordpress-test\/wp-content\/uploads\/2024\/09\/avant-christian.png","width":300,"height":150},{"@type":"BreadcrumbList","@id":"https:\/\/chateau-miglos.fr\/wordpress-test\/2024\/09\/24\/adieu-emouvant-a-christian-barbandiere-a-leglise-darquizat\/#breadcrumb","itemListElement":[{"@type":"ListItem","position":1,"name":"Accueil","item":"https:\/\/chateau-miglos.fr\/wordpress-test\/"},{"@type":"ListItem","position":2,"name":"Adieu \u00e9mouvant \u00e0 Christian Barbandi\u00e8re \u00e0 l\u2019\u00e9glise d\u2019Arquizat"}]},{"@type":"WebSite","@id":"https:\/\/chateau-miglos.fr\/wordpress-test\/#website","url":"https:\/\/chateau-miglos.fr\/wordpress-test\/","name":"Ch\u00e2teau de Miglos","description":"une ch\u00e2teau, une vall\u00e9e","publisher":{"@id":"https:\/\/chateau-miglos.fr\/wordpress-test\/#organization"},"potentialAction":[{"@type":"SearchAction","target":{"@type":"EntryPoint","urlTemplate":"https:\/\/chateau-miglos.fr\/wordpress-test\/?s={search_term_string}"},"query-input":"required name=search_term_string"}],"inLanguage":"fr-FR"},{"@type":"Organization","@id":"https:\/\/chateau-miglos.fr\/wordpress-test\/#organization","name":"Ch\u00e2teau de Miglos","url":"https:\/\/chateau-miglos.fr\/wordpress-test\/","logo":{"@type":"ImageObject","inLanguage":"fr-FR","@id":"https:\/\/chateau-miglos.fr\/wordpress-test\/#\/schema\/logo\/image\/","url":"https:\/\/chateau-miglos.fr\/wordpress-test\/wp-content\/uploads\/2019\/06\/seul.png","contentUrl":"https:\/\/chateau-miglos.fr\/wordpress-test\/wp-content\/uploads\/2019\/06\/seul.png","width":801,"height":705,"caption":"Ch\u00e2teau de Miglos"},"image":{"@id":"https:\/\/chateau-miglos.fr\/wordpress-test\/#\/schema\/logo\/image\/"},"sameAs":["https:\/\/www.facebook.com\/chateaudemiglos\/","https:\/\/www.instagram.com\/chateaudemiglos\/","https:\/\/www.youtube.com\/channel\/UC70FrOmo9xvq8eHCA4YTs9A","https:\/\/fr.wikipedia.org\/wiki\/Ch\u00e2teau_de_Miglos"]},{"@type":"Person","@id":"https:\/\/chateau-miglos.fr\/wordpress-test\/#\/schema\/person\/c7c9d611967a7bba7db9f7d72154455e","name":"AACM","image":{"@type":"ImageObject","inLanguage":"fr-FR","@id":"https:\/\/chateau-miglos.fr\/wordpress-test\/#\/schema\/person\/image\/","url":"https:\/\/secure.gravatar.com\/avatar\/b704daf4c3f56428875cf047b8f9eb25?s=96&d=mm&r=g","contentUrl":"https:\/\/secure.gravatar.com\/avatar\/b704daf4c3f56428875cf047b8f9eb25?s=96&d=mm&r=g","caption":"AACM"}}]}},"jetpack_featured_media_url":"https:\/\/chateau-miglos.fr\/wordpress-test\/wp-content\/uploads\/2024\/09\/avant-christian.png","rttpg_featured_image_url":{"full":["https:\/\/chateau-miglos.fr\/wordpress-test\/wp-content\/uploads\/2024\/09\/avant-christian.png",300,150,false],"landscape":["https:\/\/chateau-miglos.fr\/wordpress-test\/wp-content\/uploads\/2024\/09\/avant-christian.png",300,150,false],"portraits":["https:\/\/chateau-miglos.fr\/wordpress-test\/wp-content\/uploads\/2024\/09\/avant-christian.png",300,150,false],"thumbnail":["https:\/\/chateau-miglos.fr\/wordpress-test\/wp-content\/uploads\/2024\/09\/avant-christian-150x150.png",150,150,true],"medium":["https:\/\/chateau-miglos.fr\/wordpress-test\/wp-content\/uploads\/2024\/09\/avant-christian.png",300,150,false],"large":["https:\/\/chateau-miglos.fr\/wordpress-test\/wp-content\/uploads\/2024\/09\/avant-christian.png",300,150,false],"1536x1536":["https:\/\/chateau-miglos.fr\/wordpress-test\/wp-content\/uploads\/2024\/09\/avant-christian.png",300,150,false],"2048x2048":["https:\/\/chateau-miglos.fr\/wordpress-test\/wp-content\/uploads\/2024\/09\/avant-christian.png",300,150,false],"onepress-blog-small":["https:\/\/chateau-miglos.fr\/wordpress-test\/wp-content\/uploads\/2024\/09\/avant-christian.png",300,150,false],"onepress-small":["https:\/\/chateau-miglos.fr\/wordpress-test\/wp-content\/uploads\/2024\/09\/avant-christian.png",300,150,false],"onepress-medium":["https:\/\/chateau-miglos.fr\/wordpress-test\/wp-content\/uploads\/2024\/09\/avant-christian.png",300,150,false],"sow-carousel-default":["https:\/\/chateau-miglos.fr\/wordpress-test\/wp-content\/uploads\/2024\/09\/avant-christian-272x150.png",272,150,true]},"rttpg_author":{"display_name":"AACM","author_link":"https:\/\/chateau-miglos.fr\/wordpress-test\/author\/aacm\/"},"rttpg_comment":0,"rttpg_category":"<a href=\"https:\/\/chateau-miglos.fr\/wordpress-test\/category\/actualites\/\" rel=\"category tag\">Actualit\u00e9s<\/a> <a href=\"https:\/\/chateau-miglos.fr\/wordpress-test\/category\/presse\/\" rel=\"category tag\">Revue de presse<\/a>","rttpg_excerpt":"Les habitants d\u2019Arquizat et de nombreuses personnalit\u00e9s se sont rassembl\u00e9s pour rendre hommage \u00e0 Christian Barbandi\u00e8re, figure g\u00e9n\u00e9reuse et impliqu\u00e9e dans la vie locale. C\u2019\u00e9tait par une douce journ\u00e9e automnale ...","_links":{"self":[{"href":"https:\/\/chateau-miglos.fr\/wordpress-test\/wp-json\/wp\/v2\/posts\/10161"}],"collection":[{"href":"https:\/\/chateau-miglos.fr\/wordpress-test\/wp-json\/wp\/v2\/posts"}],"about":[{"href":"https:\/\/chateau-miglos.fr\/wordpress-test\/wp-json\/wp\/v2\/types\/post"}],"author":[{"embeddable":true,"href":"https:\/\/chateau-miglos.fr\/wordpress-test\/wp-json\/wp\/v2\/users\/2"}],"replies":[{"embeddable":true,"href":"https:\/\/chateau-miglos.fr\/wordpress-test\/wp-json\/wp\/v2\/comments?post=10161"}],"version-history":[{"count":1,"href":"https:\/\/chateau-miglos.fr\/wordpress-test\/wp-json\/wp\/v2\/posts\/10161\/revisions"}],"predecessor-version":[{"id":10163,"href":"https:\/\/chateau-miglos.fr\/wordpress-test\/wp-json\/wp\/v2\/posts\/10161\/revisions\/10163"}],"wp:featuredmedia":[{"embeddable":true,"href":"https:\/\/chateau-miglos.fr\/wordpress-test\/wp-json\/wp\/v2\/media\/10165"}],"wp:attachment":[{"href":"https:\/\/chateau-miglos.fr\/wordpress-test\/wp-json\/wp\/v2\/media?parent=10161"}],"wp:term":[{"taxonomy":"category","embeddable":true,"href":"https:\/\/chateau-miglos.fr\/wordpress-test\/wp-json\/wp\/v2\/categories?post=10161"},{"taxonomy":"post_tag","embeddable":true,"href":"https:\/\/chateau-miglos.fr\/wordpress-test\/wp-json\/wp\/v2\/tags?post=10161"}],"curies":[{"name":"wp","href":"https:\/\/api.w.org\/{rel}","templated":true}]}}